{"id":5437,"date":"2012-11-14T17:00:28","date_gmt":"2012-11-14T20:00:28","guid":{"rendered":"http:\/\/www.24baires.com\/?p=5437"},"modified":"2012-11-15T10:35:25","modified_gmt":"2012-11-15T13:35:25","slug":"para-bartolome-mitre-vivimos-en-una-dictadura-de-los-votos","status":"publish","type":"post","link":"https:\/\/www.24baires.com\/?p=5437","title":{"rendered":"Para Bartolom\u00e9 Mitre \u00abVivimos en una dictadura de los votos\u00bb"},"content":{"rendered":"<p>Asi lo afirm\u00f3, el director del diario \u00abLa Naci\u00f3n, tribuna de dotrina\u00bb quien adem\u00e1s habl\u00f3 del \u00ab7D\u00bb, el \u00abGobierno Nacional\u00bb y la Ley de Medios. Fue en una entrevista con la <a href=\"http:\/\/veja.abril.com.br\/blog\/ricardo-setti\/vasto-mundo\/argentina-bartolome-mitre-dono-do-jornal-independente-la-nacion-vivemos-uma-ditadura-com-votos-a-argentina-esta-imitando-a-venezuela\/\" target=\"_blank\">revista Veja<\/a> de Brasil. \u00ab<strong>Hay una clase baja que no se informa, no escucha, no toma conciencia y sigue a la Presidenta<\/strong>. Cuanto menos cultura hay, Cristina obtiene m\u00e1s votos\u00bb se\u00f1al\u00f3 el socio de Magnetto en Papel Prensa.<!--more--><\/p>\n<p>Bartolom\u00e9 Mitre dio su enfoque sobre el gobierno de Cristina Fern\u00e1ndez de Kirchner. Un dato para nada menor si se toma en cuenta que es el director de \u00abLA NACION\u00bb uno de los diarios mas importantes de Argentina que informa a gran parte de la sociedad sobre los hechos que se suponen mas relevantes de la realidad.<\/p>\n<p>\u00abAlrededor del 80% de los canales de TV, peri\u00f3dicos y radios ya est\u00e1n bajo control del Gobierno\u00bb, asegur\u00f3 Mitre y arremeti\u00f3 contra la gesti\u00f3n de Cristina al decir que \u00abla limitaci\u00f3n de la libertad de prensa en nuestro pa\u00eds afecta a todos. La libertad de Clar\u00edn es la libertad de toda la prensa argentina\u00bb.<\/p>\n<p>\u00abTampoco creo que Clar\u00edn tenga demasiado poder\u00bb, minimiz\u00f3 el alcance del multimedio.<\/p>\n<p>Pero la victimizaci\u00f3n tambi\u00e9n form\u00f3 parte de su estrategia discursiva. \u00abSi los tres poderes funcionaran en su totalidad no habr\u00eda raz\u00f3n para que el Ejecutivo ataque directamente a los periodistas. El Legislativo y el Judicial se encargar\u00edan de posibles excesos. Tenemos derecho de sentirnos ofendidos y preocupados. Todo esto es muy grave. Estamos a la espera de una audiencia de la Comisi\u00f3n de Derechos Humanos de la Organizaci\u00f3n de los Estados Americanos (OEA) para saber c\u00f3mo los abogados internacionales se posicionar\u00e1n en relaci\u00f3n a los ataques\u00bb dijo, seg\u00fan cuenra \u00abDiario Registrado\u00bb.<\/p>\n<p><strong>Peronismo, kirchnerismo y otras yerbas<\/strong><\/p>\n<p>\u00abLa verdad es que este gobierno no es realmente peronista. El peronismo aut\u00e9ntico es el inspirado en Juan Domingo Per\u00f3n, donde las masas siguen a su l\u00edder querido. La figura de Per\u00f3n desapareci\u00f3 del actual gobierno. Cristina habla como si fuera la mujer de Per\u00f3n, Evita Per\u00f3n. No entiendo muy bien la mente de Cristina, pero est\u00e1 claro que con esto ella busca apoyo popular. El Kirchnerismo es pr\u00e1cticamente un partido aparte. Sus pol\u00edticas, llamadas por los partidarios el modelo son una versi\u00f3n espantosa del populismo, que abarca tanto a la derecha como a la izquierda. Pero no hay muchos argentinos felices con este modelo\u00bb opin\u00f3.<\/p>\n<p>Y continu\u00f3 \u00abalgunas personas en el pa\u00eds pueden viajar y comprar d\u00f3lares, mientras que otros no tienen nada y no pueden salir del pa\u00eds en vacaciones. Adem\u00e1s, las m\u00faltiples t\u00e1cticas para silenciar a los opositores casi termin\u00f3 con la disidencia pol\u00edtica. Esencialmente vivimos en una dictadura de los votos. Es la peor de todas. Argentina est\u00e1 imitando a Venezuela\u00bb.<\/p>\n<p>Justamente una de las visiones de la oposici\u00f3n es hacer un paralelismo negativo con el gobierno de Hugo Ch\u00e1vez en Venezuela. As\u00ed lo ve Mitre: \u00abHugo Ch\u00e1vez y esa mujer ganaron las elecciones presidenciales del pasado con el mismo porcentaje de votos, un 54%. Ese es origen del poder de ambos, por lo que es leg\u00edtimo. Sin embargo, las constituciones y las leyes se violan y son alteradas sin escr\u00fapulos en sus mandatos. Hace algunos a\u00f1os, se dijo que lo ocurrido en Venezuela un d\u00eda se repetir\u00eda en Argentina. La predicci\u00f3n fue confirmada. Si bien Cristina no es tan carism\u00e1tica Ch\u00e1vez, la pol\u00edtica es la misma\u00bb.<\/p>\n<p>El director de uno de los diarios mas importantes de Argentina tambi\u00e9n analiz\u00f3 el mapa pol\u00edtico de aqu\u00ed en adelante. \u00abLa mayor chance es que surja un candidato dentro del peronismo en 2015 para confrontar al kirchnerismo\u00bb dijo y agreg\u00f3 \u00aben los \u00faltimos meses quien se considera peronista aut\u00e9ntico comenz\u00f3 a alejarse gradualmente de Cristina. Algunos ahora dicen que est\u00e1n totalmente en contra de la Presidente y la acusan de no ser peronista. El sucesor de Cristina, por lo tanto, debe venir de otra corriente peronista actual, un poco m\u00e1s abierta, m\u00e1s de centro. No veo otra opci\u00f3n\u00bb.<\/p>\n<p>Pero Mitre fue mas all\u00e1. Se anim\u00f3 a catalogar a las clases bajas de desinformadas y sin conciencia y crey\u00f3 que esa es la base de los votos del Frente para la Victoria. \u00abArgentina no es m\u00e1s un pa\u00eds culto. Nada se ha hecho por la educaci\u00f3n \u00faltimamente. Siempre fue del gusto de los dictadores alejar a las personas del acceso a la informaci\u00f3n y el esp\u00edritu cr\u00edtico. Con eso, ellos ganan m\u00e1s votos y se perpet\u00faan en el poder. Hay una elite de este pa\u00eds que piensa de una manera y una clase baja que no se informa, no escucha, no toma conciencia y sigue a la Presidenta. Cuanto menos cultura hay, Cristina obtiene m\u00e1s votos\u00bb expres\u00f3.<\/p>\n<p>&nbsp;<\/p>\n<p>&nbsp;<\/p>\n<p>&nbsp;<\/p>\n<p>&nbsp;<\/p>\n<p>&nbsp;<\/p>\n<p>&nbsp;<\/p>\n<p>&nbsp;<\/p>\n<p>&nbsp;<\/p>\n<p>&nbsp;<\/p>\n","protected":false},"excerpt":{"rendered":"<p>Asi lo afirm\u00f3, el director del diario \u00abLa Naci\u00f3n, tribuna de dotrina\u00bb quien adem\u00e1s habl\u00f3 del \u00ab7D\u00bb, el \u00abGobierno Nacional\u00bb y la Ley de Medios. Fue en una entrevista con la revista Veja de Brasil. \u00abHay una clase baja que no se informa, no escucha, no toma conciencia y sigue a la Presidenta. Cuanto menos cultura hay, Cristina obtiene m\u00e1s [&#8230;]<\/p>\n","protected":false},"author":11,"featured_media":0,"comment_status":"open","ping_status":"open","sticky":false,"template":"","format":"standard","meta":{"_jetpack_newsletter_access":"","_jetpack_dont_email_post_to_subs":false,"_jetpack_newsletter_tier_id":0,"_jetpack_memberships_contains_paywalled_content":false,"_jetpack_memberships_contains_paid_content":false,"footnotes":""},"categories":[54],"tags":[],"class_list":["post-5437","post","type-post","status-publish","format-standard","hentry","category-medios"],"jetpack_featured_media_url":"","jetpack_shortlink":"https:\/\/wp.me\/p2JWE0-1pH","jetpack-related-posts":[{"id":94746,"url":"https:\/\/www.24baires.com\/?p=94746","url_meta":{"origin":5437,"position":0},"title":"Papel Prensa: la justicia confirm\u00f3 el sobreseimiento de Magnetto","author":"GB","date":"24\/05\/2017","format":false,"excerpt":"Adem\u00e1s del CEO del Grupo Clar\u00edn, fueron beneficiados Ernestina Herrera de Noble y el due\u00f1o del diario La Naci\u00f3n, Bartolom\u00e9 Mitre. Para los jueces Ballestero y Bruglia la venta de la empresa no estuvo involucrada con delitos de lesa humanidad. La Sala I de la C\u00e1mara Federal confirm\u00f3 el sobreseimiento\u2026","rel":"","context":"En \u00abMedios\u00bb","block_context":{"text":"Medios","link":"https:\/\/www.24baires.com\/?cat=54"},"img":{"alt_text":"","src":"https:\/\/i0.wp.com\/www.24baires.com\/wp-content\/uploads\/2013\/12\/magnetto-y-colorado.jpg?resize=350%2C200","width":350,"height":200,"srcset":"https:\/\/i0.wp.com\/www.24baires.com\/wp-content\/uploads\/2013\/12\/magnetto-y-colorado.jpg?resize=350%2C200 1x, https:\/\/i0.wp.com\/www.24baires.com\/wp-content\/uploads\/2013\/12\/magnetto-y-colorado.jpg?resize=525%2C300 1.5x"},"classes":[]},{"id":75472,"url":"https:\/\/www.24baires.com\/?p=75472","url_meta":{"origin":5437,"position":1},"title":"Pol\u00e9mico editorial de La Naci\u00f3n reclamando la libertad de genocidas","author":"AF","date":"23\/11\/2015","format":false,"excerpt":"El diario que dirige Bartolom\u00e9 Mitre sostuvo en su editorial de hoy que \"es hora de poner las cosas en su lugar\" y \"las ansias de venganza deben quedar sepultadas de una vez para siempre\". Adem\u00e1s, calific\u00f3 de \"verg\u00fcenza nacional\" la situaci\u00f3n de los detenidos por delitos de lesa humanidad.\u2026","rel":"","context":"En \u00abMedios\u00bb","block_context":{"text":"Medios","link":"https:\/\/www.24baires.com\/?cat=54"},"img":{"alt_text":"","src":"","width":0,"height":0},"classes":[]},{"id":44606,"url":"https:\/\/www.24baires.com\/?p=44606","url_meta":{"origin":5437,"position":2},"title":"Papel Prensa: piden acusar por extorsi\u00f3n a Magnetto, Mitre y Herrera de Noble","author":"AF","date":"24\/04\/2014","format":false,"excerpt":"Lo solicitaron la Procuradur\u00eda de Lesa Humanidad y la Unidad de Asistencia para causas de Derechos Humanos al fiscal a cargo de la causa que investiga la supuesta apropiaci\u00f3n de la empresa Papel Prensa. Pidieron que los empresarios H\u00e9ctor Magnetto, Bartolom\u00e9 Mitre y Ernestina Herrera de Noble por presunta \"extorsi\u00f3n\"\u2026","rel":"","context":"En \u00abMedios\u00bb","block_context":{"text":"Medios","link":"https:\/\/www.24baires.com\/?cat=54"},"img":{"alt_text":"magnetto mitre herrera de noble","src":"https:\/\/i0.wp.com\/www.24baires.com\/wp-content\/uploads\/2014\/04\/magnetto-mitre-herrera-de-noble.jpg?resize=350%2C200","width":350,"height":200,"srcset":"https:\/\/i0.wp.com\/www.24baires.com\/wp-content\/uploads\/2014\/04\/magnetto-mitre-herrera-de-noble.jpg?resize=350%2C200 1x, https:\/\/i0.wp.com\/www.24baires.com\/wp-content\/uploads\/2014\/04\/magnetto-mitre-herrera-de-noble.jpg?resize=525%2C300 1.5x"},"classes":[]},{"id":90835,"url":"https:\/\/www.24baires.com\/?p=90835","url_meta":{"origin":5437,"position":3},"title":"Sobreseyeron a Magnetto, Mitre y Herrera de Noble por Papel Prensa","author":"GB","date":"16\/12\/2016","format":false,"excerpt":"El magistrado dej\u00f3 sin efecto la denuncia que pesaba sobre los due\u00f1os de Clar\u00edn y La Naci\u00f3n en la causa donde se investiga la venta de la compa\u00f1\u00eda. El juez federal Juli\u00e1n Ercolini sobresey\u00f3 hoy a los empresarios de H\u00e9ctor Magnetto, Bartolom\u00e9 Mitre, Ernestina Herrera de Noble, Raymundo Podest\u00e1 y\u2026","rel":"","context":"En \u00abMedios\u00bb","block_context":{"text":"Medios","link":"https:\/\/www.24baires.com\/?cat=54"},"img":{"alt_text":"","src":"https:\/\/i0.wp.com\/www.24baires.com\/wp-content\/uploads\/2015\/04\/mitre-magnetto.jpg?resize=350%2C200","width":350,"height":200,"srcset":"https:\/\/i0.wp.com\/www.24baires.com\/wp-content\/uploads\/2015\/04\/mitre-magnetto.jpg?resize=350%2C200 1x, https:\/\/i0.wp.com\/www.24baires.com\/wp-content\/uploads\/2015\/04\/mitre-magnetto.jpg?resize=525%2C300 1.5x"},"classes":[]},{"id":84661,"url":"https:\/\/www.24baires.com\/?p=84661","url_meta":{"origin":5437,"position":4},"title":"Renunci\u00f3 Lop\u00e9rfido","author":"GB","date":"06\/07\/2016","format":false,"excerpt":"Fuentes de su entorno confirmaron la salida del ministro de Cultura. Fue tras los escraches que recibi\u00f3, la pol\u00e9mica de los desaparecidos y el rechazo entre los artistas. Tras los cuestionamientos por su gesti\u00f3n, la pol\u00e9mica por la cifra de los desaparecidos y el rechazo de los artistas, renunci\u00f3 el\u2026","rel":"","context":"En \u00abPol\u00edtica\u00bb","block_context":{"text":"Pol\u00edtica","link":"https:\/\/www.24baires.com\/?cat=51"},"img":{"alt_text":"loperfilo1","src":"https:\/\/i0.wp.com\/www.24baires.com\/wp-content\/uploads\/2016\/02\/loperfilo1.jpg?resize=350%2C200","width":350,"height":200,"srcset":"https:\/\/i0.wp.com\/www.24baires.com\/wp-content\/uploads\/2016\/02\/loperfilo1.jpg?resize=350%2C200 1x, https:\/\/i0.wp.com\/www.24baires.com\/wp-content\/uploads\/2016\/02\/loperfilo1.jpg?resize=525%2C300 1.5x"},"classes":[]},{"id":58028,"url":"https:\/\/www.24baires.com\/?p=58028","url_meta":{"origin":5437,"position":5},"title":"La calle de Croma\u00f1\u00f3n, ser\u00e1 la Peatonal de las Almas","author":"Grupo Sierra","date":"02\/12\/2014","format":false,"excerpt":"Las obras se llevan a cabo en Bartolom\u00e9 Mitre entre Ecuador y Jean Jaures. All\u00ed se emplazar\u00e1 un paseo recordatorio. En la tragedia murieron 194 personas. Como parte de los actos conmemorativos al cumplirse 10 a\u00f1os de la tragedia de Croma\u00f1\u00f2n, el gobierno de la Ciudad de Buenos Aires avanza\u2026","rel":"","context":"En \u00abSociedad\u00bb","block_context":{"text":"Sociedad","link":"https:\/\/www.24baires.com\/?cat=1"},"img":{"alt_text":"croma\u00f1on","src":"https:\/\/i0.wp.com\/www.24baires.com\/wp-content\/uploads\/2012\/12\/croma%C3%B1on.jpg?resize=350%2C200","width":350,"height":200},"classes":[]}],"jetpack_sharing_enabled":true,"jetpack_likes_enabled":true,"_links":{"self":[{"href":"https:\/\/www.24baires.com\/index.php?rest_route=\/wp\/v2\/posts\/5437","targetHints":{"allow":["GET"]}}],"collection":[{"href":"https:\/\/www.24baires.com\/index.php?rest_route=\/wp\/v2\/posts"}],"about":[{"href":"https:\/\/www.24baires.com\/index.php?rest_route=\/wp\/v2\/types\/post"}],"author":[{"embeddable":true,"href":"https:\/\/www.24baires.com\/index.php?rest_route=\/wp\/v2\/users\/11"}],"replies":[{"embeddable":true,"href":"https:\/\/www.24baires.com\/index.php?rest_route=%2Fwp%2Fv2%2Fcomments&post=5437"}],"version-history":[{"count":3,"href":"https:\/\/www.24baires.com\/index.php?rest_route=\/wp\/v2\/posts\/5437\/revisions"}],"predecessor-version":[{"id":5439,"href":"https:\/\/www.24baires.com\/index.php?rest_route=\/wp\/v2\/posts\/5437\/revisions\/5439"}],"wp:attachment":[{"href":"https:\/\/www.24baires.com\/index.php?rest_route=%2Fwp%2Fv2%2Fmedia&parent=5437"}],"wp:term":[{"taxonomy":"category","embeddable":true,"href":"https:\/\/www.24baires.com\/index.php?rest_route=%2Fwp%2Fv2%2Fcategories&post=5437"},{"taxonomy":"post_tag","embeddable":true,"href":"https:\/\/www.24baires.com\/index.php?rest_route=%2Fwp%2Fv2%2Ftags&post=5437"}],"curies":[{"name":"wp","href":"https:\/\/api.w.org\/{rel}","templated":true}]}}