{"id":5432,"date":"2012-11-14T17:41:58","date_gmt":"2012-11-14T20:41:58","guid":{"rendered":"http:\/\/www.24baires.com\/?p=5432"},"modified":"2012-11-14T17:41:58","modified_gmt":"2012-11-14T20:41:58","slug":"cynthia-ottaviano-es-la-nueva-defensora-del-publico-que-establece-la-ley-de-medios","status":"publish","type":"post","link":"https:\/\/www.24baires.com\/?p=5432","title":{"rendered":"Cynthia Ottaviano es la nueva Defensora del P\u00fablico que establece la Ley de Medios"},"content":{"rendered":"<p>Tal como lo establece la Ley de Medios y casi sin apoyo opositor, el Frente para la Victoria en el Senado de la Naci\u00f3n, aval\u00f3 el cargo que debe ocupar la periodista Cynthia Ottaviano con 39 adhesiones y 22 rechazos. Ottaviano\u00a0recibi\u00f3 m\u00e1s de 800 adhesiones y <strong>s\u00f3lo una impugnaci\u00f3n por parte del Grupo Clar\u00edn.<\/strong><!--more--><\/p>\n<p>Con 39 apoyos y 22 rechazos, la C\u00e1mara alta aprob\u00f3 sobre tablas la designaci\u00f3n de Cynthia Ottaviano como la Defensora del P\u00fablico tal como lo estipula la Ley de Servicios de Comunicaci\u00f3n Audiovisual. Su pliego hab\u00eda sido aprobado por la Comisi\u00f3n Bicameral Permanente de Promoci\u00f3n y Seguimiento de la Comunicaci\u00f3n Audiovisual, a cargo del diputado Agust\u00edn Rossi.<\/p>\n<p>Desde la oposici\u00f3n, manifestaron su rechazo el radicalismo, el peronismo disidente y el FAP por la presunta vinculaci\u00f3n de Ottaviano con el poder oficial. La senadora Laura Montero puso en duda el mecanismo de designaci\u00f3n y asegur\u00f3 que \u201cno es ninguna garant\u00eda de neutralidad\u201d.<\/p>\n<p>En la misma sinton\u00eda se expres\u00f3 la senadora Norma Morandini (FAP), quien asegur\u00f3 no tener \u201cnada en contra de la propuesta pero s\u00ed de la funci\u00f3n a ejercer\u201d. Por su parte, en representaci\u00f3n del peronismo disidente, el puntano Adolfo Rodr\u00edguez Sa\u00e1 ya que \u201cno se cumple con la pluralidad de voces\u201d.<\/p>\n<p>Cabe se\u00f1alar que la postulada recibi\u00f3 800 adhesiones y s\u00f3lo una impugnaci\u00f3n por parte del Grupo Clar\u00edn. El multimedios consider\u00f3 que Ottaviano \u201ccarece de idoneidad\u201d para ejercer el cargo y la acusa de una \u201cdiscriminaci\u00f3n ideol\u00f3gica\u201d por las expresiones cr\u00edticas de la reportera al monopolio medi\u00e1tico y por trabajar para Radio Nacional y Tiempo Argentino. Sin embargo, la periodista renunci\u00f3 a ambos cargos el 17 de octubre.<\/p>\n<p>&nbsp;<\/p>\n","protected":false},"excerpt":{"rendered":"<p>Tal como lo establece la Ley de Medios y casi sin apoyo opositor, el Frente para la Victoria en el Senado de la Naci\u00f3n, aval\u00f3 el cargo que debe ocupar la periodista Cynthia Ottaviano con 39 adhesiones y 22 rechazos. Ottaviano\u00a0recibi\u00f3 m\u00e1s de 800 adhesiones y s\u00f3lo una impugnaci\u00f3n por parte del Grupo Clar\u00edn.<\/p>\n","protected":false},"author":11,"featured_media":0,"comment_status":"open","ping_status":"open","sticky":false,"template":"","format":"standard","meta":{"_jetpack_newsletter_access":"","_jetpack_dont_email_post_to_subs":false,"_jetpack_newsletter_tier_id":0,"_jetpack_memberships_contains_paywalled_content":false,"_jetpack_memberships_contains_paid_content":false,"footnotes":""},"categories":[54],"tags":[],"class_list":["post-5432","post","type-post","status-publish","format-standard","hentry","category-medios"],"jetpack_featured_media_url":"","jetpack_shortlink":"https:\/\/wp.me\/p2JWE0-1pC","jetpack-related-posts":[{"id":21611,"url":"https:\/\/www.24baires.com\/?p=21611","url_meta":{"origin":5432,"position":0},"title":"Ottaviano inst\u00f3 a grandes grupos econ\u00f3micos a respetar la Ley de Medios","author":"AF","date":"22\/04\/2013","format":false,"excerpt":"La periodista Cynthia Ottaviano present\u00f3 el pasado jueves a la Defensor\u00eda del P\u00fablico en la Canciller\u00eda argentina. Invitada por el Consejo Consultivo de la Sociedad Civil, en un encuentro llevado a cabo en el marco de organizaci\u00f3n de la participaci\u00f3n argentina en la pr\u00f3xima cumbre social que se realizar\u00e1 a\u2026","rel":"","context":"En \u00abMedios\u00bb","block_context":{"text":"Medios","link":"https:\/\/www.24baires.com\/?cat=54"},"img":{"alt_text":"ottaviano","src":"https:\/\/i0.wp.com\/www.24baires.com\/wp-content\/uploads\/2013\/04\/ottaviano.jpg?resize=350%2C200","width":350,"height":200,"srcset":"https:\/\/i0.wp.com\/www.24baires.com\/wp-content\/uploads\/2013\/04\/ottaviano.jpg?resize=350%2C200 1x, https:\/\/i0.wp.com\/www.24baires.com\/wp-content\/uploads\/2013\/04\/ottaviano.jpg?resize=525%2C300 1.5x"},"classes":[]},{"id":10694,"url":"https:\/\/www.24baires.com\/?p=10694","url_meta":{"origin":5432,"position":1},"title":"Cynthia Ottaviano tuvo que salir a desmentir como es habitual una columna de La Naci\u00f3n","author":"Grupo Sierra","date":"28\/12\/2012","format":false,"excerpt":"Ante inexactitudes publicadas por el diario La Naci\u00f3n, la Defensor\u00eda del P\u00fablico establecida por la Ley de Servicios de Comunicaci\u00f3n Audiovisual, cuya titular es\u00a0Cynthia Ottaviano,\u00a0debi\u00f3 salir a aclarar a trav\u00e9s de un comunicado - una vez m\u00e1s- que lo publicado por ese medio como es habitual no es verdadero. El\u2026","rel":"","context":"En \u00abMedios\u00bb","block_context":{"text":"Medios","link":"https:\/\/www.24baires.com\/?cat=54"},"img":{"alt_text":"Ottaviano Cynthia","src":"https:\/\/i0.wp.com\/www.24baires.com\/wp-content\/uploads\/2012\/12\/Ottaviano-Cynthia.jpg?resize=350%2C200","width":350,"height":200,"srcset":"https:\/\/i0.wp.com\/www.24baires.com\/wp-content\/uploads\/2012\/12\/Ottaviano-Cynthia.jpg?resize=350%2C200 1x, https:\/\/i0.wp.com\/www.24baires.com\/wp-content\/uploads\/2012\/12\/Ottaviano-Cynthia.jpg?resize=525%2C300 1.5x"},"classes":[]},{"id":8307,"url":"https:\/\/www.24baires.com\/?p=8307","url_meta":{"origin":5432,"position":2},"title":"Cynthia Ottaviano se reuni\u00f3 con el Interventor del INADI, Pedro Mouratian","author":"Grupo Sierra","date":"07\/12\/2012","format":false,"excerpt":"En la reuni\u00f3n acordaron acciones en conjunto entre el Instituto Nacional Contra la Discriminaci\u00f3n, la Xenofobia y el Racismo (INADI) y \u00a0Ottaviano,\u00a0flamante Defensor\u00eda del P\u00fablico de Servicios de Comunicaci\u00f3n Audiovisual La Defensora del P\u00fablico Cynthia Ottaviano se reuni\u00f3 hoy con el Interventor del INADI, Pedro Mouratian. Durante el encuentro se\u2026","rel":"","context":"En \u00abMedios\u00bb","block_context":{"text":"Medios","link":"https:\/\/www.24baires.com\/?cat=54"},"img":{"alt_text":"","src":"","width":0,"height":0},"classes":[]},{"id":14124,"url":"https:\/\/www.24baires.com\/?p=14124","url_meta":{"origin":5432,"position":3},"title":"\u201cLas antenas de TDA no contaminan\u201d, asegur\u00f3 Cynthia Ottaviano","author":"AF","date":"31\/01\/2013","format":false,"excerpt":"Cynthia Ottaviano cuestion\u00f3 las clausuras efectuadas por De la Sota y asegur\u00f3 que \u201cun gobernante no puede pisotear el derecho a la comunicaci\u00f3n\u201d. La Defensora del P\u00fablico Cynthia Ottaviano cuestion\u00f3 la decisi\u00f3n del gobernador de C\u00f3rdoba, Jos\u00e9 Manuel de la Sota, de clausurar tres antenas de la Televisi\u00f3n Digital Abierta\u2026","rel":"","context":"En \u00abMedios\u00bb","block_context":{"text":"Medios","link":"https:\/\/www.24baires.com\/?cat=54"},"img":{"alt_text":"","src":"","width":0,"height":0},"classes":[]},{"id":22472,"url":"https:\/\/www.24baires.com\/?p=22472","url_meta":{"origin":5432,"position":4},"title":"Cynthia Ottaviano habl\u00f3 sobre el D\u00eda Mundial de la Libertad de Prensa","author":"Grupo Sierra","date":"02\/05\/2013","format":false,"excerpt":"Con motivo de recordarse el 3 de mayo como \u201cD\u00eda Mundial de la Libertad de Prensa\u201d, la Defensora del P\u00fablico, Cynthia Ottaviano, sostuvo la importancia de \u201cenmarcar esa idea de libertad dentro de un contexto mucho m\u00e1s general y abarcativo, como es el derecho humano a la comunicaci\u00f3n. Sobre todo\u2026","rel":"","context":"En \u00abMedios\u00bb","block_context":{"text":"Medios","link":"https:\/\/www.24baires.com\/?cat=54"},"img":{"alt_text":"","src":"","width":0,"height":0},"classes":[]},{"id":24110,"url":"https:\/\/www.24baires.com\/?p=24110","url_meta":{"origin":5432,"position":5},"title":"Ottaviano en Los \u00c1ngeles: \u00abLa Ley de Medios no tiene que quedar en letras de molde\u00bb","author":"Grupo Sierra","date":"22\/05\/2013","format":false,"excerpt":"La Defensora del P\u00fablico, en Los \u00c1ngeles, EEUU, form\u00f3 parte por primera vez de la asamblea anual de la Organization of News Ombudsmen (ONO) junto a defensores de medios audiovisuales y escritos de 25 pa\u00edses. Muchos elogios para el trabajo de la Defensor\u00eda en la Argentina. Jeffrey Dvorkin, director ejecutivo\u2026","rel":"","context":"En \u00abMedios\u00bb","block_context":{"text":"Medios","link":"https:\/\/www.24baires.com\/?cat=54"},"img":{"alt_text":"Ottaviano Cynthia","src":"https:\/\/i0.wp.com\/www.24baires.com\/wp-content\/uploads\/2012\/12\/Ottaviano-Cynthia-300x225.jpg?resize=350%2C200","width":350,"height":200},"classes":[]}],"jetpack_sharing_enabled":true,"jetpack_likes_enabled":true,"_links":{"self":[{"href":"https:\/\/www.24baires.com\/index.php?rest_route=\/wp\/v2\/posts\/5432","targetHints":{"allow":["GET"]}}],"collection":[{"href":"https:\/\/www.24baires.com\/index.php?rest_route=\/wp\/v2\/posts"}],"about":[{"href":"https:\/\/www.24baires.com\/index.php?rest_route=\/wp\/v2\/types\/post"}],"author":[{"embeddable":true,"href":"https:\/\/www.24baires.com\/index.php?rest_route=\/wp\/v2\/users\/11"}],"replies":[{"embeddable":true,"href":"https:\/\/www.24baires.com\/index.php?rest_route=%2Fwp%2Fv2%2Fcomments&post=5432"}],"version-history":[{"count":4,"href":"https:\/\/www.24baires.com\/index.php?rest_route=\/wp\/v2\/posts\/5432\/revisions"}],"predecessor-version":[{"id":5436,"href":"https:\/\/www.24baires.com\/index.php?rest_route=\/wp\/v2\/posts\/5432\/revisions\/5436"}],"wp:attachment":[{"href":"https:\/\/www.24baires.com\/index.php?rest_route=%2Fwp%2Fv2%2Fmedia&parent=5432"}],"wp:term":[{"taxonomy":"category","embeddable":true,"href":"https:\/\/www.24baires.com\/index.php?rest_route=%2Fwp%2Fv2%2Fcategories&post=5432"},{"taxonomy":"post_tag","embeddable":true,"href":"https:\/\/www.24baires.com\/index.php?rest_route=%2Fwp%2Fv2%2Ftags&post=5432"}],"curies":[{"name":"wp","href":"https:\/\/api.w.org\/{rel}","templated":true}]}}