{"id":54215,"date":"2014-09-24T17:09:32","date_gmt":"2014-09-24T20:09:32","guid":{"rendered":"http:\/\/www.24baires.com\/?p=54215"},"modified":"2014-09-24T17:09:32","modified_gmt":"2014-09-24T20:09:32","slug":"asi-estamos-violadas-matadas","status":"publish","type":"post","link":"https:\/\/www.24baires.com\/?p=54215","title":{"rendered":"As\u00ed estamos: violadas, matadas"},"content":{"rendered":"<p><img data-recalc-dims=\"1\" loading=\"lazy\" decoding=\"async\" class=\"aligncenter size-full wp-image-54216\" src=\"https:\/\/i0.wp.com\/www.24baires.com\/wp-content\/uploads\/2014\/09\/roc%C3%ADo-violaci%C3%B3n-girat.jpg?resize=560%2C374\" alt=\"roc\u00edo violaci\u00f3n girat\" width=\"560\" height=\"374\" srcset=\"https:\/\/i0.wp.com\/www.24baires.com\/wp-content\/uploads\/2014\/09\/roc%C3%ADo-violaci%C3%B3n-girat.jpg?w=560&amp;ssl=1 560w, https:\/\/i0.wp.com\/www.24baires.com\/wp-content\/uploads\/2014\/09\/roc%C3%ADo-violaci%C3%B3n-girat.jpg?resize=300%2C200&amp;ssl=1 300w\" sizes=\"auto, (max-width: 560px) 100vw, 560px\" \/>Este martes conocimos el horrible final de Melina Romero, otra chica muerta, tirada a la basura. Para algunos, un n\u00famero m\u00e1s, otra muesca para hacer en la pala siniestra con la que se entierran todos los femicidios en nuestro pa\u00eds.<br \/>\nUn d\u00eda despu\u00e9s de saber que hay un nuevo femicidio en Argentina, en la ciudad de Mar del Plata se conoci\u00f3 la sentencia al suboficial del \u00e1rea de Contrainteligencia de la Armada, Marcelo Alberto Girat, de 41 a\u00f1os de edad, a 14 a\u00f1os de prisi\u00f3n domiciliaria por haberse encontrado culpable del delito de abuso sexual con acceso carnal agravado por el v\u00ednculo. <!--more--><\/p>\n<p>Melina, desaparecida durante semanas, sufri\u00f3 decenas de vejaciones, adem\u00e1s de las que debi\u00f3 padecer las \u00faltimas horas de su vida. A Melina la viol\u00f3 Clar\u00edn, cuando titul\u00f3 \u201cUna fan\u00e1tica de los boliches, que abandon\u00f3 la escuela\u201d. Tambi\u00e9n la vejaron muchos otros medios que hicieron el hincapi\u00e9 en la vida privada de esta adolescente, en vez de avocarse a lo \u00fanico que de verdad importaba: hab\u00edan desaparecido a una nena y probablemente la hab\u00eda abusado y asesinado, situaciones que despu\u00e9s resultaron confirmadas.<\/p>\n<p>La violencia que debi\u00f3 atravesar Melina y su familia s\u00f3lo pueden ubicarse en el marco que provee la infamia. Como si no fuera suficiente lo que sufri\u00f3, como si no fuera ya horrible la muerte que le dieron y c\u00f3mo y d\u00f3nde descartaron su cad\u00e1ver. Como si sus parientes y amigos no tuvieran demasiado con el dolor del no saber durante todos estos d\u00edas, de suponer lo peor y, despu\u00e9s, tener que atravesar el infierno de comprobar las peores sospechas.<\/p>\n<p>Un d\u00eda despu\u00e9s de saber que hay un nuevo femicidio en Argentina, en la ciudad de Mar del Plata se conoci\u00f3 la sentencia al suboficial del \u00e1rea de Contrainteligencia de la Armada, Marcelo Alberto Girat, de 41 a\u00f1os de edad, a 14 a\u00f1os de prisi\u00f3n domiciliaria por haberse encontrado culpable del delito de abuso sexual con acceso carnal agravado por el v\u00ednculo. Girat viol\u00f3 a su hija, Roc\u00edo, desde los 13 a\u00f1os hasta los 17, cuando la mam\u00e1 de la v\u00edctima encontr\u00f3 unas cartas y comprendi\u00f3 que todo lo que hab\u00eda pasado en la vida de su hija en esos cuatro a\u00f1os (intentos de suicidios, notas bajas, marcas en su cuerpo) ten\u00edan una misma causa: Marcelo Alberto Girat, violaba a su hija y le escrib\u00eda cartas que, como engendros, pretend\u00edan ser de amor. Incluso, la abusaba en el \u00e1rea de Contrainteligencia de la Armada, donde trabajaba, de madrugada. Naturalmente, la misma Armada nunca cuestion\u00f3 la presencia de una menor de 12 a 3 de la ma\u00f1ana y, as\u00ed, protegi\u00f3 a su suboficial.<\/p>\n<p>Al igual que Melina, Roc\u00edo, este mi\u00e9rcoles, fue vejada otra vez, en este caso por la justicia marplatense que reconociendo el abuso sexual sufrido por ella desde ni\u00f1a, decidi\u00f3 dar prisi\u00f3n domiciliaria a un hombre de 41 a\u00f1os, sano (al menos f\u00edsicamente). Roc\u00edo, su hermano y su madre viven y vivir\u00e1n con miedo, gracias a este fallo horrendo e inentendible, porque el suboficial Girat los amenaza permanentemente, s\u00f3lo la prisi\u00f3n efectiva en una c\u00e1rcel dar\u00eda algo de paz a esta familia, en especial a Roc\u00edo, ahora con 20 a\u00f1os. \u201c\u2212\u00a1A ustedes dos las voy a matar!\u201d, les grit\u00f3 Girat y hasta el fiscal Eduardo Amavet pudo escucharlo, como si hicieran faltas m\u00e1s pruebas, como si la violencia ejercida en el cuerpo y la mente de Roc\u00edo durante cuatro a\u00f1os no fuera suficiente. Ahora debe padecer el miedo de saber al violador viviendo en su propia casa.<\/p>\n<p>As\u00ed estamos: violadas, matadas. Con p\u00e1nico. Padeciendo la violencia de hombres que creen que pueden abusarte, asesinarte y descartarte como basura. De hombres que creen que pueden violarte durante a\u00f1os y gozar de las comodidades de su casa, mismo sitio donde te mataron la inocencia y ense\u00f1aron el dolor y el miedo. As\u00ed estamos. Nos matan. Nos violan. Si somos de bajos recursos ni siquiera nos buscan con la misma velocidad y vehemencia que a otras. \u00bfCu\u00e1ntas vejaciones hay que sufrir? \u00bfCu\u00e1ntos tipos de violencia hay que padecer? Nunca es suficiente. Terminamos en la basura o llorando fuera de un tribunal, mientras, encima, la polic\u00eda reprime a quienes fueron a acompa\u00f1arnos a conocer la sentencia. As\u00ed estamos. Violadas. Asesinadas. Sin justicia.<\/p>\n","protected":false},"excerpt":{"rendered":"<p>Este martes conocimos el horrible final de Melina Romero, otra chica muerta, tirada a la basura. Para algunos, un n\u00famero m\u00e1s, otra muesca para hacer en la pala siniestra con la que se entierran todos los femicidios en nuestro pa\u00eds. Un d\u00eda despu\u00e9s de saber que hay un nuevo femicidio en Argentina, en la ciudad de Mar del Plata se [&#8230;]<\/p>\n","protected":false},"author":11,"featured_media":0,"comment_status":"open","ping_status":"open","sticky":false,"template":"","format":"standard","meta":{"_jetpack_newsletter_access":"","_jetpack_dont_email_post_to_subs":false,"_jetpack_newsletter_tier_id":0,"_jetpack_memberships_contains_paywalled_content":false,"_jetpack_memberships_contains_paid_content":false,"footnotes":""},"categories":[64],"tags":[],"class_list":["post-54215","post","type-post","status-publish","format-standard","hentry","category-opinion"],"jetpack_featured_media_url":"","jetpack_shortlink":"https:\/\/wp.me\/p2JWE0-e6r","jetpack-related-posts":[{"id":55430,"url":"https:\/\/www.24baires.com\/?p=55430","url_meta":{"origin":54215,"position":0},"title":"Pidieron preventiva para dos de los detenidos por el asesinato de Melina","author":"AF","date":"15\/10\/2014","format":false,"excerpt":"La fiscal Fernanda Billone pidi\u00f3 que sigan con prisi\u00f3n preventiva Joel Fern\u00e1ndez (20), alias \"Chavito\", y El\u00edas Fern\u00e1ndez (18), Narig\u00f3n\". El juez de Garant\u00edas de San Mart\u00edn Mariano Porto tiene cinco d\u00edas para responder. Los j\u00f3venes est\u00e1n acusados de los delitos de \"homicidio criminis causa agravado por el concurso premeditado\u2026","rel":"","context":"En \u00abJUDICIALES\u00bb","block_context":{"text":"JUDICIALES","link":"https:\/\/www.24baires.com\/?cat=68"},"img":{"alt_text":"melina romero","src":"https:\/\/i0.wp.com\/www.24baires.com\/wp-content\/uploads\/2014\/09\/melina-romero2.jpg?resize=350%2C200","width":350,"height":200,"srcset":"https:\/\/i0.wp.com\/www.24baires.com\/wp-content\/uploads\/2014\/09\/melina-romero2.jpg?resize=350%2C200 1x, https:\/\/i0.wp.com\/www.24baires.com\/wp-content\/uploads\/2014\/09\/melina-romero2.jpg?resize=525%2C300 1.5x"},"classes":[]},{"id":55933,"url":"https:\/\/www.24baires.com\/?p=55933","url_meta":{"origin":54215,"position":1},"title":"Caso Melina: La fiscal pidi\u00f3 una pr\u00f3rroga para resolver la situaci\u00f3n del pai C\u00e9sar","author":"GB","date":"24\/10\/2014","format":false,"excerpt":"La fiscal que investiga el crimen de Melina Romero, la adolescente hallada asesinada el 23 de septiembre en Jos\u00e9 Le\u00f3n Su\u00e1rez, pidi\u00f3 una pr\u00f3rroga para resolver la situaci\u00f3n procesal del pai C\u00e9sar S\u00e1nchez, uno de los detenidos como sospechoso en la causa. El pedido de pr\u00f3rroga fue formulado por la\u2026","rel":"","context":"En \u00abJUDICIALES\u00bb","block_context":{"text":"JUDICIALES","link":"https:\/\/www.24baires.com\/?cat=68"},"img":{"alt_text":"melina romero","src":"https:\/\/i0.wp.com\/www.24baires.com\/wp-content\/uploads\/2014\/09\/melina-romero2.jpg?resize=350%2C200","width":350,"height":200,"srcset":"https:\/\/i0.wp.com\/www.24baires.com\/wp-content\/uploads\/2014\/09\/melina-romero2.jpg?resize=350%2C200 1x, https:\/\/i0.wp.com\/www.24baires.com\/wp-content\/uploads\/2014\/09\/melina-romero2.jpg?resize=525%2C300 1.5x"},"classes":[]},{"id":87400,"url":"https:\/\/www.24baires.com\/?p=87400","url_meta":{"origin":54215,"position":2},"title":"Crimen de Melina: el juicio por su homicidio ser\u00e1 con jurado popular","author":"GB","date":"09\/09\/2016","format":false,"excerpt":"La adolescente fue asesinada en septiembre de 2014 a la salida de un boliche. En el banquillo estar\u00e1 el pai umbanda y dos j\u00f3venes de 20 y 22 a\u00f1os, acusados por homicidio agravado por femicidio y el concurso de dos o m\u00e1s personas. Por el crimen de Melina Romero, la\u2026","rel":"","context":"En \u00abJUDICIALES\u00bb","block_context":{"text":"JUDICIALES","link":"https:\/\/www.24baires.com\/?cat=68"},"img":{"alt_text":"melina romero","src":"https:\/\/i0.wp.com\/www.24baires.com\/wp-content\/uploads\/2014\/09\/melina-romero2.jpg?resize=350%2C200","width":350,"height":200,"srcset":"https:\/\/i0.wp.com\/www.24baires.com\/wp-content\/uploads\/2014\/09\/melina-romero2.jpg?resize=350%2C200 1x, https:\/\/i0.wp.com\/www.24baires.com\/wp-content\/uploads\/2014\/09\/melina-romero2.jpg?resize=525%2C300 1.5x"},"classes":[]},{"id":54463,"url":"https:\/\/www.24baires.com\/?p=54463","url_meta":{"origin":54215,"position":3},"title":"La mam\u00e1 de Melina pidi\u00f3 \u00abla pena capital\u00bb para los asesinos de su hija","author":"GB","date":"29\/09\/2014","format":false,"excerpt":"Ana Mar\u00eda inform\u00f3 que en el transcurso del d\u00eda ir\u00e1 a la morgue a retirar el cuerpo de la joven para poder velarla. La mam\u00e1 de la adolescente enfatiz\u00f3 que se trata de un caso de \"femicidio\". Movilizada emocionalmente por el crimen, Ana Mar\u00eda expres\u00f3: \"Me gustar\u00eda que exista la\u2026","rel":"","context":"En \u00abPoliciales\u00bb","block_context":{"text":"Policiales","link":"https:\/\/www.24baires.com\/?cat=49"},"img":{"alt_text":"melina romero","src":"https:\/\/i0.wp.com\/www.24baires.com\/wp-content\/uploads\/2014\/09\/melina-romero2.jpg?resize=350%2C200","width":350,"height":200,"srcset":"https:\/\/i0.wp.com\/www.24baires.com\/wp-content\/uploads\/2014\/09\/melina-romero2.jpg?resize=350%2C200 1x, https:\/\/i0.wp.com\/www.24baires.com\/wp-content\/uploads\/2014\/09\/melina-romero2.jpg?resize=525%2C300 1.5x"},"classes":[]},{"id":99023,"url":"https:\/\/www.24baires.com\/?p=99023","url_meta":{"origin":54215,"position":4},"title":"Femicidio de Melina Romero: el jurado conden\u00f3 a \u00abChavito\u00bb Fern\u00e1ndez","author":"GB","date":"28\/11\/2017","format":false,"excerpt":"As\u00ed lo comunic\u00f3 este lunes por la noche el tribunal que llev\u00f3 adelante el juicio, en s\u00f3lo una semana. Este jueves dar\u00e1n a conocer la sentencia. El condenado qued\u00f3 detenido. Joel \"Chavito\" Fern\u00e1ndez, imputado por el crimen de Melina Romero fue hallado culpable este lunes por \"homicidio preterintencional y privaci\u00f3n\u2026","rel":"","context":"En \u00abJUDICIALES\u00bb","block_context":{"text":"JUDICIALES","link":"https:\/\/www.24baires.com\/?cat=68"},"img":{"alt_text":"","src":"https:\/\/i0.wp.com\/www.24baires.com\/wp-content\/uploads\/2014\/09\/melina.jpg?resize=350%2C200","width":350,"height":200,"srcset":"https:\/\/i0.wp.com\/www.24baires.com\/wp-content\/uploads\/2014\/09\/melina.jpg?resize=350%2C200 1x, https:\/\/i0.wp.com\/www.24baires.com\/wp-content\/uploads\/2014\/09\/melina.jpg?resize=525%2C300 1.5x"},"classes":[]},{"id":55601,"url":"https:\/\/www.24baires.com\/?p=55601","url_meta":{"origin":54215,"position":5},"title":"Caso Melina: confirman la prisi\u00f3n preventiva para Chavito y el Narig\u00f3n","author":"AF","date":"18\/10\/2014","format":false,"excerpt":"El juez de Garant\u00edas Mariano Porto confirm\u00f3 la prisi\u00f3n preventiva para Joel Fern\u00e1ndez (18), alias 'Chavito', y El\u00ed\u00adas Fern\u00e1ndez (20), 'Narig\u00f3n', por el crimen de la adolescente hallada asesinada el 23 de septiembre en la localidad de Jos\u00e9 Le\u00f3n Su\u00e1rez, informaron fuentes judiciales. El pronunciamiento se dio en las \u00faltimas\u2026","rel":"","context":"En \u00abJUDICIALES\u00bb","block_context":{"text":"JUDICIALES","link":"https:\/\/www.24baires.com\/?cat=68"},"img":{"alt_text":"melina","src":"https:\/\/i0.wp.com\/www.24baires.com\/wp-content\/uploads\/2014\/09\/melina.jpg?resize=350%2C200","width":350,"height":200,"srcset":"https:\/\/i0.wp.com\/www.24baires.com\/wp-content\/uploads\/2014\/09\/melina.jpg?resize=350%2C200 1x, https:\/\/i0.wp.com\/www.24baires.com\/wp-content\/uploads\/2014\/09\/melina.jpg?resize=525%2C300 1.5x"},"classes":[]}],"jetpack_sharing_enabled":true,"jetpack_likes_enabled":true,"_links":{"self":[{"href":"https:\/\/www.24baires.com\/index.php?rest_route=\/wp\/v2\/posts\/54215","targetHints":{"allow":["GET"]}}],"collection":[{"href":"https:\/\/www.24baires.com\/index.php?rest_route=\/wp\/v2\/posts"}],"about":[{"href":"https:\/\/www.24baires.com\/index.php?rest_route=\/wp\/v2\/types\/post"}],"author":[{"embeddable":true,"href":"https:\/\/www.24baires.com\/index.php?rest_route=\/wp\/v2\/users\/11"}],"replies":[{"embeddable":true,"href":"https:\/\/www.24baires.com\/index.php?rest_route=%2Fwp%2Fv2%2Fcomments&post=54215"}],"version-history":[{"count":1,"href":"https:\/\/www.24baires.com\/index.php?rest_route=\/wp\/v2\/posts\/54215\/revisions"}],"predecessor-version":[{"id":54217,"href":"https:\/\/www.24baires.com\/index.php?rest_route=\/wp\/v2\/posts\/54215\/revisions\/54217"}],"wp:attachment":[{"href":"https:\/\/www.24baires.com\/index.php?rest_route=%2Fwp%2Fv2%2Fmedia&parent=54215"}],"wp:term":[{"taxonomy":"category","embeddable":true,"href":"https:\/\/www.24baires.com\/index.php?rest_route=%2Fwp%2Fv2%2Fcategories&post=54215"},{"taxonomy":"post_tag","embeddable":true,"href":"https:\/\/www.24baires.com\/index.php?rest_route=%2Fwp%2Fv2%2Ftags&post=54215"}],"curies":[{"name":"wp","href":"https:\/\/api.w.org\/{rel}","templated":true}]}}