{"id":5405,"date":"2012-11-14T13:49:07","date_gmt":"2012-11-14T16:49:07","guid":{"rendered":"http:\/\/www.24baires.com\/?p=5405"},"modified":"2012-11-14T13:49:47","modified_gmt":"2012-11-14T16:49:47","slug":"sabbatella-nadie-puede-tener-en-una-ciudad-mas-de-3-licencias-de-radio","status":"publish","type":"post","link":"https:\/\/www.24baires.com\/?p=5405","title":{"rendered":"Sabbatella: \u00abNadie puede tener en una ciudad m\u00e1s de 3 licencias de radio\u00bb"},"content":{"rendered":"<div class=\"alignright\"><object width=\"280\" height=\"210\" classid=\"clsid:d27cdb6e-ae6d-11cf-96b8-444553540000\" codebase=\"http:\/\/download.macromedia.com\/pub\/shockwave\/cabs\/flash\/swflash.cab#version=6,0,40,0\"><param name=\"allowFullScreen\" value=\"true\" \/><param name=\"allowscriptaccess\" value=\"always\" \/><param name=\"src\" value=\"http:\/\/www.youtube.com\/v\/c2XGnDPVKk4?version=3&amp;hl=es_ES;rel=0;showinfo=0;controls=0\" \/><param name=\"allowfullscreen\" value=\"true\" \/><\/object><\/div>\n<p>El titular de la Afsca, Mart\u00edn Sabbatella, confirm\u00f3 que <strong>\u00abdespu\u00e9s del 7 de diciembre comienza el proceso de oficio\u00bb<\/strong>. Y detall\u00f3 que el grupo Clar\u00edn \u00abpuede tener 24 y hoy tiene 237 licencias\u00bb de cable.\u00a0\u00abDe esta manera, despu\u00e9s del 7 de diciembre la AFSCA inicia el proceso de transferencia de oficio para garantizar el cumplimiento de la ley, el cumplimiento del servicio y las fuentes de trabajo\u00bb, explic\u00f3 el titular de la Autoridad Federal de Servicios de Comunicaci\u00f3n Audiovisual.<!--more--><\/p>\n<p>Sabbatella brind\u00f3 un informe del estado de situaci\u00f3n de los grupos de medios que, por diversos motivos, exceden los l\u00edmites establecidos por la nueva ley de Medios.<br \/>\nEn ese marco, Sabbatella dej\u00f3 en claro que hasta el 7 de diciembre \u00abque es la fecha que estableci\u00f3 la Corte, es la presentaci\u00f3n del plan de adecuaci\u00f3n voluntaria\u00bb.<\/p>\n<p>\u00abA este plan voluntario ya se adecuaron la mayor\u00eda, y los que no han expresado su voluntad de hacerlo, excepto uno\u00bb, precis\u00f3 Sabbatella, quien explic\u00f3 que \u00abuna vez presentado el plan de adecuaci\u00f3n el directorio (de AFSCA) debe evaluarlo, y si hay alguna observaci\u00f3n, tienen diez d\u00edas para corregirlo\u00bb.<\/p>\n<p>Al dar detalles, Sabbatella se\u00f1al\u00f3 que el grupo Clar\u00edn debe adecuarse respecto de sus licencias de cable ya que \u00abpuede tener 24 y hoy tiene 237 licencias\u00bb.<\/p>\n<p>Sabbatella agreg\u00f3, por otra parte, que el Grupo Uno, de los empresarios Vila-Manzano tambi\u00e9n debe adaptarse por tener m\u00e1s licencias que las permitidas, adem\u00e1s de ser titulares de licencias de sat\u00e9lite.<\/p>\n<p>En tanto, explic\u00f3 que <strong>\u00abnadie puede tener en una ciudad m\u00e1s de 3 licencias de radio\u00bb<\/strong> y puso de ejemplo al Grupo Clar\u00edn que \u00abtiene este problema en 37 ciudades\u00bb.<\/p>\n<p>Agreg\u00f3 que \u00abhay grupos que se tienen que adecuar por sus condiciones de accesibilidad o por la cantidad de licencias que posee\u00bb.<\/p>\n<p>En cuanto a las condiciones de accesibilidad, el funcionario se\u00f1al\u00f3 el ejemplo de la empresa Pampa Difusora que deber\u00e1 adecuarse \u00abporque tiene un socio que fue funcionario de un gobierno de facto que tiene que salir para ajustarse a la ley\u00bb.<\/p>\n<p>El otro ejemplo de empresa que debe adecuarse es el grupo Uno, porque sus due\u00f1os, Daniel Vila y Jos\u00e9 Luis Manzano pertenecen tambi\u00e9n al directorio de Andes Energ\u00eda de Mendoza y eso tambi\u00e9n es incompatible con la norma\u00bb.<\/p>\n<p>Sabbatella sostuvo que la ley de Medios \u00abbusca garantizar la diversidad, la democratizaci\u00f3n de la palabra\u00bb y \u00abdice que se necesita enfrentar la tendencia monop\u00f3lica, las posiciones dominantes que lesionan la democracia de la palabra\u00bb.<\/p>\n<p>Al finalizar su informe, Sabbatella destac\u00f3 que \u00abel objetivo, y es el mandato de la presidenta Cristina Fern\u00e1ndez de Kirchner, es hacer que se cumpla la ley sin excepciones\u00bb.<\/p>\n<p>\u00abEsta ley es profundamente democr\u00e1tica para que todas las voces se escuchen y garantizar la libertad de expresi\u00f3n\u00bb, enfatiz\u00f3.<\/p>\n<p>&nbsp;<\/p>\n<p>&nbsp;<\/p>\n<p>&nbsp;<\/p>\n","protected":false},"excerpt":{"rendered":"<p>El titular de la Afsca, Mart\u00edn Sabbatella, confirm\u00f3 que \u00abdespu\u00e9s del 7 de diciembre comienza el proceso de oficio\u00bb. Y detall\u00f3 que el grupo Clar\u00edn \u00abpuede tener 24 y hoy tiene 237 licencias\u00bb de cable.\u00a0\u00abDe esta manera, despu\u00e9s del 7 de diciembre la AFSCA inicia el proceso de transferencia de oficio para garantizar el cumplimiento de la ley, el cumplimiento [&#8230;]<\/p>\n","protected":false},"author":11,"featured_media":0,"comment_status":"open","ping_status":"open","sticky":false,"template":"","format":"standard","meta":{"_jetpack_newsletter_access":"","_jetpack_dont_email_post_to_subs":false,"_jetpack_newsletter_tier_id":0,"_jetpack_memberships_contains_paywalled_content":false,"_jetpack_memberships_contains_paid_content":false,"footnotes":""},"categories":[54],"tags":[],"class_list":["post-5405","post","type-post","status-publish","format-standard","hentry","category-medios"],"jetpack_featured_media_url":"","jetpack_shortlink":"https:\/\/wp.me\/p2JWE0-1pb","jetpack-related-posts":[{"id":3951,"url":"https:\/\/www.24baires.com\/?p=3951","url_meta":{"origin":5405,"position":0},"title":"Sabbatella asegur\u00f3 que \u00abClar\u00edn est\u00e1 desafiando a la democracia\u00bb","author":"Grupo Sierra","date":"31\/10\/2012","format":false,"excerpt":"El titular de la Autoridad Federal de Servicios de Comunicaci\u00f3n Audiovisual, Mart\u00edn Sabbatella, se refiri\u00f3 a la negativa de Clar\u00edn a presentar un plan de adecuaci\u00f3n a la ley. Adem\u00e1s reiter\u00f3 que despu\u00e9s del 7 de diciembre el organismo \"actuar\u00e1 de oficio\". \"Es un desaf\u00edo a la democracia, al estado\u2026","rel":"","context":"En \u00abMedios\u00bb","block_context":{"text":"Medios","link":"https:\/\/www.24baires.com\/?cat=54"},"img":{"alt_text":"","src":"https:\/\/i0.wp.com\/www.24baires.com\/wp-content\/uploads\/2012\/10\/sabbatella-desafio.jpg?resize=350%2C200","width":350,"height":200,"srcset":"https:\/\/i0.wp.com\/www.24baires.com\/wp-content\/uploads\/2012\/10\/sabbatella-desafio.jpg?resize=350%2C200 1x, https:\/\/i0.wp.com\/www.24baires.com\/wp-content\/uploads\/2012\/10\/sabbatella-desafio.jpg?resize=525%2C300 1.5x"},"classes":[]},{"id":5148,"url":"https:\/\/www.24baires.com\/?p=5148","url_meta":{"origin":5405,"position":1},"title":"\u00abEl Estado no viene ni a estatizar ni a expropiar a nadie, lo que viene a hacer es cumplir la ley\u00bb","author":"Grupo Sierra","date":"12\/11\/2012","format":false,"excerpt":"El presidente de la Afsca, Mart\u00edn Sabbatella, asegur\u00f3 que el Estado \"viene a cumplir con la ley\" y \"garantizar el servicio y las fuentes de trabajo del conjunto de los trabajadores\", as\u00ed como tambi\u00e9n \"la libertad de expresi\u00f3n y el derecho a estar informados\". \"El Estado no viene ni a\u2026","rel":"","context":"En \u00abMedios\u00bb","block_context":{"text":"Medios","link":"https:\/\/www.24baires.com\/?cat=54"},"img":{"alt_text":"","src":"","width":0,"height":0},"classes":[]},{"id":6032,"url":"https:\/\/www.24baires.com\/?p=6032","url_meta":{"origin":5405,"position":2},"title":"Llaman a concurso para 85 licencias de FM en la provincia de Mendoza","author":"Grupo Sierra","date":"19\/11\/2012","format":false,"excerpt":"El titular de la AFSCA, Mart\u00edn Sabbatella, reiter\u00f3 en Mendoza que \"estamos trabajando para que el conjunto de los grupos econ\u00f3micos que est\u00e1n excedidos (en licencias), presenten su plan de adecuaci\u00f3n\". \u00a0Al mismo tiempo el organismo que preside Sabbatella abri\u00f3 un concurso p\u00fablico para la adjudicaci\u00f3n de licencias para la\u00a0prestaci\u00f3n\u00a0del\u2026","rel":"","context":"En \u00abMedios\u00bb","block_context":{"text":"Medios","link":"https:\/\/www.24baires.com\/?cat=54"},"img":{"alt_text":"","src":"https:\/\/i0.wp.com\/www.24baires.com\/wp-content\/uploads\/2012\/11\/sabbatella-mendoza.jpg?resize=350%2C200","width":350,"height":200,"srcset":"https:\/\/i0.wp.com\/www.24baires.com\/wp-content\/uploads\/2012\/11\/sabbatella-mendoza.jpg?resize=350%2C200 1x, https:\/\/i0.wp.com\/www.24baires.com\/wp-content\/uploads\/2012\/11\/sabbatella-mendoza.jpg?resize=525%2C300 1.5x"},"classes":[]},{"id":34549,"url":"https:\/\/www.24baires.com\/?p=34549","url_meta":{"origin":5405,"position":3},"title":"Sabbatella: \u00abno vamos a esperar ni un minuto porque es una deuda de hace 30 a\u00f1os\u00bb","author":"GB","date":"03\/11\/2013","format":false,"excerpt":"El presidente de la Autoridad Federal de Servicios de Comunicaci\u00f3n Audiovisual (Afsca) Mart\u00edn Sabbatella se refiri\u00f3 as\u00ed a la adecuaci\u00f3n de oficio del Grupo Clar\u00edn a la ley de Medios y reafirm\u00f3 que la normativa \"busca que est\u00e9n todas las voces\". \"No vamos a esperar ni un minuto, porque ya\u2026","rel":"","context":"En \u00abMedios\u00bb","block_context":{"text":"Medios","link":"https:\/\/www.24baires.com\/?cat=54"},"img":{"alt_text":"sabbatella desafio","src":"https:\/\/i0.wp.com\/www.24baires.com\/wp-content\/uploads\/2012\/10\/sabbatella-desafio.jpg?resize=350%2C200","width":350,"height":200,"srcset":"https:\/\/i0.wp.com\/www.24baires.com\/wp-content\/uploads\/2012\/10\/sabbatella-desafio.jpg?resize=350%2C200 1x, https:\/\/i0.wp.com\/www.24baires.com\/wp-content\/uploads\/2012\/10\/sabbatella-desafio.jpg?resize=525%2C300 1.5x"},"classes":[]},{"id":5008,"url":"https:\/\/www.24baires.com\/?p=5008","url_meta":{"origin":5405,"position":4},"title":"El jueves Sabbattella dar\u00e1 a conocer el \u00abcuadro de situaci\u00f3n\u00bb de los grupos de medios con vistas al 7D","author":"Grupo Sierra","date":"11\/11\/2012","format":false,"excerpt":"El titular de la (AFSCA), Mart\u00edn Sabbatella, brindar\u00e1 el pr\u00f3ximo jueves 15 una conferencia de prensa donde presentar\u00e1 el \"cuadro de situaci\u00f3n\" de los grupos de medios que exceden lo establecido por la ley de Servicios de Comunicaci\u00f3n Audiovisual (SCA), tanto en porcentaje de mercado como en cantidad de licencias.\u2026","rel":"","context":"En \u00abMedios\u00bb","block_context":{"text":"Medios","link":"https:\/\/www.24baires.com\/?cat=54"},"img":{"alt_text":"","src":"","width":0,"height":0},"classes":[]},{"id":9425,"url":"https:\/\/www.24baires.com\/?p=9425","url_meta":{"origin":5405,"position":5},"title":"Hoy Sabbatella notificar\u00e1 al Grupo Clar\u00edn de la transferencia de oficio de sus licencias","author":"Grupo Sierra","date":"17\/12\/2012","format":false,"excerpt":"El titular de la AFSCA anunci\u00f3 que se realizar\u00e1 de acuerdo a lo establecido por la ley de medios, que se encuentra en plena vigencia a partir del fallo del juez federal Horacio Alfonso. Mart\u00edn Sabbatella, responsable del \u00f3rgano de aplicaci\u00f3n de la ley de medios explic\u00f3 que la \"transferencia\u2026","rel":"","context":"En \u00abMedios\u00bb","block_context":{"text":"Medios","link":"https:\/\/www.24baires.com\/?cat=54"},"img":{"alt_text":"","src":"","width":0,"height":0},"classes":[]}],"jetpack_sharing_enabled":true,"jetpack_likes_enabled":true,"_links":{"self":[{"href":"https:\/\/www.24baires.com\/index.php?rest_route=\/wp\/v2\/posts\/5405","targetHints":{"allow":["GET"]}}],"collection":[{"href":"https:\/\/www.24baires.com\/index.php?rest_route=\/wp\/v2\/posts"}],"about":[{"href":"https:\/\/www.24baires.com\/index.php?rest_route=\/wp\/v2\/types\/post"}],"author":[{"embeddable":true,"href":"https:\/\/www.24baires.com\/index.php?rest_route=\/wp\/v2\/users\/11"}],"replies":[{"embeddable":true,"href":"https:\/\/www.24baires.com\/index.php?rest_route=%2Fwp%2Fv2%2Fcomments&post=5405"}],"version-history":[{"count":3,"href":"https:\/\/www.24baires.com\/index.php?rest_route=\/wp\/v2\/posts\/5405\/revisions"}],"predecessor-version":[{"id":5409,"href":"https:\/\/www.24baires.com\/index.php?rest_route=\/wp\/v2\/posts\/5405\/revisions\/5409"}],"wp:attachment":[{"href":"https:\/\/www.24baires.com\/index.php?rest_route=%2Fwp%2Fv2%2Fmedia&parent=5405"}],"wp:term":[{"taxonomy":"category","embeddable":true,"href":"https:\/\/www.24baires.com\/index.php?rest_route=%2Fwp%2Fv2%2Fcategories&post=5405"},{"taxonomy":"post_tag","embeddable":true,"href":"https:\/\/www.24baires.com\/index.php?rest_route=%2Fwp%2Fv2%2Ftags&post=5405"}],"curies":[{"name":"wp","href":"https:\/\/api.w.org\/{rel}","templated":true}]}}