{"id":5396,"date":"2012-11-14T11:30:31","date_gmt":"2012-11-14T14:30:31","guid":{"rendered":"http:\/\/www.24baires.com\/?p=5396"},"modified":"2012-11-14T12:13:06","modified_gmt":"2012-11-14T15:13:06","slug":"subsidiaran-obras-de-infraestructura-para-loberia","status":"publish","type":"post","link":"https:\/\/www.24baires.com\/?p=5396","title":{"rendered":"Subsidiar\u00e1n obras de Infraestructura para Lober\u00eda"},"content":{"rendered":"<p><img data-recalc-dims=\"1\" loading=\"lazy\" decoding=\"async\" class=\"alignleft size-full wp-image-5397\" title=\"lober\u00eda\" src=\"https:\/\/i0.wp.com\/www.24baires.com\/wp-content\/uploads\/2012\/11\/lober%C3%ADa.jpg?resize=206%2C138\" alt=\"\" width=\"206\" height=\"138\" \/>Hugo Rodr\u00edguez, jefe comunal de Lober\u00eda, y Fabi\u00e1n Stachiotti, subsecretario Social de Tierras, Urbanismo y Vivienda del ministerio de Infraestructura, firmaron acuerdo por el cual se subsidiar\u00e1n obras de infraestructura para el distrito.<!--more--><br \/>\nEl intendente de Lober\u00eda Hugo Rodr\u00edguez, y el subsecretario Social de Tierras, Urbanismo y Vivienda del ministerio de Infraestructura, Fabi\u00e1n Stachiotti, firmaron un convenio marco mediante el cual se subsidiar\u00e1n obras de infraestructura en esta localidad.<br \/>\nDe esta manera se otorgar\u00e1 un subsidio que estar\u00e1 destinado a la compra de materiales para la ejecuci\u00f3n de una plaza de skate y de un m\u00f3dulo de servicios de apoyo para un play\u00f3n multideportivo ubicado en un Centro de Integraci\u00f3n Comunitario.<br \/>\nEl convenio se firm\u00f3 en el marco del Programa de Inclusi\u00f3n Urbana (PROIN), que consiste en generar la participaci\u00f3n ciudadana para mejorar establecimientos p\u00fablicos como escuelas, jardines, sociedades de fomento, mediante la capacitaci\u00f3n, mejoras de veredas, senderos, pasos, alcantarillas, cord\u00f3n cunetas, mejoramiento de plazas, luminarias, obras y embellecimientos urbanos.<br \/>\nEn este marco, el ministerio de Infraestructura bonaerense, a trav\u00e9s de la Subsecretar\u00eda Social de Tierras, Urbanismo y Vivienda, se encarga de la aprobaci\u00f3n t\u00e9cnica de las obras y su correspondiente seguimiento.<\/p>\n","protected":false},"excerpt":{"rendered":"<p>Hugo Rodr\u00edguez, jefe comunal de Lober\u00eda, y Fabi\u00e1n Stachiotti, subsecretario Social de Tierras, Urbanismo y Vivienda del ministerio de Infraestructura, firmaron acuerdo por el cual se subsidiar\u00e1n obras de infraestructura para el distrito.<\/p>\n","protected":false},"author":4,"featured_media":0,"comment_status":"open","ping_status":"open","sticky":false,"template":"","format":"standard","meta":{"_jetpack_newsletter_access":"","_jetpack_dont_email_post_to_subs":false,"_jetpack_newsletter_tier_id":0,"_jetpack_memberships_contains_paywalled_content":false,"_jetpack_memberships_contains_paid_content":false,"footnotes":""},"categories":[38],"tags":[],"class_list":["post-5396","post","type-post","status-publish","format-standard","hentry","category-locales"],"jetpack_featured_media_url":"","jetpack_shortlink":"https:\/\/wp.me\/p2JWE0-1p2","jetpack-related-posts":[{"id":16202,"url":"https:\/\/www.24baires.com\/?p=16202","url_meta":{"origin":5396,"position":0},"title":"Anunciaron la ampliaci\u00f3n del Hospital de General Lavalle","author":"AF","date":"20\/02\/2013","format":false,"excerpt":"Marcela Passo y Fabi\u00e1n Stachiotti, firmaron el convenio para subsidiar la obra obra de amplici\u00f3n del Hospital Municipal \u201cSagrado Coraz\u00f3n de Jes\u00fas\u201d. La intendenta de General Lavalle, Marcela Passo, firm\u00f3 con el subsecretario Social de Tierras, Urbanismo y Vivienda, Fabi\u00e1n Stachiotti, un convenio para subsidiar la obra obra de amplici\u00f3n\u2026","rel":"","context":"En \u00abLocales\u00bb","block_context":{"text":"Locales","link":"https:\/\/www.24baires.com\/?cat=38"},"img":{"alt_text":"","src":"","width":0,"height":0},"classes":[]},{"id":44022,"url":"https:\/\/www.24baires.com\/?p=44022","url_meta":{"origin":5396,"position":1},"title":"Importante acuerdo de ordenamiento territorial en Ayacucho","author":"Grupo Sierra","date":"16\/04\/2014","format":false,"excerpt":"Los vecinos del municipio se mostraron agradecidos con la firma del convenio entre la Subsecretar\u00eda Social de Tierras, Urbanismo y Vivienda del Ministerio de Infraestructura y las autoridades del lugar para un proyecto de ordenamiento urbano y territorial a desarrollarse este a\u00f1o. La Subsecretar\u00eda Social de Tierras, Urbanismo y Vivienda\u2026","rel":"","context":"En \u00abLocales\u00bb","block_context":{"text":"Locales","link":"https:\/\/www.24baires.com\/?cat=38"},"img":{"alt_text":"muni ayacucho","src":"https:\/\/i0.wp.com\/www.24baires.com\/wp-content\/uploads\/2014\/04\/muni-ayacucho.jpg?resize=350%2C200","width":350,"height":200,"srcset":"https:\/\/i0.wp.com\/www.24baires.com\/wp-content\/uploads\/2014\/04\/muni-ayacucho.jpg?resize=350%2C200 1x, https:\/\/i0.wp.com\/www.24baires.com\/wp-content\/uploads\/2014\/04\/muni-ayacucho.jpg?resize=525%2C300 1.5x"},"classes":[]},{"id":16538,"url":"https:\/\/www.24baires.com\/?p=16538","url_meta":{"origin":5396,"position":2},"title":"Chacabuco: firman convenio para escriturar todas las viviendas sociales","author":"AF","date":"23\/02\/2013","format":false,"excerpt":"La municipalidad de Chacabuco firm\u00f3 con la subsecretar\u00eda Social de Tierras, Urbanismo y Vivienda del ministerio de Infraestructura bonaerense, que encabeza Fabi\u00e1n Stachiotti, un convenio con para escriturar todas las viviendas sociales en el distrito. M\u00e1s 800 vecinos del distrito de Chacabuco podr\u00e1n convertirse en propietarios de sus casas. Formaron\u2026","rel":"","context":"En \u00abLocales\u00bb","block_context":{"text":"Locales","link":"https:\/\/www.24baires.com\/?cat=38"},"img":{"alt_text":"","src":"","width":0,"height":0},"classes":[]},{"id":36822,"url":"https:\/\/www.24baires.com\/?p=36822","url_meta":{"origin":5396,"position":3},"title":"Un gran avance en planificaci\u00f3n urbana para la provincia","author":"Grupo Sierra","date":"14\/12\/2013","format":false,"excerpt":"Desde la Subsecretar\u00eda Social de tierras, urbanismo y vivienda, anunciaron el \u201cPrograma de Abordaje Territorial Planificado\u201d, donde Provincia y Municipios trabajar\u00e1n en conjunto por una mayor planificaci\u00f3n urbana. La Subsecretar\u00eda Social de Tierras, Urbanismo y Vivienda del Ministerio de Infraestructura, a cargo de Fabi\u00e1n Stachiotti, realiz\u00f3 hoy en el distrito\u2026","rel":"","context":"En \u00abProvincia\u00bb","block_context":{"text":"Provincia","link":"https:\/\/www.24baires.com\/?cat=40"},"img":{"alt_text":"","src":"","width":0,"height":0},"classes":[]},{"id":30417,"url":"https:\/\/www.24baires.com\/?p=30417","url_meta":{"origin":5396,"position":4},"title":"Regularizaci\u00f3n dominal en Alberti","author":"AF","date":"19\/08\/2013","format":false,"excerpt":"El ministerio de Infraestructura bonaerense, a trav\u00e9s de la Subsecretar\u00eda Social de Tierras, Urbanismo y Vivienda, a cargo de Fabi\u00e1n Stachiotti, entreg\u00f3 141 soluciones habitacionales para familias del municipio de Alberti como parte del Plan de Regularizaci\u00f3n Dominial. Stachiotti encabez\u00f3 el acto que se realiz\u00f3 en el Sindicato de Trabajadores\u2026","rel":"","context":"En \u00abLocales\u00bb","block_context":{"text":"Locales","link":"https:\/\/www.24baires.com\/?cat=38"},"img":{"alt_text":"stachiotti","src":"https:\/\/i0.wp.com\/www.24baires.com\/wp-content\/uploads\/2013\/08\/stachiotti.jpeg?resize=350%2C200","width":350,"height":200},"classes":[]},{"id":2678,"url":"https:\/\/www.24baires.com\/?p=2678","url_meta":{"origin":5396,"position":5},"title":"Pol\u00edticas de regulacion dominial en Berazategui","author":"AF","date":"20\/10\/2012","format":false,"excerpt":"El intendente de Berazategui, Juan Patricio Mussi, se reuni\u00f3 con el subsecretario Social de Tierras, Urbanismo y Vivienda, Fabi\u00e1n Stachiotti, y avanzaron en la implementaci\u00f3n de pol\u00edticas de regularizaci\u00f3n dominial, vivienda e infraestructura, a trav\u00e9s de las distintas operatorias.Estos encuentros se dan en el marco del plan de regularizaci\u00f3n urbana\u2026","rel":"","context":"En \u00abMunicipios\u00bb","block_context":{"text":"Municipios","link":"https:\/\/www.24baires.com\/?cat=44"},"img":{"alt_text":"","src":"https:\/\/i0.wp.com\/www.24baires.com\/wp-content\/uploads\/2012\/10\/mussi1-255x138.png?resize=350%2C200","width":350,"height":200},"classes":[]}],"jetpack_sharing_enabled":true,"jetpack_likes_enabled":true,"_links":{"self":[{"href":"https:\/\/www.24baires.com\/index.php?rest_route=\/wp\/v2\/posts\/5396","targetHints":{"allow":["GET"]}}],"collection":[{"href":"https:\/\/www.24baires.com\/index.php?rest_route=\/wp\/v2\/posts"}],"about":[{"href":"https:\/\/www.24baires.com\/index.php?rest_route=\/wp\/v2\/types\/post"}],"author":[{"embeddable":true,"href":"https:\/\/www.24baires.com\/index.php?rest_route=\/wp\/v2\/users\/4"}],"replies":[{"embeddable":true,"href":"https:\/\/www.24baires.com\/index.php?rest_route=%2Fwp%2Fv2%2Fcomments&post=5396"}],"version-history":[{"count":2,"href":"https:\/\/www.24baires.com\/index.php?rest_route=\/wp\/v2\/posts\/5396\/revisions"}],"predecessor-version":[{"id":5399,"href":"https:\/\/www.24baires.com\/index.php?rest_route=\/wp\/v2\/posts\/5396\/revisions\/5399"}],"wp:attachment":[{"href":"https:\/\/www.24baires.com\/index.php?rest_route=%2Fwp%2Fv2%2Fmedia&parent=5396"}],"wp:term":[{"taxonomy":"category","embeddable":true,"href":"https:\/\/www.24baires.com\/index.php?rest_route=%2Fwp%2Fv2%2Fcategories&post=5396"},{"taxonomy":"post_tag","embeddable":true,"href":"https:\/\/www.24baires.com\/index.php?rest_route=%2Fwp%2Fv2%2Ftags&post=5396"}],"curies":[{"name":"wp","href":"https:\/\/api.w.org\/{rel}","templated":true}]}}