{"id":53842,"date":"2014-09-17T21:00:49","date_gmt":"2014-09-18T00:00:49","guid":{"rendered":"http:\/\/www.24baires.com\/?p=53842"},"modified":"2014-09-17T20:41:47","modified_gmt":"2014-09-17T23:41:47","slug":"recular-en-chancletas","status":"publish","type":"post","link":"https:\/\/www.24baires.com\/?p=53842","title":{"rendered":"Recular en chancletas"},"content":{"rendered":"<p><img data-recalc-dims=\"1\" loading=\"lazy\" decoding=\"async\" class=\"aligncenter size-full wp-image-52398\" src=\"https:\/\/i0.wp.com\/www.24baires.com\/wp-content\/uploads\/2014\/08\/barrionuevo-moyano.jpg?resize=560%2C315\" alt=\"barrionuevo moyano\" width=\"560\" height=\"315\" srcset=\"https:\/\/i0.wp.com\/www.24baires.com\/wp-content\/uploads\/2014\/08\/barrionuevo-moyano.jpg?w=560&amp;ssl=1 560w, https:\/\/i0.wp.com\/www.24baires.com\/wp-content\/uploads\/2014\/08\/barrionuevo-moyano.jpg?resize=300%2C168&amp;ssl=1 300w\" sizes=\"auto, (max-width: 560px) 100vw, 560px\" \/>Complicada actividad, sobre todo si se dan pasos veloces. Aunque debe ser m\u00e1s conveniente hacerlo con pasitos cortos, no muy r\u00e1pido. Pero nunca es f\u00e1cil recular en chancletas, adem\u00e1s de que siempre dejan en evidencia la confusi\u00f3n de los pies, que no saben bien qu\u00e9 hacer. Pero hay quienes lo hacen y, como elefantes en bazares abarrotados, no pasan desapercibidos. <!--more--><\/p>\n<p>As\u00ed debieron moverse Luis Barrionuevo y Hugo Moyano, quienes ten\u00edan pensado organizar en los pr\u00f3ximos d\u00edas una nueva medida de fuerza contra el gobierno nacional. Pasa que el l\u00edder de gastron\u00f3micos habl\u00f3 de m\u00e1s con su habitual estilo de est\u00f3mago resfriado mezclado con, digamos, cierta falta de sutileza. Y dijo que en diciembre iba a haber un estallido social. Claro, si. Nacimos todos ayer, Luis.<br \/>\nCon la consabida habilidad del duhaldismo diab\u00f3lico para organizar \u201csaqueos\u201d, \u201cdesmanes\u201d y dem\u00e1s revueltas, las palabras de Barrionuevo alertaron ante la posibilidad de que, previsores, ya est\u00e9n organizando alg\u00fan tipo de conflicto para las fiestas e, incluso, algo en las pr\u00f3ximas semanas, como dijo Cristina Kirchner: \u201cNo me extra\u00f1ar\u00eda nada que se les ocurra armar una suerte de matin\u00e9 de la funci\u00f3n de diciembre durante los d\u00edas que viajar\u00e9 a Roma por invitaci\u00f3n del Papa Francisco, o durante la semana en la que estar\u00e9 en la ONU\u201d.<br \/>\nYa se\u00f1alados p\u00fablicamente por la Presidenta, estos dirigentes opositores nucleados en la llamada CGT Celeste y Blanca, levantaron las medidas que hab\u00edan empezado a proyectar para el pr\u00f3ximo mes.<br \/>\nY como le pegaron al chancho, apareci\u00f3 el due\u00f1o: Eduardo Duhalde abandon\u00f3 su cubil para salir a defender a su esbirro sindical, afirmando que \u201clos estallidos de diciembre han pasado siempre porque mucha gente no tiene lo m\u00ednimo para festejar\u201d, dejando a las claras su opini\u00f3n sobre el tema ya que queda en evidencia que sostiene la posibilidad de que para Navidad y A\u00f1o Nuevo ocurran algunos desmadres. Quiz\u00e1 lo sepa porque siempre est\u00e1 en la Secretar\u00eda de Organizaci\u00f3n de Estallidos Financiados y Perge\u00f1ados por Eduardo Duhalde y S\u00e9quito.<br \/>\nLa cosa es que, al salir Cristina a se\u00f1alar a Barrionuevo como un agitador social, tanto durante el acto de promulgaci\u00f3n de la Ley de Pago Soberano, como en su cuenta de Twitter, tuvieron que levantar la patita del acelerador y, como explicamos m\u00e1s arriba, recular en chancletas.<br \/>\nNo importa Hugo, Luis, -(L\u00e1stima que a Duhalde no le dicen Paco)- viene el verano, y las ojotas se van a usar mucho m\u00e1s que ahora, as\u00ed que, como dos Michael Jackson de muy bajito presupuesto, empiecen a practicar el famoso moon walker, porque me parece que van a tener que seguir reculando.<\/p>\n<p>&nbsp;<\/p>\n<p>&nbsp;<\/p>\n<p>&nbsp;<\/p>\n<p>&nbsp;<\/p>\n<p>&nbsp;<\/p>\n<p>&nbsp;<\/p>\n","protected":false},"excerpt":{"rendered":"<p>Complicada actividad, sobre todo si se dan pasos veloces. Aunque debe ser m\u00e1s conveniente hacerlo con pasitos cortos, no muy r\u00e1pido. Pero nunca es f\u00e1cil recular en chancletas, adem\u00e1s de que siempre dejan en evidencia la confusi\u00f3n de los pies, que no saben bien qu\u00e9 hacer. Pero hay quienes lo hacen y, como elefantes en bazares abarrotados, no pasan desapercibidos.<\/p>\n","protected":false},"author":8,"featured_media":0,"comment_status":"open","ping_status":"open","sticky":false,"template":"","format":"standard","meta":{"_jetpack_newsletter_access":"","_jetpack_dont_email_post_to_subs":false,"_jetpack_newsletter_tier_id":0,"_jetpack_memberships_contains_paywalled_content":false,"_jetpack_memberships_contains_paid_content":false,"footnotes":""},"categories":[64],"tags":[],"class_list":["post-53842","post","type-post","status-publish","format-standard","hentry","category-opinion"],"jetpack_featured_media_url":"","jetpack_shortlink":"https:\/\/wp.me\/p2JWE0-e0q","jetpack-related-posts":[{"id":64101,"url":"https:\/\/www.24baires.com\/?p=64101","url_meta":{"origin":53842,"position":0},"title":"Le peg\u00f3 con una chancleta a su hijo e ir\u00e1 presa","author":"GB","date":"10\/04\/2015","format":false,"excerpt":"LA PLATA-Le aplicaron la pena de seis meses de prisi\u00f3n en suspenso por un hecho que ocurri\u00f3 en el 2011 en La Plata. Luego de la agresi\u00f3n, el menor que en ese momento ten\u00eda once a\u00f1os, se fue a vivir a la casa de su padre. La Justicia de La\u2026","rel":"","context":"En \u00abSociedad\u00bb","block_context":{"text":"Sociedad","link":"https:\/\/www.24baires.com\/?cat=1"},"img":{"alt_text":"","src":"","width":0,"height":0},"classes":[]},{"id":45421,"url":"https:\/\/www.24baires.com\/?p=45421","url_meta":{"origin":53842,"position":1},"title":"Te presentamos los 10 tipos de parrilleros, \u00bfvos cu\u00e1l sos?","author":"GB","date":"06\/05\/2014","format":false,"excerpt":"El Director t\u00e9cnico de las parrillas (DTP). En general, hacer un asado es un placer \u00fanico y pasional para algunas personas. Un romance en el que se mezcla ardor, dedos quemados, transpiraci\u00f3n y olor a humo. Agasajar a la familia es una actividad muy placentera, aunque a veces se puede\u2026","rel":"","context":"En \u00abCocina &amp; Vinos\u00bb","block_context":{"text":"Cocina &amp; Vinos","link":"https:\/\/www.24baires.com\/?cat=52"},"img":{"alt_text":"asado3","src":"https:\/\/i0.wp.com\/www.24baires.com\/wp-content\/uploads\/2013\/05\/asado3.jpg?resize=350%2C200","width":350,"height":200,"srcset":"https:\/\/i0.wp.com\/www.24baires.com\/wp-content\/uploads\/2013\/05\/asado3.jpg?resize=350%2C200 1x, https:\/\/i0.wp.com\/www.24baires.com\/wp-content\/uploads\/2013\/05\/asado3.jpg?resize=525%2C300 1.5x"},"classes":[]},{"id":7538,"url":"https:\/\/www.24baires.com\/?p=7538","url_meta":{"origin":53842,"position":2},"title":"Diez tipos de parrilleros","author":"AF","date":"01\/12\/2012","format":false,"excerpt":"\u00a0 El Director t\u00e9cnico de las parrillas (DTP). En general, hacer un asado es un placer \u00fanico y pasional para algunas personas. Un romance en el que se mezcla ardor, dedos quemados, transpiraci\u00f3n y olor a humo. Agasajar a la familia es una actividad muy placentera, aunque a veces se\u2026","rel":"","context":"En \u00abCocina &amp; Vinos\u00bb","block_context":{"text":"Cocina &amp; Vinos","link":"https:\/\/www.24baires.com\/?cat=52"},"img":{"alt_text":"","src":"https:\/\/i0.wp.com\/www.24baires.com\/wp-content\/uploads\/2012\/12\/asado.jpg?resize=350%2C200","width":350,"height":200,"srcset":"https:\/\/i0.wp.com\/www.24baires.com\/wp-content\/uploads\/2012\/12\/asado.jpg?resize=350%2C200 1x, https:\/\/i0.wp.com\/www.24baires.com\/wp-content\/uploads\/2012\/12\/asado.jpg?resize=525%2C300 1.5x"},"classes":[]},{"id":121396,"url":"https:\/\/www.24baires.com\/?p=121396","url_meta":{"origin":53842,"position":3},"title":"Finalmente el Gobierno mand\u00f3 al Ej\u00e9rcito a repartir leche y alimentos que est\u00e1n por vencerse","author":"GB","date":"31\/05\/2024","format":false,"excerpt":"En medio del esc\u00e1ndalo por los alimentos almacenados, el Gobierno ech\u00f3 a un funcionario de Capital Humano. Adem\u00e1s, se repartir\u00e1 los alimentos pr\u00f3ximos a vencer. Luego de desatarse el esc\u00e1ndalo y sin vuelta atr\u00e1s, el Gobierno recul\u00f3 y decidi\u00f3 repartir los alimentos que ten\u00eda almacenado el Ministerio de Capital Humano,\u2026","rel":"","context":"En \u00abPol\u00edtica\u00bb","block_context":{"text":"Pol\u00edtica","link":"https:\/\/www.24baires.com\/?cat=51"},"img":{"alt_text":"","src":"https:\/\/i0.wp.com\/www.24baires.com\/wp-content\/uploads\/2024\/05\/pettovello.webp?resize=350%2C200","width":350,"height":200,"srcset":"https:\/\/i0.wp.com\/www.24baires.com\/wp-content\/uploads\/2024\/05\/pettovello.webp?resize=350%2C200 1x, https:\/\/i0.wp.com\/www.24baires.com\/wp-content\/uploads\/2024\/05\/pettovello.webp?resize=525%2C300 1.5x, https:\/\/i0.wp.com\/www.24baires.com\/wp-content\/uploads\/2024\/05\/pettovello.webp?resize=700%2C400 2x"},"classes":[]},{"id":98074,"url":"https:\/\/www.24baires.com\/?p=98074","url_meta":{"origin":53842,"position":4},"title":"Milagro Sala: \u00abHoy me toc\u00f3 a mi pero ma\u00f1ana le puede tocar a cualquiera\u00bb","author":"GB","date":"15\/10\/2017","format":false,"excerpt":"La dirigente social responsabiliz\u00f3 al M\u00e1ximo Tribunal de Jujuy, a Gerardo Morales y Mauricio Macri de lo que pueda ocurrirle en el Penal al que fue trasladada ayer a la ma\u00f1ana, tras 44 d\u00edas de prisi\u00f3n domiciliaria. A un d\u00eda de su traslado al penal del Alto Comedero, Milagro Sala\u2026","rel":"","context":"En \u00abPol\u00edtica\u00bb","block_context":{"text":"Pol\u00edtica","link":"https:\/\/www.24baires.com\/?cat=51"},"img":{"alt_text":"","src":"https:\/\/i0.wp.com\/www.24baires.com\/wp-content\/uploads\/2017\/10\/milagro-sala.jpg?resize=350%2C200","width":350,"height":200,"srcset":"https:\/\/i0.wp.com\/www.24baires.com\/wp-content\/uploads\/2017\/10\/milagro-sala.jpg?resize=350%2C200 1x, https:\/\/i0.wp.com\/www.24baires.com\/wp-content\/uploads\/2017\/10\/milagro-sala.jpg?resize=525%2C300 1.5x"},"classes":[]},{"id":112608,"url":"https:\/\/www.24baires.com\/?p=112608","url_meta":{"origin":53842,"position":5},"title":"La lucha colectiva","author":"AF","date":"23\/10\/2019","format":false,"excerpt":"\u201cComo un rayo, para siempre. Para lo que fue y ser\u00e1\u201d Fito P\u00e1ez No necesito concentrarme para recordar la angustia, la desesperaci\u00f3n de finales de 2015. Porque todav\u00eda las injusticias se repiten con horror, y porque ba\u00f1aron de angustia la superficie de todas las cosas. La amargura de saber que\u2026","rel":"","context":"En \u00abOpini\u00f3n\u00bb","block_context":{"text":"Opini\u00f3n","link":"https:\/\/www.24baires.com\/?cat=64"},"img":{"alt_text":"","src":"https:\/\/i0.wp.com\/www.24baires.com\/wp-content\/uploads\/2019\/10\/cristina-raverta-axel.jpg?resize=350%2C200","width":350,"height":200,"srcset":"https:\/\/i0.wp.com\/www.24baires.com\/wp-content\/uploads\/2019\/10\/cristina-raverta-axel.jpg?resize=350%2C200 1x, https:\/\/i0.wp.com\/www.24baires.com\/wp-content\/uploads\/2019\/10\/cristina-raverta-axel.jpg?resize=525%2C300 1.5x"},"classes":[]}],"jetpack_sharing_enabled":true,"jetpack_likes_enabled":true,"_links":{"self":[{"href":"https:\/\/www.24baires.com\/index.php?rest_route=\/wp\/v2\/posts\/53842","targetHints":{"allow":["GET"]}}],"collection":[{"href":"https:\/\/www.24baires.com\/index.php?rest_route=\/wp\/v2\/posts"}],"about":[{"href":"https:\/\/www.24baires.com\/index.php?rest_route=\/wp\/v2\/types\/post"}],"author":[{"embeddable":true,"href":"https:\/\/www.24baires.com\/index.php?rest_route=\/wp\/v2\/users\/8"}],"replies":[{"embeddable":true,"href":"https:\/\/www.24baires.com\/index.php?rest_route=%2Fwp%2Fv2%2Fcomments&post=53842"}],"version-history":[{"count":1,"href":"https:\/\/www.24baires.com\/index.php?rest_route=\/wp\/v2\/posts\/53842\/revisions"}],"predecessor-version":[{"id":53843,"href":"https:\/\/www.24baires.com\/index.php?rest_route=\/wp\/v2\/posts\/53842\/revisions\/53843"}],"wp:attachment":[{"href":"https:\/\/www.24baires.com\/index.php?rest_route=%2Fwp%2Fv2%2Fmedia&parent=53842"}],"wp:term":[{"taxonomy":"category","embeddable":true,"href":"https:\/\/www.24baires.com\/index.php?rest_route=%2Fwp%2Fv2%2Fcategories&post=53842"},{"taxonomy":"post_tag","embeddable":true,"href":"https:\/\/www.24baires.com\/index.php?rest_route=%2Fwp%2Fv2%2Ftags&post=53842"}],"curies":[{"name":"wp","href":"https:\/\/api.w.org\/{rel}","templated":true}]}}