{"id":5380,"date":"2012-11-14T13:50:02","date_gmt":"2012-11-14T16:50:02","guid":{"rendered":"http:\/\/www.24baires.com\/?p=5380"},"modified":"2012-11-14T13:50:37","modified_gmt":"2012-11-14T16:50:37","slug":"en-junin-piden-relevar-a-los-comisarios-porque-se-ha-roto-la-cadena-de-mando","status":"publish","type":"post","link":"https:\/\/www.24baires.com\/?p=5380","title":{"rendered":"En Jun\u00edn piden relevar a los comisarios porque \u00abse ha roto la cadena de mando\u00bb"},"content":{"rendered":"<p>Mientras se recalienta la discusi\u00f3n por la creciente ola delictiva, los dirigentes vecinales reclamaron que \u201ccambien\u201d a los jefes policiales de ambas dependencias. Esto ocurre luego del choque entre un patrullero y una moto cuyo conductor est\u00e1 en grave estado.<!--more--><\/p>\n<p>En medio del debate y los cruces por la creciente ola delictiva que aqueja a la ciudad, los foros de seguridad municipales pidieron en una reuni\u00f3n llevada a cabo en la noche del lunes, el relevo de los jefes a cargo de las comisar\u00edas Primera y Segunda de Jun\u00edn, por considerar que \u201cse ha roto la cadena de mando\u201d y que es preciso un \u201ccambio\u201d.<\/p>\n<p>Las cr\u00edticas de los foristas hacia la Fuerza ven\u00edan haci\u00e9ndose o\u00edr desde hace algunos meses, pero un hecho precipit\u00f3 los cuestionamientos: el choque que se produjo el domingo \u00faltimo entre un m\u00f3vil policial y una moto, por el cual result\u00f3 gravemente herido Gonzalo Bello, de 26 a\u00f1os, que ahora lucha por su vida.<br \/>\nMientras algunas versiones indicar\u00edan que el veh\u00edculo policial habr\u00eda cruzado el sem\u00e1foro en rojo y sin las balizas encendidas, una alta fuente policial revel\u00f3 a este diario que quien conduc\u00eda, una oficial que hac\u00eda seis a\u00f1os que estaba en la Fuerza y que ahora fue separada, no estaba autorizada para hacerlo.<br \/>\nEn los registros del veh\u00edculo policial siniestrado, seg\u00fan pudo recabar este diario, figurar\u00eda que el m\u00f3vil levant\u00f3 una velocidad -al momento del impacto en avenida Benito de Miguel y Ameghino- de 72 kil\u00f3metros por hora<\/p>\n<p>\u201cRelevo de mandos\u201d<\/p>\n<p>Osvaldo Giapor, presidente del Foro Municipal de Seguridad N\u00ba 1, responsable del seguimiento y control de la Tasa Complementaria de Seguridad y titular de la Sociedad de Fomento de Prado Espa\u00f1ol, afirm\u00f3 que este lunes mantuvieron una reuni\u00f3n con el Secretario General del Gobierno local, Javier Gabrielli, y con el jefe distrital de la Polic\u00eda, Marcelo Arig\u00fcel, donde pidieron el \u201crelevo de los comisarios\u201d de las dos dependencias policiales que hay en nuestra ciudad.<br \/>\n\u201cLos tres foros le hemos retirado el apoyo a los comisarios\u201d, coment\u00f3 Giapor. \u201cEst\u00e1 agotado el trabajo de ellos, se perdi\u00f3 la cadena de mando\u201d, opin\u00f3 el fomentista.<br \/>\nAyer martes, en tanto, los foristas trasladaron el reclamo al flamante jefe de la Departamental Jun\u00edn, Walter Pelle, con quien mantuvieron un encuentro.<br \/>\n\u201cPelle est\u00e1 pr\u00e1cticamente de acuerdo con nosotros, nos pidi\u00f3 tiempo, pero nosotros no queremos esperar, queremos un cambio, por la seguridad de la ciudad\u201d, afirm\u00f3 Giapor.<br \/>\nCon todo, el lamentable episodio de la colisi\u00f3n entre un patrullero y una moto no es el \u00fanico motivo que impulsa la protesta y el malestar por la inseguridad en nuestra ciudad. Ocho cr\u00edmenes en lo que va del a\u00f1o (muchos de ellos, impunes y sin imputados en las causas), y una ola de violentos asaltos a comercios, agregan densidad al reclamo de la sociedad.<br \/>\nHasta el momento, s\u00f3lo hab\u00edan existido declaraciones y cruces entre pol\u00edticos de distintos sectores y funcionarios judiciales, ech\u00e1ndose la culpa unos a otros, pero ahora los representantes vecinales dieron un paso m\u00e1s, y piden lisa y llanamente el relevo de los jefes policiales.<br \/>\nCabe recordar que el propio Secretario General del Municipio, Javier Gabrielli, hab\u00eda apuntado los ca\u00f1ones a la Justicia, puntualmente, a los jueces de garant\u00eda, poniendo sobre el tapete el elevado n\u00famero de \u201creincidencia\u201d en el delito, a lo que los jueces respondieron que se limitan a cumplir lo que establece la ley y que act\u00faan, como corresponde en estos casos, conforme a derecho.<br \/>\nPor otra parte, desde la oposici\u00f3n cargaron contra la responsabilidad pol\u00edtica del Intendente, y coincidieron en que falta \u201cconducci\u00f3n pol\u00edtica\u201d por parte del Ejecutivo comunal, m\u00e1s all\u00e1 de que la conducci\u00f3n de la fuerza policial est\u00e1 en manos de la Provincia.<\/p>\n<p>\u201cHay que oxigenar a la Polic\u00eda\u201d<\/p>\n<p>En estricta reserva, en el c\u00edrculo del \u00e1rea de seguridad de la Comuna no ven con malos ojos que haya un cambio de comisarios. \u201cCreemos que hay que oxigenar la Fuerza, porque sino aparecen los vicios y no es sano; en ocho a\u00f1os de gesti\u00f3n meonista las c\u00fapulas no se han movido y eso no es normal\u201d, afirm\u00f3 una fuente municipal del \u00e1rea de seguridad.<br \/>\nY a\u00f1adi\u00f3, en concordancia con los dichos de Giapor, que el nuevo jefe departamental estar\u00eda de acuerdo en relevar a los comisarios. \u201cEn Pehuaj\u00f3, una ciudad de casi 40 mil habitantes, la Polic\u00eda identifica por cuadr\u00edcula a unas 70 personas por d\u00eda, mientras que en Jun\u00edn esa cifra no supera las 30 personas\u201d, afirm\u00f3 la fuente, y pidi\u00f3 m\u00e1s presencia policial en las calles.<\/p>\n<p>Reuni\u00f3n con el Intendente<\/p>\n<p>En este contexto, el intendente municipal, Mario Meoni, mantendr\u00e1 una reuni\u00f3n con el Secretario de Seguridad del municipio, V\u00edctor Knappe, y con el director de Asistencia a la V\u00edctima, Andr\u00e9s Rosa, entre otros funcionarios, para tejer un mapa de situaci\u00f3n con respecto al incremento del delito en nuestra ciudad evaluar las medidas a tomar.<\/p>\n","protected":false},"excerpt":{"rendered":"<p>Mientras se recalienta la discusi\u00f3n por la creciente ola delictiva, los dirigentes vecinales reclamaron que \u201ccambien\u201d a los jefes policiales de ambas dependencias. Esto ocurre luego del choque entre un patrullero y una moto cuyo conductor est\u00e1 en grave estado.<\/p>\n","protected":false},"author":4,"featured_media":0,"comment_status":"open","ping_status":"open","sticky":false,"template":"","format":"standard","meta":{"_jetpack_newsletter_access":"","_jetpack_dont_email_post_to_subs":false,"_jetpack_newsletter_tier_id":0,"_jetpack_memberships_contains_paywalled_content":false,"_jetpack_memberships_contains_paid_content":false,"footnotes":""},"categories":[38],"tags":[],"class_list":["post-5380","post","type-post","status-publish","format-standard","hentry","category-locales"],"jetpack_featured_media_url":"","jetpack_shortlink":"https:\/\/wp.me\/p2JWE0-1oM","jetpack-related-posts":[{"id":101772,"url":"https:\/\/www.24baires.com\/?p=101772","url_meta":{"origin":5380,"position":0},"title":"El intendente de Florencio Varela critic\u00f3 a Patricia Bullrich y pidi\u00f3 seguridad","author":"GB","date":"24\/04\/2018","format":false,"excerpt":"El jefe comunal mantuvo una reuni\u00f3n con la polic\u00eda de ese distrito y funcionarios municipales ante la preocupaci\u00f3n de los vecinos. En ese marco apunt\u00f3 contra la Ministra de Seguridad de la Naci\u00f3n. El Intendente de Florencio Varela, Andr\u00e9s Watson, se reuni\u00f3 ayer por la tarde con las fuerzas de\u2026","rel":"","context":"En \u00abMunicipios\u00bb","block_context":{"text":"Municipios","link":"https:\/\/www.24baires.com\/?cat=44"},"img":{"alt_text":"","src":"https:\/\/i0.wp.com\/www.24baires.com\/wp-content\/uploads\/2018\/04\/int-florencio-varela.jpg?resize=350%2C200","width":350,"height":200,"srcset":"https:\/\/i0.wp.com\/www.24baires.com\/wp-content\/uploads\/2018\/04\/int-florencio-varela.jpg?resize=350%2C200 1x, https:\/\/i0.wp.com\/www.24baires.com\/wp-content\/uploads\/2018\/04\/int-florencio-varela.jpg?resize=525%2C300 1.5x"},"classes":[]},{"id":18499,"url":"https:\/\/www.24baires.com\/?p=18499","url_meta":{"origin":5380,"position":1},"title":"Casal relev\u00f3 a la plana mayor de la Departamental Jun\u00edn","author":"Grupo Sierra","date":"15\/03\/2013","format":false,"excerpt":"A menos de una semana del brutal crimen de Karen Campos y luego de que se conozca que una mujer de 72 a\u00f1os fue hallada sin vida, el ministro de Justicia y Seguridad decidi\u00f3 separar a la plana mayor de la departamental Jun\u00edn y mand\u00f3 a la c\u00fapula de la\u2026","rel":"","context":"En \u00abPoliciales\u00bb","block_context":{"text":"Policiales","link":"https:\/\/www.24baires.com\/?cat=49"},"img":{"alt_text":"","src":"","width":0,"height":0},"classes":[]},{"id":55500,"url":"https:\/\/www.24baires.com\/?p=55500","url_meta":{"origin":5380,"position":2},"title":"Aseguran que Jun\u00edn es una de las ciudades m\u00e1s inseguras de la Provincia","author":"GB","date":"16\/10\/2014","format":false,"excerpt":"As\u00ed lo admiti\u00f3 el Coordinador provincial de los Centros de Referencia del Ministerio de Desarrollo Social de la Naci\u00f3n y Concejal del FPV, Gustavo Traverso. El referente responsabiliz\u00f3 a la Polic\u00eda, la Justicia y a la inacci\u00f3n del Gobierno Local por la ola delictiva, al tiempo que destac\u00f3 que las\u2026","rel":"","context":"En \u00abLocales\u00bb","block_context":{"text":"Locales","link":"https:\/\/www.24baires.com\/?cat=38"},"img":{"alt_text":"","src":"","width":0,"height":0},"classes":[]},{"id":45388,"url":"https:\/\/www.24baires.com\/?p=45388","url_meta":{"origin":5380,"position":3},"title":"El intendente de Chascom\u00fas se re\u00fane con Granados por la creciente inseguridad","author":"AF","date":"06\/05\/2014","format":false,"excerpt":"El jefe comunal del municipio de Chascom\u00fas, Juan Gobbi, convoc\u00f3 a las autoridades policiales y judiciales del partido para analizar la creciente ola delictiva que genera \u201cinseguridad y zozobra en la poblaci\u00f3n\u201d y por este tema hoy se reunir\u00e1 con el ministro de Seguridad, Alejandro Granados. El intendente expres\u00f3 su\u2026","rel":"","context":"En \u00abLocales\u00bb","block_context":{"text":"Locales","link":"https:\/\/www.24baires.com\/?cat=38"},"img":{"alt_text":"","src":"","width":0,"height":0},"classes":[]},{"id":85090,"url":"https:\/\/www.24baires.com\/?p=85090","url_meta":{"origin":5380,"position":4},"title":"Pinamar: el Intendente dijo que ten\u00eda entre \u00abceja y ceja\u00bb al Jefe policial","author":"AF","date":"18\/07\/2016","format":false,"excerpt":"El intendente de Pinamar, Mart\u00edn Yeza, asegur\u00f3 que ten\u00eda entre \"ceja y ceja\u201d desde hace un tiempo al comisario de esa localidad que fue desplazado de su cargo luego de que un compa\u00f1ero lo grabara jact\u00e1ndose de \u201crobarle a la gente\u201d. \"Hace dos meses tuve un encontronazo con \u00e9l, donde\u2026","rel":"","context":"En \u00abLocales\u00bb","block_context":{"text":"Locales","link":"https:\/\/www.24baires.com\/?cat=38"},"img":{"alt_text":"yeza","src":"https:\/\/i0.wp.com\/www.24baires.com\/wp-content\/uploads\/2016\/07\/yeza.jpg?resize=350%2C200","width":350,"height":200,"srcset":"https:\/\/i0.wp.com\/www.24baires.com\/wp-content\/uploads\/2016\/07\/yeza.jpg?resize=350%2C200 1x, https:\/\/i0.wp.com\/www.24baires.com\/wp-content\/uploads\/2016\/07\/yeza.jpg?resize=525%2C300 1.5x"},"classes":[]},{"id":70707,"url":"https:\/\/www.24baires.com\/?p=70707","url_meta":{"origin":5380,"position":5},"title":"Aseguran que desde el debut de la Polic\u00eda Local, se redujo la cantidad de llamados al 101","author":"GB","date":"17\/08\/2015","format":false,"excerpt":"JUN\u00cdN-La presencia de la fuerza contribuy\u00f3 a bajar el \u00edndice delictivo, dijo Andr\u00e9s Rosa. En la Jefatura Distrital de la Polic\u00eda Bonaerense \u2013que tambi\u00e9n sum\u00f3 efectivos a la calle\u2013 coinciden en que hay menos denuncias. Los vecinos piden que lleguen a m\u00e1s barrios. La mayor presencia policial en las calles\u2026","rel":"","context":"En \u00abPoliciales\u00bb","block_context":{"text":"Policiales","link":"https:\/\/www.24baires.com\/?cat=49"},"img":{"alt_text":"","src":"","width":0,"height":0},"classes":[]}],"jetpack_sharing_enabled":true,"jetpack_likes_enabled":true,"_links":{"self":[{"href":"https:\/\/www.24baires.com\/index.php?rest_route=\/wp\/v2\/posts\/5380","targetHints":{"allow":["GET"]}}],"collection":[{"href":"https:\/\/www.24baires.com\/index.php?rest_route=\/wp\/v2\/posts"}],"about":[{"href":"https:\/\/www.24baires.com\/index.php?rest_route=\/wp\/v2\/types\/post"}],"author":[{"embeddable":true,"href":"https:\/\/www.24baires.com\/index.php?rest_route=\/wp\/v2\/users\/4"}],"replies":[{"embeddable":true,"href":"https:\/\/www.24baires.com\/index.php?rest_route=%2Fwp%2Fv2%2Fcomments&post=5380"}],"version-history":[{"count":2,"href":"https:\/\/www.24baires.com\/index.php?rest_route=\/wp\/v2\/posts\/5380\/revisions"}],"predecessor-version":[{"id":5410,"href":"https:\/\/www.24baires.com\/index.php?rest_route=\/wp\/v2\/posts\/5380\/revisions\/5410"}],"wp:attachment":[{"href":"https:\/\/www.24baires.com\/index.php?rest_route=%2Fwp%2Fv2%2Fmedia&parent=5380"}],"wp:term":[{"taxonomy":"category","embeddable":true,"href":"https:\/\/www.24baires.com\/index.php?rest_route=%2Fwp%2Fv2%2Fcategories&post=5380"},{"taxonomy":"post_tag","embeddable":true,"href":"https:\/\/www.24baires.com\/index.php?rest_route=%2Fwp%2Fv2%2Ftags&post=5380"}],"curies":[{"name":"wp","href":"https:\/\/api.w.org\/{rel}","templated":true}]}}