{"id":5377,"date":"2012-11-14T11:24:43","date_gmt":"2012-11-14T14:24:43","guid":{"rendered":"http:\/\/www.24baires.com\/?p=5377"},"modified":"2012-11-14T11:24:43","modified_gmt":"2012-11-14T14:24:43","slug":"tandil-se-prepara-para-la-40o-edicion-de-su-maraton","status":"publish","type":"post","link":"https:\/\/www.24baires.com\/?p=5377","title":{"rendered":"Tandil se prepara para la 40\u00ba edici\u00f3n de su Marat\u00f3n"},"content":{"rendered":"<p>Este domingo se correr\u00e1 la 40\u00aa edici\u00f3n de la Marat\u00f3n Tandilia. Ser\u00e1n 11.111 metros cruzando la ciudad, desde La Movediza, hasta el Lago, pasando por El Calvario y el Parque Independencia.<!--more--><\/p>\n<p>La cita es el domingo, al pie de la piedra movediza. La cl\u00e1sica carrera de Tandilia -que llega a su 40\u00aa edici\u00f3n- se realizar\u00e1 este fin de semana, en un recorrido que tendr\u00e1 11.111 metros.<\/p>\n<p>En Tandilia participar\u00e1n 1.600 corredores y 700 caminantes, y si bien todav\u00eda quedan cupos disponibles para aquellos que quieran anotarse, desde la organizaci\u00f3n informaron que a la fecha ya superaron los 1.200 inscriptos.<\/p>\n<p>Hasta el s\u00e1bado habr\u00e1 un puesto en la Municipalidad de Tandil, donde los interesados pueden anotarse.<\/p>\n<p>El costo de la inscripci\u00f3n es de 100 pesos, y a cada atleta se le entregar\u00e1 una remera t\u00e9cnica, una medalla para todos los que finalicen y tambi\u00e9n elementos de hidrataci\u00f3n.<\/p>\n","protected":false},"excerpt":{"rendered":"<p>Este domingo se correr\u00e1 la 40\u00aa edici\u00f3n de la Marat\u00f3n Tandilia. Ser\u00e1n 11.111 metros cruzando la ciudad, desde La Movediza, hasta el Lago, pasando por El Calvario y el Parque Independencia.<\/p>\n","protected":false},"author":4,"featured_media":0,"comment_status":"open","ping_status":"open","sticky":false,"template":"","format":"standard","meta":{"_jetpack_newsletter_access":"","_jetpack_dont_email_post_to_subs":false,"_jetpack_newsletter_tier_id":0,"_jetpack_memberships_contains_paywalled_content":false,"_jetpack_memberships_contains_paid_content":false,"footnotes":""},"categories":[38],"tags":[],"class_list":["post-5377","post","type-post","status-publish","format-standard","hentry","category-locales"],"jetpack_featured_media_url":"","jetpack_shortlink":"https:\/\/wp.me\/p2JWE0-1oJ","jetpack-related-posts":[{"id":5876,"url":"https:\/\/www.24baires.com\/?p=5876","url_meta":{"origin":5377,"position":0},"title":"Se realiz\u00f3 la 40\u00ba edici\u00f3n de la Marat\u00f3n Tandilia","author":"AF","date":"18\/11\/2012","format":false,"excerpt":"TANDIL - El atleta de Carmen de Patagones se qued\u00f3 con la edici\u00f3n 40 de Tandilia, la tradicional prueba atl\u00e9tica de Tandil que este a\u00f1o cont\u00f3 con r\u00e9cord de inscriptos. Segundo arrib\u00f3 Mariano Mastromarino (Mar del Plata) y complet\u00f3 el podio el olavarriense Gustavo Fern\u00e1ndez. En damas, la ganadora fue\u2026","rel":"","context":"En \u00abLocales\u00bb","block_context":{"text":"Locales","link":"https:\/\/www.24baires.com\/?cat=38"},"img":{"alt_text":"","src":"","width":0,"height":0},"classes":[]},{"id":35745,"url":"https:\/\/www.24baires.com\/?p=35745","url_meta":{"origin":5377,"position":1},"title":"El 40% de los turistas eligi\u00f3 como destino un lugar de la Provincia","author":"AF","date":"26\/11\/2013","format":false,"excerpt":"Mientras el regreso a casa despu\u00e9s del fin de semana largo fue lento y con picos de 2600 veh\u00edculos por hora en el peaje Samboromb\u00f3n de la Autov\u00eda 2, el receso tuvo a la provincia de Buenos Aires como protagonista con muy alta ocupaci\u00f3n en algunos destinos y alrededor del\u2026","rel":"","context":"En \u00abSociedad\u00bb","block_context":{"text":"Sociedad","link":"https:\/\/www.24baires.com\/?cat=1"},"img":{"alt_text":"costa","src":"https:\/\/i0.wp.com\/www.24baires.com\/wp-content\/uploads\/2012\/11\/costa.jpg?resize=350%2C200","width":350,"height":200,"srcset":"https:\/\/i0.wp.com\/www.24baires.com\/wp-content\/uploads\/2012\/11\/costa.jpg?resize=350%2C200 1x, https:\/\/i0.wp.com\/www.24baires.com\/wp-content\/uploads\/2012\/11\/costa.jpg?resize=525%2C300 1.5x"},"classes":[]},{"id":98514,"url":"https:\/\/www.24baires.com\/?p=98514","url_meta":{"origin":5377,"position":2},"title":"Decretaron la emergencia h\u00eddrica en 21 distritos bonaerenses","author":"AF","date":"02\/11\/2017","format":false,"excerpt":"El Gobierno bonaerense declar\u00f3 el estado de emergencia h\u00eddrica por 18 meses para 21 distritos bonaerenses, afectados por las inundaciones que desde principios de a\u00f1o castigan a buena parte del campo de la provincia de Buenos Aires. A trav\u00e9s de un decreto, el Gobierno concedi\u00f3 la emergencia para los distritos\u2026","rel":"","context":"En \u00abProvincia\u00bb","block_context":{"text":"Provincia","link":"https:\/\/www.24baires.com\/?cat=40"},"img":{"alt_text":"","src":"https:\/\/i0.wp.com\/www.24baires.com\/wp-content\/uploads\/2017\/01\/inundaci%C3%B3n.png?resize=350%2C200","width":350,"height":200,"srcset":"https:\/\/i0.wp.com\/www.24baires.com\/wp-content\/uploads\/2017\/01\/inundaci%C3%B3n.png?resize=350%2C200 1x, https:\/\/i0.wp.com\/www.24baires.com\/wp-content\/uploads\/2017\/01\/inundaci%C3%B3n.png?resize=525%2C300 1.5x"},"classes":[]},{"id":39521,"url":"https:\/\/www.24baires.com\/?p=39521","url_meta":{"origin":5377,"position":3},"title":"Lober\u00eda, a un pasito del 123\u00b0 Aniversario","author":"Grupo Sierra","date":"30\/01\/2014","format":false,"excerpt":"La intendente de dicha localidad, Diana Arg\u00fcello, consider\u00f3 que \"somos un distrito bendecido por todas las bellezas naturales que tenemos\". La ciudad de Lober\u00eda celebrar\u00e1 ma\u00f1ana su 123\u00b0 Aniversario con la presencia de Sandra MIhanovich como artista central en el festejo popular que se llevar\u00e1 adelante en el escenario mayor\u2026","rel":"","context":"En \u00abLocales\u00bb","block_context":{"text":"Locales","link":"https:\/\/www.24baires.com\/?cat=38"},"img":{"alt_text":"","src":"","width":0,"height":0},"classes":[]},{"id":53135,"url":"https:\/\/www.24baires.com\/?p=53135","url_meta":{"origin":5377,"position":4},"title":"Tandil: vecinos atacaron a un joven que intent\u00f3 asaltar un negocio","author":"GB","date":"05\/09\/2014","format":false,"excerpt":"El hecho ocurri\u00f3 en la ciudad bonaerense de Tandil cuando un delincuente armado y con antecedentes quiso robarle a una mujer en un almac\u00e9n. Un ladr\u00f3n armado, con antecedentes por robo y homicidio, fue golpeado por vecinos y el due\u00f1o de un negocio al que intent\u00f3 asaltar en la ciudad\u2026","rel":"","context":"En \u00abPoliciales\u00bb","block_context":{"text":"Policiales","link":"https:\/\/www.24baires.com\/?cat=49"},"img":{"alt_text":"","src":"","width":0,"height":0},"classes":[]},{"id":105111,"url":"https:\/\/www.24baires.com\/?p=105111","url_meta":{"origin":5377,"position":5},"title":"Tandil: buscan a un joven cuyo auto apareci\u00f3 incendiado y con restos de sangre","author":"AF","date":"25\/10\/2018","format":false,"excerpt":"Jorge Bustamante sali\u00f3 el mi\u00e9rcoles por la madrugada hacia la Ciudad de Buenos Aires pero el coche apareci\u00f3 apuntando hacia otra direcci\u00f3n. Tandil es escenario de un fuerte operativo de b\u00fasqueda de un joven de 24 a\u00f1os que sali\u00f3 el mi\u00e9rcoles a la 1.30 de la madrugada hacia la Ciudad\u2026","rel":"","context":"En \u00abPoliciales\u00bb","block_context":{"text":"Policiales","link":"https:\/\/www.24baires.com\/?cat=49"},"img":{"alt_text":"","src":"https:\/\/i0.wp.com\/www.24baires.com\/wp-content\/uploads\/2018\/10\/b%C3%BAsqueda.jpeg?resize=350%2C200","width":350,"height":200,"srcset":"https:\/\/i0.wp.com\/www.24baires.com\/wp-content\/uploads\/2018\/10\/b%C3%BAsqueda.jpeg?resize=350%2C200 1x, https:\/\/i0.wp.com\/www.24baires.com\/wp-content\/uploads\/2018\/10\/b%C3%BAsqueda.jpeg?resize=525%2C300 1.5x"},"classes":[]}],"jetpack_sharing_enabled":true,"jetpack_likes_enabled":true,"_links":{"self":[{"href":"https:\/\/www.24baires.com\/index.php?rest_route=\/wp\/v2\/posts\/5377","targetHints":{"allow":["GET"]}}],"collection":[{"href":"https:\/\/www.24baires.com\/index.php?rest_route=\/wp\/v2\/posts"}],"about":[{"href":"https:\/\/www.24baires.com\/index.php?rest_route=\/wp\/v2\/types\/post"}],"author":[{"embeddable":true,"href":"https:\/\/www.24baires.com\/index.php?rest_route=\/wp\/v2\/users\/4"}],"replies":[{"embeddable":true,"href":"https:\/\/www.24baires.com\/index.php?rest_route=%2Fwp%2Fv2%2Fcomments&post=5377"}],"version-history":[{"count":2,"href":"https:\/\/www.24baires.com\/index.php?rest_route=\/wp\/v2\/posts\/5377\/revisions"}],"predecessor-version":[{"id":5379,"href":"https:\/\/www.24baires.com\/index.php?rest_route=\/wp\/v2\/posts\/5377\/revisions\/5379"}],"wp:attachment":[{"href":"https:\/\/www.24baires.com\/index.php?rest_route=%2Fwp%2Fv2%2Fmedia&parent=5377"}],"wp:term":[{"taxonomy":"category","embeddable":true,"href":"https:\/\/www.24baires.com\/index.php?rest_route=%2Fwp%2Fv2%2Fcategories&post=5377"},{"taxonomy":"post_tag","embeddable":true,"href":"https:\/\/www.24baires.com\/index.php?rest_route=%2Fwp%2Fv2%2Ftags&post=5377"}],"curies":[{"name":"wp","href":"https:\/\/api.w.org\/{rel}","templated":true}]}}