{"id":5372,"date":"2012-11-14T10:54:07","date_gmt":"2012-11-14T13:54:07","guid":{"rendered":"http:\/\/www.24baires.com\/?p=5372"},"modified":"2012-11-14T10:54:07","modified_gmt":"2012-11-14T13:54:07","slug":"no-habra-saleros-en-las-mesas-de-la-costa-atlantica","status":"publish","type":"post","link":"https:\/\/www.24baires.com\/?p=5372","title":{"rendered":"No habr\u00e1 saleros en las mesas de la costa atl\u00e1ntica"},"content":{"rendered":"<p><img data-recalc-dims=\"1\" loading=\"lazy\" decoding=\"async\" class=\"alignleft size-medium wp-image-5373\" title=\"collia crotto\" src=\"https:\/\/i0.wp.com\/www.24baires.com\/wp-content\/uploads\/2012\/11\/collia-crotto.png?resize=300%2C185\" alt=\"\" width=\"300\" height=\"185\" srcset=\"https:\/\/i0.wp.com\/www.24baires.com\/wp-content\/uploads\/2012\/11\/collia-crotto.png?resize=300%2C185&amp;ssl=1 300w, https:\/\/i0.wp.com\/www.24baires.com\/wp-content\/uploads\/2012\/11\/collia-crotto.png?w=560&amp;ssl=1 560w\" sizes=\"auto, (max-width: 300px) 100vw, 300px\" \/>Con la mirada puesta en la temporada de verano, el ministerio de Salud de la Provincia firm\u00f3 un convenio con la Secretar\u00eda de Turismo y la Federaci\u00f3n Empresaria Hotelera Gastron\u00f3mica de la Rep\u00fablica Argentina (FEHGRA), para que en los bares, restaurantes y comercios de la costa atl\u00e1ntica retiren los saleros de las mesas y, adem\u00e1s, brinden informaci\u00f3n sobre los riesgos del consumo exagerado de sodio.<!--more--><\/p>\n<p>La iniciativa se suma al acuerdo que Salud ya firm\u00f3 con UTHGRA (Uni\u00f3n de Trabajadores del Turismo, Hoteleros y Gastron\u00f3micos de la Rep\u00fablica Argentina) y FAIPA (Federaci\u00f3n Argentina de Industria del Pan) para promover el uso racional de la sal, que en una persona hipertensa resulta un verdadero veneno para las arterias. A trav\u00e9s de las 17 filiales que tiene en la provincia la FEHGRA nuclea a m\u00e1s de 20 mil establecimientos gastron\u00f3micos y hoteles.<\/p>\n<p>\u201cNueve de cada diez hipertensos pueden curarse si bajan el consumo de sal, si hacen actividad f\u00edsica regular y si logran un peso adecuado\u201d, explic\u00f3 el ministro de Salud provincial Alejandro Collia. Y detall\u00f3 que esta iniciativa de uso racional de la sal se replicar\u00e1 en todos los distritos de la provincia, sumado a la entrega de material de prevenci\u00f3n de la hipertensi\u00f3n arterial, un mal que en sus primeras etapas no da s\u00edntomas y que afecta a tres de cada diez bonaerenses.<\/p>\n<p>Por eso Collia, el secretario de Turismo, Ignacio Crotto y el coordinador de las filiales de FEHGRA en la Provincia, N\u00e9stor Aizcorbe, firmaron hoy, en el ministerio de Salud, el convenio \u201cpara iniciar la campa\u00f1a en los principales destinos tur\u00edsticos, porque las vacaciones son el momento del a\u00f1o en que la gente resulta m\u00e1s permeable a los mensajes de prevenci\u00f3n y promoci\u00f3n en salud\u201d, explic\u00f3 el ministro.<\/p>\n<p>\u201cDesde la secretar\u00eda vamos a articular estas acciones entre el ministerio de Salud provincial y la Federaci\u00f3n para que la temporada tur\u00edstica incorpore educaci\u00f3n en el autocuidado\u201d, dijo Crotto.<\/p>\n<p>Por su parte Collia explic\u00f3 que \u201cla idea es implementar medidas no compulsivas que ayuden a bajar la epidemia de la hipertensi\u00f3n que es detonante de eventos cardiovasculares y estos, a su vez, son la principal causa de muerte en el mundo\u201d.<\/p>\n<p>Costumbres argentinas<\/p>\n<p>La Organizaci\u00f3n Mundial de la Salud recomienda no superar los 5 gramos de sal al d\u00eda. Sin embargo, se calcula que en nuestro pa\u00eds ese consumo se duplica y esto explica, en gran medida, por qu\u00e9 la hipertensi\u00f3n arterial es una de las principales causas de accidentes cerebrovasculares (ACV). El a\u00f1o pasado se registraron m\u00e1s de 7.400 ACV en hospitales p\u00fablicos de la Provincia eventos que, a su vez, son motivo de discapacidad y muerte.<\/p>\n<p>El aumento de la presi\u00f3n que ejerce la sangre sobre las arterias -lo que se conoce como hipertensi\u00f3n-, no es otra cosa que un mecanismo ancestral de adaptaci\u00f3n ante situaciones de estr\u00e9s. \u201cSe sabe que en el hombre primitivo los momentos de tensi\u00f3n o peligro desencadenaban una liberaci\u00f3n de hormonas que aceleraba el coraz\u00f3n y, por lo tanto, la presi\u00f3n de la sangre bombeada aumentaba para llevar m\u00e1s r\u00e1pido el ox\u00edgeno a los m\u00fasculos y poder huir\u201d, explic\u00f3 el director de Patolog\u00edas Prevalentes de la cartera sanitaria, Diego Torino.<\/p>\n<p>Esta reacci\u00f3n, que sostenida en el tiempo constituye un cuadro de hipertensi\u00f3n, es heredada por el hombre y la mujer actual a ra\u00edz de las condiciones estresantes del mundo actual.<\/p>\n<p>\u201cEl estilo de vida posmoderno nos somete a m\u00e1s de un empleo, estr\u00e9s laboral, poca actividad f\u00edsica y comida chatarra, con exceso de sal, si a todo esto se le suma el tabaquismo se entiende por qu\u00e9 hay tantos hipertensos\u201d, explic\u00f3 Torino e hizo hincapi\u00e9 en que la llave del cambio radica en tomar conciencia de que es necesario cambiar de h\u00e1bitos.<\/p>\n","protected":false},"excerpt":{"rendered":"<p>Con la mirada puesta en la temporada de verano, el ministerio de Salud de la Provincia firm\u00f3 un convenio con la Secretar\u00eda de Turismo y la Federaci\u00f3n Empresaria Hotelera Gastron\u00f3mica de la Rep\u00fablica Argentina (FEHGRA), para que en los bares, restaurantes y comercios de la costa atl\u00e1ntica retiren los saleros de las mesas y, adem\u00e1s, brinden informaci\u00f3n sobre los riesgos [&#8230;]<\/p>\n","protected":false},"author":4,"featured_media":0,"comment_status":"open","ping_status":"open","sticky":false,"template":"","format":"standard","meta":{"_jetpack_newsletter_access":"","_jetpack_dont_email_post_to_subs":false,"_jetpack_newsletter_tier_id":0,"_jetpack_memberships_contains_paywalled_content":false,"_jetpack_memberships_contains_paid_content":false,"footnotes":""},"categories":[1],"tags":[],"class_list":["post-5372","post","type-post","status-publish","format-standard","hentry","category-sociedad"],"jetpack_featured_media_url":"","jetpack_shortlink":"https:\/\/wp.me\/p2JWE0-1oE","jetpack-related-posts":[{"id":16547,"url":"https:\/\/www.24baires.com\/?p=16547","url_meta":{"origin":5372,"position":0},"title":"Hoteleros pedir\u00e1n reuni\u00f3n con Scioli por impuesto a multipropietarios: \u00abes insostenible\u00bb, aseguran","author":"AF","date":"23\/02\/2013","format":false,"excerpt":"El vicepresidente de la FEHGRA, Rafael Miranda, se refiri\u00f3 al impuesto que comenzar\u00e1 a aplicar a partir del mes de julio el Gobierno de la provincia de Buenos Aires que alcanzar\u00e1 a los propietarios de m\u00e1s de un inmueble del mismo tipo radicados en el territorio provincial, y que \u201cpretende\u2026","rel":"","context":"En \u00abEconom\u00eda\u00bb","block_context":{"text":"Econom\u00eda","link":"https:\/\/www.24baires.com\/?cat=45"},"img":{"alt_text":"","src":"","width":0,"height":0},"classes":[]},{"id":12836,"url":"https:\/\/www.24baires.com\/?p=12836","url_meta":{"origin":5372,"position":1},"title":"Prev\u00e9n en un 70 por ciento la ocupaci\u00f3n hotelera en la segunda quincena de enero","author":"Grupo Sierra","date":"19\/01\/2013","format":false,"excerpt":"Seg\u00fan un relevamiento realizado por la Federaci\u00f3n Empresaria Hotelera Gastron\u00f3mica, durante la segunda mitad de enero, la ocupaci\u00f3n rondar\u00e1 esa cifra. En tanto, aseguraron que algunas localidades de la costa bonaerense, Cuyo y el Noreste registran niveles de reservas superiores a ese promedio. La Federaci\u00f3n Empresaria Hotelera Gastron\u00f3mica de la\u2026","rel":"","context":"En \u00abSociedad\u00bb","block_context":{"text":"Sociedad","link":"https:\/\/www.24baires.com\/?cat=1"},"img":{"alt_text":"playa mdp","src":"https:\/\/i0.wp.com\/www.24baires.com\/wp-content\/uploads\/2013\/01\/playa-mdp.jpg?resize=350%2C200","width":350,"height":200,"srcset":"https:\/\/i0.wp.com\/www.24baires.com\/wp-content\/uploads\/2013\/01\/playa-mdp.jpg?resize=350%2C200 1x, https:\/\/i0.wp.com\/www.24baires.com\/wp-content\/uploads\/2013\/01\/playa-mdp.jpg?resize=525%2C300 1.5x"},"classes":[]},{"id":10827,"url":"https:\/\/www.24baires.com\/?p=10827","url_meta":{"origin":5372,"position":2},"title":"Para la primera quincena del a\u00f1o se espera una ocupaci\u00f3n superior al 69% en centros tur\u00edsticos","author":"AF","date":"30\/12\/2012","format":false,"excerpt":"La ocupaci\u00f3n para la primera quincena de enero super\u00f3 el 69% en los principales centros tur\u00edsticos de la costa, del litoral y del centro del pa\u00eds, report\u00f3 la Federaci\u00f3n Empresaria Hotelera Gastron\u00f3mica de la Rep\u00fablica Argentina (FEHGRA). \"Se trata de datos preliminares, dado que muchos argentinos viajan despu\u00e9s de celebrar\u2026","rel":"","context":"En \u00abSociedad\u00bb","block_context":{"text":"Sociedad","link":"https:\/\/www.24baires.com\/?cat=1"},"img":{"alt_text":"costa","src":"https:\/\/i0.wp.com\/www.24baires.com\/wp-content\/uploads\/2012\/11\/costa-300x166.jpg?resize=350%2C200","width":350,"height":200},"classes":[]},{"id":55749,"url":"https:\/\/www.24baires.com\/?p=55749","url_meta":{"origin":5372,"position":3},"title":"Varios destinos de la Provincia se presentar\u00e1n en la Feria Internacional de Turismo","author":"AF","date":"21\/10\/2014","format":false,"excerpt":"La Secretar\u00eda de Turismo provincial participar\u00e1 de la Feria Internacional de Turismo de Am\u00e9rica Latina (FIT) 2014, que se desarrollar\u00e1 del 25 al 28 de octubre en el predio ferial de Palermo, en Capital Federal, con un gran espacio de promoci\u00f3n, en el que habr\u00e1 69 municipios que ofrecer\u00e1n sus\u2026","rel":"","context":"En \u00abTurismo\u00bb","block_context":{"text":"Turismo","link":"https:\/\/www.24baires.com\/?cat=69"},"img":{"alt_text":"mar del plata turismo","src":"https:\/\/i0.wp.com\/www.24baires.com\/wp-content\/uploads\/2014\/07\/mar-del-plata-turismo.jpg?resize=350%2C200","width":350,"height":200,"srcset":"https:\/\/i0.wp.com\/www.24baires.com\/wp-content\/uploads\/2014\/07\/mar-del-plata-turismo.jpg?resize=350%2C200 1x, https:\/\/i0.wp.com\/www.24baires.com\/wp-content\/uploads\/2014\/07\/mar-del-plata-turismo.jpg?resize=525%2C300 1.5x"},"classes":[]},{"id":117078,"url":"https:\/\/www.24baires.com\/?p=117078","url_meta":{"origin":5372,"position":4},"title":"Hoteleros y gastron\u00f3micos exigen la continuidad del ATP","author":"GB","date":"27\/01\/2021","format":false,"excerpt":"Tras una reuni\u00f3n con el ministro de Turismo y Deportes, Mat\u00edas Lammens, hoteleros y gastron\u00f3micos pidieron que se contin\u00fae con el ATP. Tras la decisi\u00f3n del Gobierno nacional de no darle continuidad al Programa de Asistencia a la Producci\u00f3n (ATP) y reemplazarlo por el Repro II, desde el sector de\u2026","rel":"","context":"En \u00abPol\u00edtica\u00bb","block_context":{"text":"Pol\u00edtica","link":"https:\/\/www.24baires.com\/?cat=51"},"img":{"alt_text":"","src":"https:\/\/i0.wp.com\/www.24baires.com\/wp-content\/uploads\/2020\/10\/20201011073220_foto-1.jpg?resize=350%2C200","width":350,"height":200,"srcset":"https:\/\/i0.wp.com\/www.24baires.com\/wp-content\/uploads\/2020\/10\/20201011073220_foto-1.jpg?resize=350%2C200 1x, https:\/\/i0.wp.com\/www.24baires.com\/wp-content\/uploads\/2020\/10\/20201011073220_foto-1.jpg?resize=525%2C300 1.5x"},"classes":[]},{"id":113688,"url":"https:\/\/www.24baires.com\/?p=113688","url_meta":{"origin":5372,"position":5},"title":"Mar del Plata culmin\u00f3 el primer fin de semana de enero con un 70% de ocupaci\u00f3n hotelera","author":"GB","date":"06\/01\/2020","format":false,"excerpt":"Los turistas mayoritariamente elijen estad\u00edas de 4 o 5 d\u00edas en la Cosa Atl\u00e1ntica. En el medio de las restricciones para obtener d\u00f3lares, el turismo interno comenz\u00f3 a tomar mayor actividad en la primera semana de enero de 2020. En ese sentido, Mar del Plata experiment\u00f3 una ocupaci\u00f3n hotelera del\u2026","rel":"","context":"En \u00abTurismo\u00bb","block_context":{"text":"Turismo","link":"https:\/\/www.24baires.com\/?cat=69"},"img":{"alt_text":"","src":"https:\/\/i0.wp.com\/www.24baires.com\/wp-content\/uploads\/2015\/01\/turistas-mar-del-plata.jpg?resize=350%2C200","width":350,"height":200,"srcset":"https:\/\/i0.wp.com\/www.24baires.com\/wp-content\/uploads\/2015\/01\/turistas-mar-del-plata.jpg?resize=350%2C200 1x, https:\/\/i0.wp.com\/www.24baires.com\/wp-content\/uploads\/2015\/01\/turistas-mar-del-plata.jpg?resize=525%2C300 1.5x"},"classes":[]}],"jetpack_sharing_enabled":true,"jetpack_likes_enabled":true,"_links":{"self":[{"href":"https:\/\/www.24baires.com\/index.php?rest_route=\/wp\/v2\/posts\/5372","targetHints":{"allow":["GET"]}}],"collection":[{"href":"https:\/\/www.24baires.com\/index.php?rest_route=\/wp\/v2\/posts"}],"about":[{"href":"https:\/\/www.24baires.com\/index.php?rest_route=\/wp\/v2\/types\/post"}],"author":[{"embeddable":true,"href":"https:\/\/www.24baires.com\/index.php?rest_route=\/wp\/v2\/users\/4"}],"replies":[{"embeddable":true,"href":"https:\/\/www.24baires.com\/index.php?rest_route=%2Fwp%2Fv2%2Fcomments&post=5372"}],"version-history":[{"count":1,"href":"https:\/\/www.24baires.com\/index.php?rest_route=\/wp\/v2\/posts\/5372\/revisions"}],"predecessor-version":[{"id":5374,"href":"https:\/\/www.24baires.com\/index.php?rest_route=\/wp\/v2\/posts\/5372\/revisions\/5374"}],"wp:attachment":[{"href":"https:\/\/www.24baires.com\/index.php?rest_route=%2Fwp%2Fv2%2Fmedia&parent=5372"}],"wp:term":[{"taxonomy":"category","embeddable":true,"href":"https:\/\/www.24baires.com\/index.php?rest_route=%2Fwp%2Fv2%2Fcategories&post=5372"},{"taxonomy":"post_tag","embeddable":true,"href":"https:\/\/www.24baires.com\/index.php?rest_route=%2Fwp%2Fv2%2Ftags&post=5372"}],"curies":[{"name":"wp","href":"https:\/\/api.w.org\/{rel}","templated":true}]}}