{"id":5368,"date":"2012-11-14T10:46:24","date_gmt":"2012-11-14T13:46:24","guid":{"rendered":"http:\/\/www.24baires.com\/?p=5368"},"modified":"2012-11-14T10:46:24","modified_gmt":"2012-11-14T13:46:24","slug":"el-banco-mundial-asegura-que-argentina-duplico-su-clase-media-en-los-ultimos-diez-anos","status":"publish","type":"post","link":"https:\/\/www.24baires.com\/?p=5368","title":{"rendered":"El Banco Mundial asegura que Argentina duplic\u00f3 su clase media en los \u00faltimos diez a\u00f1os"},"content":{"rendered":"<p>El informe dado a conocer destaca el crecimiento de la clase media a partir de la instrumentaci\u00f3n de pol\u00edticas de desarrollo econ\u00f3mico y de la ampliaci\u00f3n de oportunidades para sectores m\u00e1s vulnerables.<!--more--><br \/>\nEl trabajo, presentado el presidente del BM, Jim Yong Kim, y el economista jefe para Am\u00e9rica Latina, Augusto de la Torre, sostiene que en Argentina el n\u00famero de habitantes comprendidos dentro de la clase media aument\u00f3 entre 2003 y 2009, de 9,3 millones a 18,6 millones.<\/p>\n<p>Ese aumento de m\u00e1s de 9,3 millones representa un 25 por ciento de la poblaci\u00f3n total de Argentina, el mayor porcentaje de crecimiento de la clase media en toda la regi\u00f3n durante la \u00faltima d\u00e9cada.<\/p>\n<p>En segundo lugar dentro de la mejora porcentual se ubic\u00f3 Brasil, con el 22 por ciento; seguido por Uruguay, con el 20 por ciento; y Colombia, con el 16 por ciento.<\/p>\n<p>\u00abEste fuerte incremento en Argentina, est\u00e1 relacionado con una recuperaci\u00f3n de la clase media tras la reducci\u00f3n sufrida por \u00e9sta durante el per\u00edodo 2001-2002, como consecuencia de la crisis econ\u00f3mica\u00bb, dijo De la Torre.<\/p>\n<p>A nivel regional, el informe denominado \u00abLa movilidad econ\u00f3mica y el crecimiento de la clase media en Am\u00e9rica Latina\u00bb, destac\u00f3 que luego de d\u00e9cadas de estancamiento, la clase media de la regi\u00f3n creci\u00f3 de 103 millones de personas en 2003 a 152 millones en 2009, lo que representa un salto del 50 por ciento.<\/p>\n<p>\u00abEsto representa un cambio estructural hist\u00f3rico\u00bb, afirm\u00f3 el titular de la instituci\u00f3n multilateral, quien reconoci\u00f3 que este resultado se debe \u00ablas pol\u00edticas implementadas por sus gobiernos\u00bb.<\/p>\n<p>\u00abLa experiencia reciente en Am\u00e9rica Latina y el Caribe le muestra al mundo que se puede brindar prosperidad a millones de personas a trav\u00e9s de pol\u00edticas que encuentran un equilibrio entre el crecimiento econ\u00f3mico y la ampliaci\u00f3n de oportunidades para los m\u00e1s vulnerables\u00bb, agreg\u00f3 el flamante presidente del Banco Mundial.<\/p>\n<p>Durante d\u00e9cadas, la reducci\u00f3n de la pobreza y el crecimiento de la clase media en Am\u00e9rica Latina y el Caribe (ALC) avanzaba a un ritmo muy lento, a medida que el bajo crecimiento y la persistente desigualdad frenaban el progreso.<\/p>\n<p>En los \u00faltimos diez a\u00f1os, sin embargo, la suerte de la regi\u00f3n mejor\u00f3 significativamente gracias a ciertos cambios de pol\u00edtica p\u00fablica que enfatizaron la prestaci\u00f3n de programas sociales junto a la estabilidad econ\u00f3mica.<\/p>\n<p>El resultado fue que la clase media creci\u00f3 un 50 por ciento hasta abarcar el 30 por ciento de la poblaci\u00f3n total de la regi\u00f3n en 2009.<\/p>\n<p>De esta forma, en la regi\u00f3n la clase media y los pobres representan aproximadamente la misma proporci\u00f3n de la poblaci\u00f3n total, de acuerdo al informe.<\/p>\n<p>Algunos de los factores m\u00e1s importantes a la hora de favorecer la movilidad ascendente en Am\u00e9rica Latina incluyen un mayor nivel educativo entre los trabajadores, mayor nivel de empleo formal, m\u00e1s personas viviendo en \u00e1reas urbanas, m\u00e1s mujeres en la fuerza laboral y familias m\u00e1s peque\u00f1as.<\/p>\n<p>El informe define a los integrantes de la clase media como aquellos con un ingreso per c\u00e1pita de entre 10 d\u00f3lares y 50 d\u00f3lares por d\u00eda.<\/p>\n<p>Este nivel de ingreso proporciona una mayor capacidad de recuperaci\u00f3n ante eventos inesperados y refleja una menor probabilidad de volver a caer en la pobreza.<\/p>\n<p>No obstante, el documento describe a su vez una cuarta clase vulnerable, que representa el 38 por ciento de la poblaci\u00f3n, y a la cual le fue mucho mejor que a los pobres en t\u00e9rminos de ingreso pero a\u00fan carecen de la seguridad econ\u00f3mica de la clase media.<\/p>\n<p>Esta \u00faltimo segmento, denominado `clase media vulnerable`, tiene ingresos diarios de entre 4 y 10 d\u00f3lares per c\u00e1pita.<\/p>\n<p>Por otro lado, el Banco Mundial determin\u00f3 que con la excepci\u00f3n de a\u00f1os de educaci\u00f3n, la movilidad intergeneracional sigue siendo limitada siendo que el origen econ\u00f3mico y social de los padres de una persona joven sigue jugando un papel sustancial a la hora de determinar el futuro econ\u00f3mico de esa persona.<\/p>\n<p>\u00abUna sociedad con una clase media creciente es m\u00e1s propensa a reducir dichas desigualdades\u00bb, sostuvo el economista Augusto de la Torre.<br \/>\n\u00abEst\u00e1 ampliamente aceptado que la clase media es un agente de estabilidad y prosperidad. En una regi\u00f3n de ingreso medio como Am\u00e9rica Latina, una clase media m\u00e1s grande tiene repercusiones cruciales\u00bb, concluy\u00f3.<\/p>\n","protected":false},"excerpt":{"rendered":"<p>El informe dado a conocer destaca el crecimiento de la clase media a partir de la instrumentaci\u00f3n de pol\u00edticas de desarrollo econ\u00f3mico y de la ampliaci\u00f3n de oportunidades para sectores m\u00e1s vulnerables.<\/p>\n","protected":false},"author":4,"featured_media":0,"comment_status":"open","ping_status":"open","sticky":false,"template":"","format":"standard","meta":{"_jetpack_newsletter_access":"","_jetpack_dont_email_post_to_subs":false,"_jetpack_newsletter_tier_id":0,"_jetpack_memberships_contains_paywalled_content":false,"_jetpack_memberships_contains_paid_content":false,"footnotes":""},"categories":[45],"tags":[],"class_list":["post-5368","post","type-post","status-publish","format-standard","hentry","category-economia"],"jetpack_featured_media_url":"","jetpack_shortlink":"https:\/\/wp.me\/p2JWE0-1oA","jetpack-related-posts":[{"id":52834,"url":"https:\/\/www.24baires.com\/?p=52834","url_meta":{"origin":5368,"position":0},"title":"Durante la \u00faltima d\u00e9cada, 9 millones de argentinos se sumaron a la clase media","author":"AF","date":"31\/08\/2014","format":false,"excerpt":"Un art\u00edculo publicado por Clar\u00edn, en el que se analiza la relaci\u00f3n entre la clase media y el kirchnernismo, sostiene que durante la \u00faltima d\u00e9cada se ha vuelto a consolidar en nuestro pa\u00eds este segmento social \"tan heterog\u00e9neo\", en el que convive el 48% de la poblaci\u00f3n. Una investigaci\u00f3n del\u2026","rel":"","context":"En \u00abEconom\u00eda\u00bb","block_context":{"text":"Econom\u00eda","link":"https:\/\/www.24baires.com\/?cat=45"},"img":{"alt_text":"","src":"","width":0,"height":0},"classes":[]},{"id":53990,"url":"https:\/\/www.24baires.com\/?p=53990","url_meta":{"origin":5368,"position":1},"title":"Desde el Banco Mundial, destacaron la reducci\u00f3n de la pobreza en Argentina","author":"Grupo Sierra","date":"20\/09\/2014","format":false,"excerpt":"Seg\u00fan publicaron, es uno de los pa\u00edses de Am\u00e9rica Latina \"con mejor performance en reducci\u00f3n de la pobreza\", y se\u00f1alaron que el pa\u00eds expandi\u00f3 su clase media desde que inici\u00f3 su salida de la crisis de 2001\/02, creciendo \"r\u00e1pidamente y de manera inclusiva\". \u201cDesde su crisis econ\u00f3mica de 2002, Argentina\u2026","rel":"","context":"En \u00abEconom\u00eda\u00bb","block_context":{"text":"Econom\u00eda","link":"https:\/\/www.24baires.com\/?cat=45"},"img":{"alt_text":"asignaci\u00f3n universal por hijo AUH","src":"https:\/\/i0.wp.com\/www.24baires.com\/wp-content\/uploads\/2014\/05\/asignaci%C3%B3n-universal-por-hijo-AUH.jpg?resize=350%2C200","width":350,"height":200,"srcset":"https:\/\/i0.wp.com\/www.24baires.com\/wp-content\/uploads\/2014\/05\/asignaci%C3%B3n-universal-por-hijo-AUH.jpg?resize=350%2C200 1x, https:\/\/i0.wp.com\/www.24baires.com\/wp-content\/uploads\/2014\/05\/asignaci%C3%B3n-universal-por-hijo-AUH.jpg?resize=525%2C300 1.5x"},"classes":[]},{"id":106943,"url":"https:\/\/www.24baires.com\/?p=106943","url_meta":{"origin":5368,"position":2},"title":"Las importaciones se derrumbaron 26,5% en enero","author":"AF","date":"21\/02\/2019","format":false,"excerpt":"El intercambio comercial arroj\u00f3 un super\u00e1vit de 372 millones. Las exportaciones cayeron 4,7 por ciento interanual pero el dato igual fue positivo por el retroceso de las compras debido a la suba del d\u00f3lar y la crisis econ\u00f3mica. El intercambio comercial arroj\u00f3 en enero un super\u00e1vit de 372 millones de\u2026","rel":"","context":"En \u00abLocales\u00bb","block_context":{"text":"Locales","link":"https:\/\/www.24baires.com\/?cat=38"},"img":{"alt_text":"","src":"https:\/\/i0.wp.com\/www.24baires.com\/wp-content\/uploads\/2018\/04\/puerto-Bah%C3%ADaI.jpg?resize=350%2C200","width":350,"height":200,"srcset":"https:\/\/i0.wp.com\/www.24baires.com\/wp-content\/uploads\/2018\/04\/puerto-Bah%C3%ADaI.jpg?resize=350%2C200 1x, https:\/\/i0.wp.com\/www.24baires.com\/wp-content\/uploads\/2018\/04\/puerto-Bah%C3%ADaI.jpg?resize=525%2C300 1.5x"},"classes":[]},{"id":112491,"url":"https:\/\/www.24baires.com\/?p=112491","url_meta":{"origin":5368,"position":3},"title":"El Banco Mundial indic\u00f3 que Argentina fue el pa\u00eds que m\u00e1s se endeud\u00f3","author":"AF","date":"14\/10\/2019","format":false,"excerpt":"El informe sobre Estad\u00edsticas de la deuda internacional del BM estim\u00f3 que el gobierno de Macri, el a\u00f1o pasado, aument\u00f3 19 por ciento el stock, liderando as\u00ed el ranking de pa\u00edses que m\u00e1s deuda externa sum\u00f3. El Banco Mundial estim\u00f3 que Argentina fue el pa\u00eds que m\u00e1s se endeud\u00f3 en\u2026","rel":"","context":"En \u00abEconom\u00eda\u00bb","block_context":{"text":"Econom\u00eda","link":"https:\/\/www.24baires.com\/?cat=45"},"img":{"alt_text":"","src":"https:\/\/i0.wp.com\/www.24baires.com\/wp-content\/uploads\/2019\/08\/macri.png?resize=350%2C200","width":350,"height":200,"srcset":"https:\/\/i0.wp.com\/www.24baires.com\/wp-content\/uploads\/2019\/08\/macri.png?resize=350%2C200 1x, https:\/\/i0.wp.com\/www.24baires.com\/wp-content\/uploads\/2019\/08\/macri.png?resize=525%2C300 1.5x"},"classes":[]},{"id":106772,"url":"https:\/\/www.24baires.com\/?p=106772","url_meta":{"origin":5368,"position":4},"title":"La canasta escolar cuesta hasta un 44% m\u00e1s que el a\u00f1o pasado","author":"GB","date":"11\/02\/2019","format":false,"excerpt":"Los art\u00edculos de segundas marcas y de valor m\u00e1s bajo son los que m\u00e1s subieron seg\u00fan un informe de la Universidad de Avellaneda. Se avecina el comienzo de clase y para este a\u00f1o los padres pagar\u00e1n por los \u00fatiles al menos un 42% m\u00e1s que el a\u00f1o pasado. Seg\u00fan un\u2026","rel":"","context":"En \u00abConsumidores\u00bb","block_context":{"text":"Consumidores","link":"https:\/\/www.24baires.com\/?cat=78"},"img":{"alt_text":"","src":"https:\/\/i0.wp.com\/www.24baires.com\/wp-content\/uploads\/2019\/02\/canasta-escolar.jpg?resize=350%2C200","width":350,"height":200,"srcset":"https:\/\/i0.wp.com\/www.24baires.com\/wp-content\/uploads\/2019\/02\/canasta-escolar.jpg?resize=350%2C200 1x, https:\/\/i0.wp.com\/www.24baires.com\/wp-content\/uploads\/2019\/02\/canasta-escolar.jpg?resize=525%2C300 1.5x"},"classes":[]},{"id":111697,"url":"https:\/\/www.24baires.com\/?p=111697","url_meta":{"origin":5368,"position":5},"title":"El New York Times responsabiliza a Macri por la crisis","author":"AF","date":"19\/08\/2019","format":false,"excerpt":"Mark Weisbrot, codirector del Centro de Investigaci\u00f3n Econ\u00f3mica y Pol\u00edtica en Washington y presidente de Just Foreign Policy, afirma que un triunfo de Alberto Fern\u00e1ndez en las pr\u00f3ximas elecciones presidenciales del 27 de octubre \u201cno es algo inherentemente negativo para la econom\u00eda\u201d. \u201cSi se observan los indicadores econ\u00f3micos y sociales\u2026","rel":"","context":"En \u00abPol\u00edtica\u00bb","block_context":{"text":"Pol\u00edtica","link":"https:\/\/www.24baires.com\/?cat=51"},"img":{"alt_text":"","src":"https:\/\/i0.wp.com\/www.24baires.com\/wp-content\/uploads\/2019\/08\/macri.png?resize=350%2C200","width":350,"height":200,"srcset":"https:\/\/i0.wp.com\/www.24baires.com\/wp-content\/uploads\/2019\/08\/macri.png?resize=350%2C200 1x, https:\/\/i0.wp.com\/www.24baires.com\/wp-content\/uploads\/2019\/08\/macri.png?resize=525%2C300 1.5x"},"classes":[]}],"jetpack_sharing_enabled":true,"jetpack_likes_enabled":true,"_links":{"self":[{"href":"https:\/\/www.24baires.com\/index.php?rest_route=\/wp\/v2\/posts\/5368","targetHints":{"allow":["GET"]}}],"collection":[{"href":"https:\/\/www.24baires.com\/index.php?rest_route=\/wp\/v2\/posts"}],"about":[{"href":"https:\/\/www.24baires.com\/index.php?rest_route=\/wp\/v2\/types\/post"}],"author":[{"embeddable":true,"href":"https:\/\/www.24baires.com\/index.php?rest_route=\/wp\/v2\/users\/4"}],"replies":[{"embeddable":true,"href":"https:\/\/www.24baires.com\/index.php?rest_route=%2Fwp%2Fv2%2Fcomments&post=5368"}],"version-history":[{"count":3,"href":"https:\/\/www.24baires.com\/index.php?rest_route=\/wp\/v2\/posts\/5368\/revisions"}],"predecessor-version":[{"id":5371,"href":"https:\/\/www.24baires.com\/index.php?rest_route=\/wp\/v2\/posts\/5368\/revisions\/5371"}],"wp:attachment":[{"href":"https:\/\/www.24baires.com\/index.php?rest_route=%2Fwp%2Fv2%2Fmedia&parent=5368"}],"wp:term":[{"taxonomy":"category","embeddable":true,"href":"https:\/\/www.24baires.com\/index.php?rest_route=%2Fwp%2Fv2%2Fcategories&post=5368"},{"taxonomy":"post_tag","embeddable":true,"href":"https:\/\/www.24baires.com\/index.php?rest_route=%2Fwp%2Fv2%2Ftags&post=5368"}],"curies":[{"name":"wp","href":"https:\/\/api.w.org\/{rel}","templated":true}]}}