{"id":53624,"date":"2014-09-14T15:03:29","date_gmt":"2014-09-14T18:03:29","guid":{"rendered":"http:\/\/www.24baires.com\/?p=53624"},"modified":"2014-09-14T15:03:29","modified_gmt":"2014-09-14T18:03:29","slug":"argentina-volvera-a-ser-sede-del-congreso-mundial-de-la-vina-y-el-vino","status":"publish","type":"post","link":"https:\/\/www.24baires.com\/?p=53624","title":{"rendered":"Argentina volver\u00e1 a ser sede del Congreso Mundial de la Vi\u00f1a y el Vino"},"content":{"rendered":"<p><img data-recalc-dims=\"1\" loading=\"lazy\" decoding=\"async\" class=\"aligncenter wp-image-29920\" src=\"https:\/\/i0.wp.com\/www.24baires.com\/wp-content\/uploads\/2013\/08\/vino-1.jpg?resize=560%2C433\" alt=\"vino (1)\" width=\"560\" height=\"433\" srcset=\"https:\/\/i0.wp.com\/www.24baires.com\/wp-content\/uploads\/2013\/08\/vino-1.jpg?resize=300%2C231&amp;ssl=1 300w, https:\/\/i0.wp.com\/www.24baires.com\/wp-content\/uploads\/2013\/08\/vino-1.jpg?w=510&amp;ssl=1 510w\" sizes=\"auto, (max-width: 560px) 100vw, 560px\" \/>La Argentina ser\u00e1 sede del principal encuentro vitivin\u00edcola del mundo, el Congreso Mundial de la Vi\u00f1a y el Vino, por segunda vez en la historia.<!--more--><\/p>\n<p>Esta 37ma. edici\u00f3n se realizar\u00e1 del 9 al 14 de noviembre en Mendoza y San Juan, bajo el lema \u00abVitivinicultura del Sur, confluencia de Conocimiento y Naturaleza\u00bb.<\/p>\n<p>As\u00ed, la Argentina vuelve a ser sede del encuentro de la Organizaci\u00f3n Internacional de la Vi\u00f1a y el Vino (OIV), ya que en 1997 se hab\u00eda realizado en el pa\u00eds el 22do. Congreso y de la 77ma. Asamblea General de la OIV.<\/p>\n<p>En el acto de presentaci\u00f3n oficial, esta semana en Buenos Aires, el ministro de Agricultura, Carlos Casamiquela, destac\u00f3 que la producci\u00f3n vitivin\u00edcola argentina \u00abtiene una expectativa fenomenal hacia el futuro inmediato\u00bb.<\/p>\n<p>Acompa\u00f1ado por el presidente del Instituto Nacional de Vitivinicultura (INV), Guillermo Garc\u00eda; y la titular de la Organizaci\u00f3n Internacional de la Vi\u00f1a y el Vino (OIV), la mendocina Claudia Quini, Casamiquela celebr\u00f3 la elecci\u00f3n de nuestro pa\u00eds para realizar el Congreso del organismo internacional.<\/p>\n<p>El titular de la cartera agropecuaria destac\u00f3 el \u00abrol estrat\u00e9gico\u00bb de los peque\u00f1os productores, en este caso, los que se desempe\u00f1an en el \u00e1rea vitivin\u00edcola, a quienes defini\u00f3 como \u00ablos garantes de la soberan\u00eda alimentaria\u00bb. En esa l\u00ednea, Casamiquela valor\u00f3 la asociaci\u00f3n del sector p\u00fablico con el privado y agreg\u00f3: \u00abHay una mirada articulada y esto favorece la promoci\u00f3n y el apoyo a los procesos de desarrollo\u00bb.<\/p>\n<p>Hoy, tras una gran modernizaci\u00f3n tecnol\u00f3gica y la implementaci\u00f3n del Plan Estrat\u00e9gico Vitivin\u00edcola 2020, la Argentina ocupa un lugar privilegiado en el contexto vitivin\u00edcola mundial, posicion\u00e1ndose como pa\u00eds productor y a la vez exportador de productos de alta gama.<\/p>\n<p>En ese sentido, Garc\u00eda explic\u00f3 que la vitivinicultura argentina atraviesa un profundo cambio en el sector, basado en la innovaci\u00f3n y la calidad de los productos; \u00abArgentina es un gran pa\u00eds para ser anfitri\u00f3n y mostrar sus fortalezas a los m\u00e1s de 40 pa\u00edses miembro de la Organizaci\u00f3n Internacional de la Vi\u00f1a y el Vino\u00bb, asegur\u00f3.<\/p>\n<p>Por su lado, Quini invit\u00f3 a los presentes a participar del Congreso y conocer la regi\u00f3n dedicada a la vitivinicultura: \u00abMe enorgullece esta convocatoria que es la 37\u00ba porque se realizar\u00e1 en el Hemisferio Sur, estamos organizando un evento mundial en nuestras regiones vitivin\u00edcolas y quiero hacerlo extensivo a Latinoam\u00e9rica\u00bb.<\/p>\n<p>De esa manera, Quini explic\u00f3 que habr\u00e1 una amplia participaci\u00f3n de los pa\u00edses latinoamericanos y adelant\u00f3 que en el 2016 se har\u00e1 nuevamente en el Hemisferio Sur, ya que Brasil ser\u00e1 sede del Congreso de ese a\u00f1o.<\/p>\n<p>Con una amplia zona dedicada a la vitivinicultura, la Argentina posee condiciones privilegiadas de latitudes, climas y diversidad de suelos.<\/p>\n<p>Seg\u00fan los \u00faltimos datos del Instituto Nacional de Vitivinicultura, la superficie cultivada con vid en la Argentina es de 221.202 hect\u00e1reas, hay 918 bodegas elaboradoras.<\/p>\n<p>En 2014 se cosecharon 2.635 millones de kilos de uva y se elaboraron 1.520 millones de litros.<\/p>\n<p>A julio de 2014, el consumo interno a julio de 2014 es de 921.141 hectolitros, las exportaciones de vino sumaron 195.458 hl y las de mosto, 74.184 hl, y la comercializaci\u00f3n de vino, 1.121.582 hl.<\/p>\n<p>Adem\u00e1s del Congreso, que re\u00fane a sectores y personalidades reconocidas en materia vitivin\u00edcola y afines, el 3,4 y 5 de octubre pr\u00f3ximo se realizar\u00e1 en la ciudad porte\u00f1a un Outlet de vinos, del cual participar\u00e1n m\u00e1s de 20 bodegas y se podr\u00e1n adquirir productos de alta calidad a precios mayoristas.<\/p>\n<p>Ser\u00e1 el tercero que se realice, ya que el primero se llev\u00f3 a cabo en Mendoza a fines de 2013 y el segundo que se hizo en la Feria Agroactiva.<\/p>\n<p>&nbsp;<\/p>\n<p>&nbsp;<\/p>\n<p>&nbsp;<\/p>\n<p>&nbsp;<\/p>\n<p>&nbsp;<\/p>\n<p>&nbsp;<\/p>\n<p>&nbsp;<\/p>\n<p>&nbsp;<\/p>\n<p>&nbsp;<\/p>\n<p>&nbsp;<\/p>\n<p>&nbsp;<\/p>\n<p>&nbsp;<\/p>\n","protected":false},"excerpt":{"rendered":"<p>La Argentina ser\u00e1 sede del principal encuentro vitivin\u00edcola del mundo, el Congreso Mundial de la Vi\u00f1a y el Vino, por segunda vez en la historia.<\/p>\n","protected":false},"author":8,"featured_media":0,"comment_status":"open","ping_status":"open","sticky":false,"template":"","format":"standard","meta":{"_jetpack_newsletter_access":"","_jetpack_dont_email_post_to_subs":false,"_jetpack_newsletter_tier_id":0,"_jetpack_memberships_contains_paywalled_content":false,"_jetpack_memberships_contains_paid_content":false,"footnotes":""},"categories":[52],"tags":[],"class_list":["post-53624","post","type-post","status-publish","format-standard","hentry","category-cocina-vinos"],"jetpack_featured_media_url":"","jetpack_shortlink":"https:\/\/wp.me\/p2JWE0-dWU","jetpack-related-posts":[{"id":56204,"url":"https:\/\/www.24baires.com\/?p=56204","url_meta":{"origin":53624,"position":0},"title":"Argentina trepar\u00e1 al quinto puesto en el ranking mundial de productores de vino","author":"AF","date":"29\/10\/2014","format":false,"excerpt":"Con una producci\u00f3n de 15,2 millones de hectolitros y un avance de 1% respecto al a\u00f1o anterior, el pa\u00eds se posiciona en el ranking mundial, mientras que Chile caer\u00e1 22%, hasta los 10 millones, y quedar\u00e1 relegado a la octava plaza. Estos datos se desprenden de las primeras estimaciones de\u2026","rel":"","context":"En \u00abGeneral\u00bb","block_context":{"text":"General","link":"https:\/\/www.24baires.com\/?cat=67"},"img":{"alt_text":"vino-alcohol-copa-tomar_MUJIMA20110224_0057_24","src":"https:\/\/i0.wp.com\/www.24baires.com\/wp-content\/uploads\/2012\/09\/vino-alcohol-copa-tomar_MUJIMA20110224_0057_24.jpg?resize=350%2C200","width":350,"height":200,"srcset":"https:\/\/i0.wp.com\/www.24baires.com\/wp-content\/uploads\/2012\/09\/vino-alcohol-copa-tomar_MUJIMA20110224_0057_24.jpg?resize=350%2C200 1x, https:\/\/i0.wp.com\/www.24baires.com\/wp-content\/uploads\/2012\/09\/vino-alcohol-copa-tomar_MUJIMA20110224_0057_24.jpg?resize=525%2C300 1.5x"},"classes":[]},{"id":46233,"url":"https:\/\/www.24baires.com\/?p=46233","url_meta":{"origin":53624,"position":1},"title":"Buscan estimular \u00abel turismo del vino\u00bb en el pa\u00eds","author":"AF","date":"18\/05\/2014","format":false,"excerpt":"Guillermo Barletta habl\u00f3 de los atractivos que ofrecen tanto las zonas como las alternativas vinculadas a la actividad vitivin\u00edcola en el pa\u00eds. Desde el departamento de turismo de Bodegas de Argentina impulsan iniciativas a fin de atraer a argentinos y extranjeros a que conozcan los vi\u00f1edos del pa\u00eds. Su coordinador,\u2026","rel":"","context":"En \u00abProvincia\u00bb","block_context":{"text":"Provincia","link":"https:\/\/www.24baires.com\/?cat=40"},"img":{"alt_text":"vino-alcohol-copa-tomar_MUJIMA20110224_0057_24","src":"https:\/\/i0.wp.com\/www.24baires.com\/wp-content\/uploads\/2012\/09\/vino-alcohol-copa-tomar_MUJIMA20110224_0057_24.jpg?resize=350%2C200","width":350,"height":200,"srcset":"https:\/\/i0.wp.com\/www.24baires.com\/wp-content\/uploads\/2012\/09\/vino-alcohol-copa-tomar_MUJIMA20110224_0057_24.jpg?resize=350%2C200 1x, https:\/\/i0.wp.com\/www.24baires.com\/wp-content\/uploads\/2012\/09\/vino-alcohol-copa-tomar_MUJIMA20110224_0057_24.jpg?resize=525%2C300 1.5x"},"classes":[]},{"id":49151,"url":"https:\/\/www.24baires.com\/?p=49151","url_meta":{"origin":53624,"position":2},"title":"Crece cada vez m\u00e1s la venta de vinos por internet","author":"Grupo Sierra","date":"02\/07\/2014","format":false,"excerpt":"Los consumidores ganan confianza y cada vez m\u00e1s desarrollan sus compras a trav\u00e9s de la web. Las compras se suman aunque falta la oferta que demandan los diferentes mercados. El Malbec es el m\u00e1s elegido. La comercializaci\u00f3n de productos a trav\u00e9s de la web ha crecido un 43% en los\u2026","rel":"","context":"En \u00abCocina &amp; Vinos\u00bb","block_context":{"text":"Cocina &amp; Vinos","link":"https:\/\/www.24baires.com\/?cat=52"},"img":{"alt_text":"oler vino","src":"https:\/\/i0.wp.com\/www.24baires.com\/wp-content\/uploads\/2013\/06\/oler-vino.jpg?resize=350%2C200","width":350,"height":200,"srcset":"https:\/\/i0.wp.com\/www.24baires.com\/wp-content\/uploads\/2013\/06\/oler-vino.jpg?resize=350%2C200 1x, https:\/\/i0.wp.com\/www.24baires.com\/wp-content\/uploads\/2013\/06\/oler-vino.jpg?resize=525%2C300 1.5x"},"classes":[]},{"id":60100,"url":"https:\/\/www.24baires.com\/?p=60100","url_meta":{"origin":53624,"position":3},"title":"Cristina firm\u00f3 un acuerdo con la industria del vino para evitar precios abusivos","author":"Grupo Sierra","date":"14\/01\/2015","format":false,"excerpt":"La presidenta Cristina Fern\u00e1ndez de Kirchner anunci\u00f3 la reglamentaci\u00f3n del Observatorio de Precios para ese sector productivo, con el objetivo de evitar conductas abusivas en los precios e impulsar su financiamiento. \u00a0 De acuerdo a fuentes oficiales, Cristina firm\u00f3 \"convenios de colaboraci\u00f3n con el fin de evitar potenciales conductas oligop\u00f3licas\u2026","rel":"","context":"En \u00abEconom\u00eda\u00bb","block_context":{"text":"Econom\u00eda","link":"https:\/\/www.24baires.com\/?cat=45"},"img":{"alt_text":"cristina vino","src":"https:\/\/i0.wp.com\/www.24baires.com\/wp-content\/uploads\/2015\/01\/cristina-vino.jpg?resize=350%2C200","width":350,"height":200,"srcset":"https:\/\/i0.wp.com\/www.24baires.com\/wp-content\/uploads\/2015\/01\/cristina-vino.jpg?resize=350%2C200 1x, https:\/\/i0.wp.com\/www.24baires.com\/wp-content\/uploads\/2015\/01\/cristina-vino.jpg?resize=525%2C300 1.5x"},"classes":[]},{"id":47000,"url":"https:\/\/www.24baires.com\/?p=47000","url_meta":{"origin":53624,"position":4},"title":"Cr\u00edticas por la elaboraci\u00f3n de vinos con uva chinche: \u00abSon intomables\u00bb","author":"Grupo Sierra","date":"29\/05\/2014","format":false,"excerpt":"La decisi\u00f3n del INV de autorizar la elaboraci\u00f3n de vinos con uva chinche no para de cosechar cr\u00edticas. El reconocido en\u00f3logo, \u00c1ngel Mendoza fue contundente en la calificaci\u00f3n que hizo: \u201cLos caldos que se elaboran con uva chinche, son brebajes intomables\u201d. La posici\u00f3n del especialista se conoci\u00f3 tras la decisi\u00f3n\u2026","rel":"","context":"En \u00abCocina &amp; Vinos\u00bb","block_context":{"text":"Cocina &amp; Vinos","link":"https:\/\/www.24baires.com\/?cat=52"},"img":{"alt_text":"vino-alcohol-copa-tomar_MUJIMA20110224_0057_24","src":"https:\/\/i0.wp.com\/www.24baires.com\/wp-content\/uploads\/2012\/09\/vino-alcohol-copa-tomar_MUJIMA20110224_0057_24.jpg?resize=350%2C200","width":350,"height":200,"srcset":"https:\/\/i0.wp.com\/www.24baires.com\/wp-content\/uploads\/2012\/09\/vino-alcohol-copa-tomar_MUJIMA20110224_0057_24.jpg?resize=350%2C200 1x, https:\/\/i0.wp.com\/www.24baires.com\/wp-content\/uploads\/2012\/09\/vino-alcohol-copa-tomar_MUJIMA20110224_0057_24.jpg?resize=525%2C300 1.5x"},"classes":[]},{"id":26606,"url":"https:\/\/www.24baires.com\/?p=26606","url_meta":{"origin":53624,"position":5},"title":"Reconocen oficialmente como \u00abregional\u00bb al vino de la costa bonaerense","author":"AF","date":"22\/06\/2013","format":false,"excerpt":"El Vino de la Costa, tradicional producto regional de los distritos bonaerenses de Berisso y Avellaneda, recibi\u00f3 un importante respaldo al obtener el reconocimiento oficial y los certificados del Instituto Nacional de Vitivinicultura (INV). Productores vitivin\u00edcolas del distrito de Berisso, adem\u00e1s del reconocimiento oficial y los certificados del Instituto Nacional\u2026","rel":"","context":"En \u00abProvincia\u00bb","block_context":{"text":"Provincia","link":"https:\/\/www.24baires.com\/?cat=40"},"img":{"alt_text":"","src":"","width":0,"height":0},"classes":[]}],"jetpack_sharing_enabled":true,"jetpack_likes_enabled":true,"_links":{"self":[{"href":"https:\/\/www.24baires.com\/index.php?rest_route=\/wp\/v2\/posts\/53624","targetHints":{"allow":["GET"]}}],"collection":[{"href":"https:\/\/www.24baires.com\/index.php?rest_route=\/wp\/v2\/posts"}],"about":[{"href":"https:\/\/www.24baires.com\/index.php?rest_route=\/wp\/v2\/types\/post"}],"author":[{"embeddable":true,"href":"https:\/\/www.24baires.com\/index.php?rest_route=\/wp\/v2\/users\/8"}],"replies":[{"embeddable":true,"href":"https:\/\/www.24baires.com\/index.php?rest_route=%2Fwp%2Fv2%2Fcomments&post=53624"}],"version-history":[{"count":1,"href":"https:\/\/www.24baires.com\/index.php?rest_route=\/wp\/v2\/posts\/53624\/revisions"}],"predecessor-version":[{"id":53625,"href":"https:\/\/www.24baires.com\/index.php?rest_route=\/wp\/v2\/posts\/53624\/revisions\/53625"}],"wp:attachment":[{"href":"https:\/\/www.24baires.com\/index.php?rest_route=%2Fwp%2Fv2%2Fmedia&parent=53624"}],"wp:term":[{"taxonomy":"category","embeddable":true,"href":"https:\/\/www.24baires.com\/index.php?rest_route=%2Fwp%2Fv2%2Fcategories&post=53624"},{"taxonomy":"post_tag","embeddable":true,"href":"https:\/\/www.24baires.com\/index.php?rest_route=%2Fwp%2Fv2%2Ftags&post=53624"}],"curies":[{"name":"wp","href":"https:\/\/api.w.org\/{rel}","templated":true}]}}