{"id":5351,"date":"2012-11-14T09:50:57","date_gmt":"2012-11-14T12:50:57","guid":{"rendered":"http:\/\/www.24baires.com\/?p=5351"},"modified":"2012-11-14T10:16:26","modified_gmt":"2012-11-14T13:16:26","slug":"la-plata-instalaran-radios-abiertas-en-todas-las-plazas-por-la-ley-de-medios","status":"publish","type":"post","link":"https:\/\/www.24baires.com\/?p=5351","title":{"rendered":"La Plata: instalar\u00e1n radios abiertas en todas las plazas por la Ley de Medios"},"content":{"rendered":"<p><img data-recalc-dims=\"1\" loading=\"lazy\" decoding=\"async\" class=\"alignleft size-medium wp-image-5352\" title=\"guerin\" src=\"https:\/\/i0.wp.com\/www.24baires.com\/wp-content\/uploads\/2012\/11\/guerin.jpg?resize=300%2C197\" alt=\"\" width=\"300\" height=\"197\" srcset=\"https:\/\/i0.wp.com\/www.24baires.com\/wp-content\/uploads\/2012\/11\/guerin.jpg?resize=300%2C197&amp;ssl=1 300w, https:\/\/i0.wp.com\/www.24baires.com\/wp-content\/uploads\/2012\/11\/guerin.jpg?w=560&amp;ssl=1 560w\" sizes=\"auto, (max-width: 300px) 100vw, 300px\" \/>Ser\u00e1 a partir del pr\u00f3ximo lunes para difundir la importancia de la norma, seg\u00fan anunci\u00f3 el coordinador regional de la AFSCA, Guillermo Guerin. \u00abEl 7 de diciembre es el d\u00eda que empieza una modificaci\u00f3n profunda en la cultura\u00bb, consider\u00f3 el funcionario.<!--more--><\/p>\n<p>La regional de la Autoridad Federal de Servicios de Comunicaci\u00f3n Audiovisual (AFSCA), en conjunto con las agrupaciones que integran Unidos y Organizados, instalar\u00e1n radios abiertas en todos los espacios p\u00fablico de La Plata, en el marco del 130\u00ba aniversario de la ciudad.<\/p>\n<p>La actividad, que fue anunciada hoy por el Coordinador Regional de la AFSCA en La Plata, Guillermo Guerin, se realizar\u00e1 a partir del lunes.<\/p>\n<p>\u00abEl objetivo es que haya radios abiertas en todas las plazas y espacios p\u00fablicos de la ciudad para que el vecino se acerque. La idea es que se debata y disienta serenamente y que se expresen la diversidad de opiniones de La Plata\u00bb, explic\u00f3 Guerin.<\/p>\n<p>El funcionario record\u00f3 que \u00abel 7 de diciembre es el d\u00eda que fij\u00f3 la Corte Suprema para que se ponga en pr\u00e1ctica el art\u00edculo 161 de la Ley de Servicios de Comunicaci\u00f3n Audiovisual. Es el d\u00eda que empieza una modificaci\u00f3n profunda en la cultura\u00bb.<\/p>\n<p>Del anuncio, que se realiz\u00f3 en el Rectorado de la Universidad Nacional de La Plata (UNLP), particip\u00f3 el intendente de Ensenada, Mario Secco, y la concejal del Bloque Nacional y Popular, Sabrina Rodr\u00edguez, entre otros.<\/p>\n","protected":false},"excerpt":{"rendered":"<p>Ser\u00e1 a partir del pr\u00f3ximo lunes para difundir la importancia de la norma, seg\u00fan anunci\u00f3 el coordinador regional de la AFSCA, Guillermo Guerin. \u00abEl 7 de diciembre es el d\u00eda que empieza una modificaci\u00f3n profunda en la cultura\u00bb, consider\u00f3 el funcionario.<\/p>\n","protected":false},"author":4,"featured_media":0,"comment_status":"open","ping_status":"open","sticky":false,"template":"","format":"standard","meta":{"_jetpack_newsletter_access":"","_jetpack_dont_email_post_to_subs":false,"_jetpack_newsletter_tier_id":0,"_jetpack_memberships_contains_paywalled_content":false,"_jetpack_memberships_contains_paid_content":false,"footnotes":""},"categories":[54],"tags":[],"class_list":["post-5351","post","type-post","status-publish","format-standard","hentry","category-medios"],"jetpack_featured_media_url":"","jetpack_shortlink":"https:\/\/wp.me\/p2JWE0-1oj","jetpack-related-posts":[{"id":29338,"url":"https:\/\/www.24baires.com\/?p=29338","url_meta":{"origin":5351,"position":0},"title":"Rechazo de AFSCA a un cura platense por expresiones discriminatorias","author":"AF","date":"01\/08\/2013","format":false,"excerpt":"El titular de AFSCA Regi\u00f3n Capital, Guillermo Guerin, manifest\u00f3 este jueves su en\u00e9rgico repudio a las expresiones discriminatorias vertidas por el sacerdote Ra\u00fal Sidders en su programa \"Ave Mar\u00eda Pur\u00edsima\" que se emit\u00eda por canal 5 de La Plata. Los mensajes degradantes y difamatorios del cura fueron condenados por el\u2026","rel":"","context":"En \u00abSociedad\u00bb","block_context":{"text":"Sociedad","link":"https:\/\/www.24baires.com\/?cat=1"},"img":{"alt_text":"","src":"","width":0,"height":0},"classes":[]},{"id":56286,"url":"https:\/\/www.24baires.com\/?p=56286","url_meta":{"origin":5351,"position":1},"title":"La Plata: realizaron una jornada sobre medios, violencia y juventud","author":"GB","date":"30\/10\/2014","format":false,"excerpt":"El Afsca Regi\u00f3n Capital junto al Colegio Nacional de la Universidad de La Plata (UNLP) realizaron una jornada formativa para estudiantes del nivel secundario con el objetivo de debatir acerca de la relaci\u00f3n entre medios, j\u00f3venes y violencia con la presencia de reconocidos periodistas. \"Es important\u00edsimo que los j\u00f3venes puedan\u2026","rel":"","context":"En \u00abMedios\u00bb","block_context":{"text":"Medios","link":"https:\/\/www.24baires.com\/?cat=54"},"img":{"alt_text":"afsca","src":"https:\/\/i0.wp.com\/www.24baires.com\/wp-content\/uploads\/2014\/10\/afsca.jpg?resize=350%2C200","width":350,"height":200,"srcset":"https:\/\/i0.wp.com\/www.24baires.com\/wp-content\/uploads\/2014\/10\/afsca.jpg?resize=350%2C200 1x, https:\/\/i0.wp.com\/www.24baires.com\/wp-content\/uploads\/2014\/10\/afsca.jpg?resize=525%2C300 1.5x"},"classes":[]},{"id":33955,"url":"https:\/\/www.24baires.com\/?p=33955","url_meta":{"origin":5351,"position":2},"title":"Exigen a Cablevisi\u00f3n la incorporaci\u00f3n de QM Noticias a la grilla","author":"GB","date":"22\/10\/2013","format":false,"excerpt":"LA PLATA-\u00a0La delegaci\u00f3n de la Afsca en La Plata exigi\u00f3 el \"cumplimiento inmediato\" de la incorporaci\u00f3n del canal provincial \"QM Noticias\" a la grilla de Cablevisi\u00f3n, tal como lo solicita la justicia federal. Hay que recordar que por medio de una resoluci\u00f3n del Juez Federal Adolfo Gabino Ziulu, la se\u00f1al\u2026","rel":"","context":"En \u00abMedios\u00bb","block_context":{"text":"Medios","link":"https:\/\/www.24baires.com\/?cat=54"},"img":{"alt_text":"","src":"","width":0,"height":0},"classes":[]},{"id":33107,"url":"https:\/\/www.24baires.com\/?p=33107","url_meta":{"origin":5351,"position":3},"title":"Saintout: \u00abno podemos aceptar la idea de que este pa\u00eds vuelva a ser para unos pocos\u00bb","author":"GB","date":"06\/10\/2013","format":false,"excerpt":"LA PLATA-\u00a0La candidata a concejal por el Frente Social kirchnerista de La Plata, Florencia Saintout, record\u00f3 que \"la comunicaci\u00f3n popular, la alternativa, la comunitaria, la `otra comunicaci\u00f3n`, es una comunicaci\u00f3n que durante mucho tiempo no se escuch\u00f3, no se conoc\u00eda\". \"No se hablaba de la comunicaci\u00f3n comunitaria como tema de\u2026","rel":"","context":"En \u00abPol\u00edtica\u00bb","block_context":{"text":"Pol\u00edtica","link":"https:\/\/www.24baires.com\/?cat=51"},"img":{"alt_text":"ed","src":"https:\/\/i0.wp.com\/www.24baires.com\/wp-content\/uploads\/2013\/10\/ed-300x222.jpg?resize=350%2C200","width":350,"height":200},"classes":[]},{"id":8470,"url":"https:\/\/www.24baires.com\/?p=8470","url_meta":{"origin":5351,"position":4},"title":"AFSCA realiz\u00f3 una radio abierta en Villa Gesell por la plena aplicaci\u00f3n de la Ley de Medios","author":"AF","date":"09\/12\/2012","format":false,"excerpt":"Bajo el lema \"Por la plena vigencia de la Ley de Servicios de Comunicaci\u00f3n Audiovisual\", la actividad se desarroll\u00f3 en la Plaza Primera Junta con propuestas de m\u00fasica, entrevistas y material audiovisual sobre la Ley de Medios. Llenaron de m\u00fasica el coraz\u00f3n Tamarisco, Planalto Reggae, el d\u00fao Jonathan Arcangeli y\u2026","rel":"","context":"En \u00abMedios\u00bb","block_context":{"text":"Medios","link":"https:\/\/www.24baires.com\/?cat=54"},"img":{"alt_text":"","src":"https:\/\/i0.wp.com\/www.24baires.com\/wp-content\/uploads\/2012\/12\/AFSCA-GESELL.png?resize=350%2C200","width":350,"height":200,"srcset":"https:\/\/i0.wp.com\/www.24baires.com\/wp-content\/uploads\/2012\/12\/AFSCA-GESELL.png?resize=350%2C200 1x, https:\/\/i0.wp.com\/www.24baires.com\/wp-content\/uploads\/2012\/12\/AFSCA-GESELL.png?resize=525%2C300 1.5x"},"classes":[]},{"id":13069,"url":"https:\/\/www.24baires.com\/?p=13069","url_meta":{"origin":5351,"position":5},"title":"El AFSCA inaugur\u00f3 su parador en Mar del Plata","author":"Grupo Sierra","date":"21\/01\/2013","format":false,"excerpt":"La Autoridad Federal de Servicios de Comunicaci\u00f3n Audiovisual (AFSCA) inaugur\u00f3 su stand en el Espacio Cultural \u201cInstituto Saturnino Unzu\u00e9\u201d de la ciudad de Mar del Plata, en el marco de la campa\u00f1a \u201cArgentina, el verano de un amor. M\u00e1s la conoc\u00e9s, m\u00e1s la quer\u00e9s\u201d del Gobierno Nacional.\u00a0 El espacio del\u2026","rel":"","context":"En \u00abSociedad\u00bb","block_context":{"text":"Sociedad","link":"https:\/\/www.24baires.com\/?cat=1"},"img":{"alt_text":"afsca parador","src":"https:\/\/i0.wp.com\/www.24baires.com\/wp-content\/uploads\/2013\/01\/afsca-parador.jpg?resize=350%2C200","width":350,"height":200,"srcset":"https:\/\/i0.wp.com\/www.24baires.com\/wp-content\/uploads\/2013\/01\/afsca-parador.jpg?resize=350%2C200 1x, https:\/\/i0.wp.com\/www.24baires.com\/wp-content\/uploads\/2013\/01\/afsca-parador.jpg?resize=525%2C300 1.5x"},"classes":[]}],"jetpack_sharing_enabled":true,"jetpack_likes_enabled":true,"_links":{"self":[{"href":"https:\/\/www.24baires.com\/index.php?rest_route=\/wp\/v2\/posts\/5351","targetHints":{"allow":["GET"]}}],"collection":[{"href":"https:\/\/www.24baires.com\/index.php?rest_route=\/wp\/v2\/posts"}],"about":[{"href":"https:\/\/www.24baires.com\/index.php?rest_route=\/wp\/v2\/types\/post"}],"author":[{"embeddable":true,"href":"https:\/\/www.24baires.com\/index.php?rest_route=\/wp\/v2\/users\/4"}],"replies":[{"embeddable":true,"href":"https:\/\/www.24baires.com\/index.php?rest_route=%2Fwp%2Fv2%2Fcomments&post=5351"}],"version-history":[{"count":2,"href":"https:\/\/www.24baires.com\/index.php?rest_route=\/wp\/v2\/posts\/5351\/revisions"}],"predecessor-version":[{"id":5354,"href":"https:\/\/www.24baires.com\/index.php?rest_route=\/wp\/v2\/posts\/5351\/revisions\/5354"}],"wp:attachment":[{"href":"https:\/\/www.24baires.com\/index.php?rest_route=%2Fwp%2Fv2%2Fmedia&parent=5351"}],"wp:term":[{"taxonomy":"category","embeddable":true,"href":"https:\/\/www.24baires.com\/index.php?rest_route=%2Fwp%2Fv2%2Fcategories&post=5351"},{"taxonomy":"post_tag","embeddable":true,"href":"https:\/\/www.24baires.com\/index.php?rest_route=%2Fwp%2Fv2%2Ftags&post=5351"}],"curies":[{"name":"wp","href":"https:\/\/api.w.org\/{rel}","templated":true}]}}