{"id":5348,"date":"2012-11-14T10:09:09","date_gmt":"2012-11-14T13:09:09","guid":{"rendered":"http:\/\/www.24baires.com\/?p=5348"},"modified":"2012-11-14T10:09:09","modified_gmt":"2012-11-14T13:09:09","slug":"festejamos-nuestros-avances-pero-todavia-queda-mucho-dijeron-desde-ate","status":"publish","type":"post","link":"https:\/\/www.24baires.com\/?p=5348","title":{"rendered":"\u00abFestejamos nuestros avances, pero todav\u00eda queda mucho\u00bb, dijeron desde ATE"},"content":{"rendered":"<p>La ministra de Educaci\u00f3n garantiz\u00f3 la continuidad de los trabajadores temporarios del \u00e1rea y se comprometi\u00f3 a conformar una mesa de trabajo para dialogar sobre \u201cblanqueos\u201d y equiparaciones salariales. \u201cA pesar de estos logros, entendemos que en la provincia de Buenos Aires hay una pol\u00edtica de ajuste que sigue en marcha\u201d, dijeron desde ATE.<!--more--><\/p>\n<p>Luego de una multitudinaria movilizaci\u00f3n en el marco de un paro de 48 horas de la Asociaci\u00f3n Trabajadores del Estado (ATE), la directora general de Cultura y Educaci\u00f3n, Nora De Luc\u00eda, recibi\u00f3 a los trabajadores para responder a los reclamos y se comprometi\u00f3 a solucionar los pedidos m\u00e1s urgentes del sector.<\/p>\n<p>El secretario de organizaci\u00f3n ATE Provincia, Alberto Gonz\u00e1lez, dialog\u00f3 tras el encuentro con los funcionarios del \u00e1rea y dijo que \u201clogramos que la Direcci\u00f3n General de Escuelas garantice la continuidad de todos los compa\u00f1eros temporarios m\u00e1s all\u00e1 del 31 de diciembre\u201d.<\/p>\n<p>A su vez, confirm\u00f3 que De Luc\u00eda entreg\u00f3 una nota con fecha del 12 de noviembre, firmada por el coordinador de Consejos Escolares, Aldo Rold\u00e1n, en la cual se establece que \u201cse mantendr\u00e1n los mismos criterios de a\u00f1os anteriores, lo que garantiza la continuidad de los trabajadores\u201d.<\/p>\n<p>Gonz\u00e1lez tambi\u00e9n remarc\u00f3 que desde el ministerio \u201cse comprometieron a entregar en las pr\u00f3ximas 48 horas la resoluci\u00f3n para los comedores escolares de verano, con las incorporaciones que les sugerimos, entre ellas que los trabajadores auxiliares cumplan un r\u00e9gimen horario de cuatro horas diarias tal cual lo hacen los docentes\u201d.<\/p>\n<p>\u201cLogramos descomprimir el grado de conflictividad que tenemos en la Direcci\u00f3n General de Escuelas, pero no nos cansamos de decir que necesitamos el nombramiento uno a uno, nombramientos en los establecimientos provinciales, mayor inversi\u00f3n en infraestructura y pedimos que se garanticen las partidas para los alimentos de los pibes, que en muchos casos es el \u00fanico que reciben en el d\u00eda\u201d, explic\u00f3.<\/p>\n<p>Para Gonz\u00e1lez, \u201ca pesar de estos logros, entendemos que en la provincia de Buenos Aires hay una pol\u00edtica de ajuste que sigue en marcha. Festejamos nuestros avances, pero todav\u00eda hay mucho por resolver\u201d.<\/p>\n<p>\u201cMuchas veces no se dice que pasa, pero los compa\u00f1eros del conurbano y del interior est\u00e1n permanentemente con tomas en los Consejos Escolares y distintas medidas de fuerza para oponerse al ajuste sobre nuestro sector\u201d, agreg\u00f3.<\/p>\n<p>Otro aspecto positivo de la reuni\u00f3n, en la que tambi\u00e9n participaron el director provincial de Negociaciones Colectivas, Daniel Montes de Oca, y el subsecretario de Recursos Humanos, Claudio Crissio, fue la firma de una resoluci\u00f3n que titulariza a 1.107 trabajadores que corresponden a un remanente de temporarios del 2007 y 2008.<\/p>\n<p>De Luc\u00eda tambi\u00e9n se comprometi\u00f3 a garantizar la cobertura de los cargos por jubilaciones y fallecimientos, que hist\u00f3ricamente se cubr\u00edan r\u00e1pidamente y desde hace un tiempo hab\u00eda paralizado.<\/p>\n<p>Por \u00faltimo, las partes decidieron conformar una mesa de trabajo para comenzar a dialogar sobre \u201cblanqueos\u201d de porcentajes salariales en negro y equiparaciones de todas las renumeraciones.<\/p>\n<p>Los estatales realizaron el martes la primera jornada del paro que se extender\u00e1 hasta ma\u00f1ana. Tras la marcha a la Direcci\u00f3n General de Escuelas, el secretario general de ATE Provincia, Oscar de Isasi, consider\u00f3 que los logros alcanzados con la autoridades educativas \u201cno es un punto de llegada, es un escal\u00f3n m\u00e1s, en la rebeli\u00f3n de los estatales contra el ajuste de la provincia de Buenos Aires\u201d.<\/p>\n","protected":false},"excerpt":{"rendered":"<p>La ministra de Educaci\u00f3n garantiz\u00f3 la continuidad de los trabajadores temporarios del \u00e1rea y se comprometi\u00f3 a conformar una mesa de trabajo para dialogar sobre \u201cblanqueos\u201d y equiparaciones salariales. \u201cA pesar de estos logros, entendemos que en la provincia de Buenos Aires hay una pol\u00edtica de ajuste que sigue en marcha\u201d, dijeron desde ATE.<\/p>\n","protected":false},"author":4,"featured_media":0,"comment_status":"open","ping_status":"open","sticky":false,"template":"","format":"standard","meta":{"_jetpack_newsletter_access":"","_jetpack_dont_email_post_to_subs":false,"_jetpack_newsletter_tier_id":0,"_jetpack_memberships_contains_paywalled_content":false,"_jetpack_memberships_contains_paid_content":false,"footnotes":""},"categories":[1],"tags":[],"class_list":["post-5348","post","type-post","status-publish","format-standard","hentry","category-sociedad"],"jetpack_featured_media_url":"","jetpack_shortlink":"https:\/\/wp.me\/p2JWE0-1og","jetpack-related-posts":[{"id":27922,"url":"https:\/\/www.24baires.com\/?p=27922","url_meta":{"origin":5348,"position":0},"title":"De Isasi: De Luc\u00eda \u201cse comprometi\u00f3 a regularizar a 7 mil trabajadores\u201d antes de 2014","author":"AF","date":"10\/07\/2013","format":false,"excerpt":"El Secretario General de la Asociaci\u00f3n de Trabajadores del Estado (ATE) de la Provincia de Buenos Aires, Oscar de Isasi, dialog\u00f3 sobre la medida tomada por la Directora Provincial de Escuelas: \u201cElla se comprometi\u00f3 a un proceso que finaliza el 31 de diciembre, de regularizar a 7 mil trabajadores, como\u2026","rel":"","context":"En \u00abSociedad\u00bb","block_context":{"text":"Sociedad","link":"https:\/\/www.24baires.com\/?cat=1"},"img":{"alt_text":"","src":"","width":0,"height":0},"classes":[]},{"id":49126,"url":"https:\/\/www.24baires.com\/?p=49126","url_meta":{"origin":5348,"position":1},"title":"ATE realiz\u00f3 un paro que incluy\u00f3 marcha a Educaci\u00f3n y Desarrollo","author":"GB","date":"02\/07\/2014","format":false,"excerpt":"En el marco de una nueva jornada de paro, la Asociaci\u00f3n de Trabajadores del Estado (ATE) Provincia realiz\u00f3 una masiva marcha hacia las sedes de la direcci\u00f3n General de Cultura y Educaci\u00f3n y del ministerio de Desarrollo Social bonaerense en La Plata para reclamar \u201cen contra del ajuste de las\u2026","rel":"","context":"En \u00abProvincia\u00bb","block_context":{"text":"Provincia","link":"https:\/\/www.24baires.com\/?cat=40"},"img":{"alt_text":"ate","src":"https:\/\/i0.wp.com\/www.24baires.com\/wp-content\/uploads\/2014\/04\/ate.jpg?resize=350%2C200","width":350,"height":200,"srcset":"https:\/\/i0.wp.com\/www.24baires.com\/wp-content\/uploads\/2014\/04\/ate.jpg?resize=350%2C200 1x, https:\/\/i0.wp.com\/www.24baires.com\/wp-content\/uploads\/2014\/04\/ate.jpg?resize=525%2C300 1.5x"},"classes":[]},{"id":104776,"url":"https:\/\/www.24baires.com\/?p=104776","url_meta":{"origin":5348,"position":2},"title":"Trabajadores del Astillero R\u00edo Santiago denunciaron que Vidal \u00abrompi\u00f3\u00bb la mediaci\u00f3n de la Iglesia","author":"GB","date":"04\/10\/2018","format":false,"excerpt":"El Gobierno present\u00f3 una denuncia penal contra dos dirigentes gremiales, pese a que se hab\u00eda comprometido a abrir un canal de di\u00e1logo tras la intervenci\u00f3n de la Pastoral Social. El Gobierno bonaerense denunci\u00f3 penalmente a dos dirigentes gremiales por la toma pac\u00edfica que hicieron semanas atr\u00e1s los trabajadores del Astillero\u2026","rel":"","context":"En \u00abProvincia\u00bb","block_context":{"text":"Provincia","link":"https:\/\/www.24baires.com\/?cat=40"},"img":{"alt_text":"","src":"https:\/\/i0.wp.com\/www.24baires.com\/wp-content\/uploads\/2016\/03\/astillero-rio-santiago.jpg?resize=350%2C200","width":350,"height":200,"srcset":"https:\/\/i0.wp.com\/www.24baires.com\/wp-content\/uploads\/2016\/03\/astillero-rio-santiago.jpg?resize=350%2C200 1x, https:\/\/i0.wp.com\/www.24baires.com\/wp-content\/uploads\/2016\/03\/astillero-rio-santiago.jpg?resize=525%2C300 1.5x"},"classes":[]},{"id":106813,"url":"https:\/\/www.24baires.com\/?p=106813","url_meta":{"origin":5348,"position":3},"title":"De Isasi llam\u00f3 a los gremios estatales a realizar un paro","author":"GB","date":"13\/02\/2019","format":false,"excerpt":"El secretario general de ATE y la CTA Aut\u00f3noma breg\u00f3 la \u201cunidad y masividad para derrotar el ajuste\u201d en el marco de una protesta a Educaci\u00f3n bonaerense por sueldos adeudados y despidos. Mientras este mi\u00e9rcoles comienza la paritaria salarial entre el gobierno de la provincia de Buenos Aires y el\u2026","rel":"","context":"En \u00abProvincia\u00bb","block_context":{"text":"Provincia","link":"https:\/\/www.24baires.com\/?cat=40"},"img":{"alt_text":"","src":"https:\/\/i0.wp.com\/www.24baires.com\/wp-content\/uploads\/2018\/11\/estatales.jpg?resize=350%2C200","width":350,"height":200,"srcset":"https:\/\/i0.wp.com\/www.24baires.com\/wp-content\/uploads\/2018\/11\/estatales.jpg?resize=350%2C200 1x, https:\/\/i0.wp.com\/www.24baires.com\/wp-content\/uploads\/2018\/11\/estatales.jpg?resize=525%2C300 1.5x"},"classes":[]},{"id":36824,"url":"https:\/\/www.24baires.com\/?p=36824","url_meta":{"origin":5348,"position":4},"title":"El gremio de ATE anunci\u00f3 medidas de fuerza para mi\u00e9rcoles y jueves","author":"Grupo Sierra","date":"14\/12\/2013","format":false,"excerpt":"La seccional bonaerense de la Asociaci\u00f3n de Trabajadores del Estado (ATE) convoc\u00f3 hoy a una huelga para el mi\u00e9rcoles y el jueves pr\u00f3ximos en demanda de aumentos salariales, a la vez que anticip\u00f3 que propondr\u00e1 a la CTA nacional la realizaci\u00f3n de un paro de 24 horas que refuerce su\u2026","rel":"","context":"En \u00abProvincia\u00bb","block_context":{"text":"Provincia","link":"https:\/\/www.24baires.com\/?cat=40"},"img":{"alt_text":"","src":"","width":0,"height":0},"classes":[]},{"id":633,"url":"https:\/\/www.24baires.com\/?p=633","url_meta":{"origin":5348,"position":5},"title":"Tuvo que mediar Cuartango para que De Luc\u00eda se sentara a dialogar con los gremios","author":"Grupo Sierra","date":"28\/09\/2012","format":false,"excerpt":"El ministro de Trabajo convenci\u00f3 a la directora general de Educaci\u00f3n para retomar las negociaciones con los trabajadores de ATE, en medio de las duras negativas que planteaba la funcionaria. Tras las gestiones, ambas partes volvieron a reunirse. Fuentes gremiales adelantaron a AgePeBA que de continuar el conflicto \u201cel lunes\u2026","rel":"","context":"En \u00abProvincia\u00bb","block_context":{"text":"Provincia","link":"https:\/\/www.24baires.com\/?cat=40"},"img":{"alt_text":"","src":"","width":0,"height":0},"classes":[]}],"jetpack_sharing_enabled":true,"jetpack_likes_enabled":true,"_links":{"self":[{"href":"https:\/\/www.24baires.com\/index.php?rest_route=\/wp\/v2\/posts\/5348","targetHints":{"allow":["GET"]}}],"collection":[{"href":"https:\/\/www.24baires.com\/index.php?rest_route=\/wp\/v2\/posts"}],"about":[{"href":"https:\/\/www.24baires.com\/index.php?rest_route=\/wp\/v2\/types\/post"}],"author":[{"embeddable":true,"href":"https:\/\/www.24baires.com\/index.php?rest_route=\/wp\/v2\/users\/4"}],"replies":[{"embeddable":true,"href":"https:\/\/www.24baires.com\/index.php?rest_route=%2Fwp%2Fv2%2Fcomments&post=5348"}],"version-history":[{"count":2,"href":"https:\/\/www.24baires.com\/index.php?rest_route=\/wp\/v2\/posts\/5348\/revisions"}],"predecessor-version":[{"id":5350,"href":"https:\/\/www.24baires.com\/index.php?rest_route=\/wp\/v2\/posts\/5348\/revisions\/5350"}],"wp:attachment":[{"href":"https:\/\/www.24baires.com\/index.php?rest_route=%2Fwp%2Fv2%2Fmedia&parent=5348"}],"wp:term":[{"taxonomy":"category","embeddable":true,"href":"https:\/\/www.24baires.com\/index.php?rest_route=%2Fwp%2Fv2%2Fcategories&post=5348"},{"taxonomy":"post_tag","embeddable":true,"href":"https:\/\/www.24baires.com\/index.php?rest_route=%2Fwp%2Fv2%2Ftags&post=5348"}],"curies":[{"name":"wp","href":"https:\/\/api.w.org\/{rel}","templated":true}]}}