{"id":5340,"date":"2012-11-13T11:15:57","date_gmt":"2012-11-13T14:15:57","guid":{"rendered":"http:\/\/www.24baires.com\/?p=5340"},"modified":"2012-11-14T10:36:41","modified_gmt":"2012-11-14T13:36:41","slug":"foro-popular-sobre-la-ley-de-medios-en-mar-del-plata","status":"publish","type":"post","link":"https:\/\/www.24baires.com\/?p=5340","title":{"rendered":"Foro Popular sobre la Ley de Medios en Mar del Plata"},"content":{"rendered":"<p>Tal como se vienen realizando en todos los rincones del pa\u00eds, este mi\u00e9rcoles en la ciudad balnearia se realizar\u00e1 otro Foro de cara al denominado 7D.<!--more--><\/p>\n<p>&nbsp;<\/p>\n<p>El Foro Popular sobre la Ley de Medios en Mar del Plata por la aplicaci\u00f3n de la ley se realizar\u00e1 este Mi\u00e9rcoles 14, en el \u00a0Teatro Roxy a las 19.00 horas , San Luis 1750-Mar del Plata. El mismo ser\u00e1 encabezado por\u00a0Luis Lazzaro (AFSCA), \u00a0Osvaldo Franc\u00e9s(ARBIA), \u00a0Fernando Araujo (AFSCA) y Miguel Di Spalatro (CoRaMeCo).<\/p>\n<p>Bajo el el lema \u00abEl 7 de Diciembre, todos dentro de la Ley\u00bb los participantes podr\u00e1n escuchar y debatir sobre la aplicaci\u00f3n plena de la misma y sobre el escenario que se espera a partir de ese d\u00eda clave, fijado por la Corte Suprema de Justicia de la Naci\u00f3n para que todos los grupos multimediales se ajusten a derecho.<\/p>\n","protected":false},"excerpt":{"rendered":"<p>Tal como se vienen realizando en todos los rincones del pa\u00eds, este mi\u00e9rcoles en la ciudad balnearia se realizar\u00e1 otro Foro de cara al denominado 7D.<\/p>\n","protected":false},"author":11,"featured_media":0,"comment_status":"open","ping_status":"open","sticky":false,"template":"","format":"standard","meta":{"_jetpack_newsletter_access":"","_jetpack_dont_email_post_to_subs":false,"_jetpack_newsletter_tier_id":0,"_jetpack_memberships_contains_paywalled_content":false,"_jetpack_memberships_contains_paid_content":false,"footnotes":""},"categories":[54],"tags":[],"class_list":["post-5340","post","type-post","status-publish","format-standard","hentry","category-medios"],"jetpack_featured_media_url":"","jetpack_shortlink":"https:\/\/wp.me\/p2JWE0-1o8","jetpack-related-posts":[{"id":6315,"url":"https:\/\/www.24baires.com\/?p=6315","url_meta":{"origin":5340,"position":0},"title":"Foro de Medios en Mar del Plata dentro del marco del Festival de Cine","author":"AF","date":"21\/11\/2012","format":false,"excerpt":"Este jueves 22 se realizar\u00e1 en Mar del Plata un Foro Popular y Abierto por la plena aplicaci\u00f3n de la Ley de Medios, bajo el lema \"El 7D todos dentro de la Ley\".\u00a0 Organizado por ARBIA, IMFC, Red PAR, AraMdP y FecoopTV, el foro se desarrollar\u00e1 en las instalaciones del\u2026","rel":"","context":"En \u00abMedios\u00bb","block_context":{"text":"Medios","link":"https:\/\/www.24baires.com\/?cat=54"},"img":{"alt_text":"","src":"","width":0,"height":0},"classes":[]},{"id":76991,"url":"https:\/\/www.24baires.com\/?p=76991","url_meta":{"origin":5340,"position":1},"title":"Amparos y cautelares en todo el pa\u00eds contra la intervenci\u00f3n de la AFSCA","author":"GB","date":"29\/12\/2015","format":false,"excerpt":"Funcionarios de todo el pa\u00eds vinculados a los medios y la comunicaci\u00f3n presentaron ante la Justicia recursos de amparo y cautelares contra la intervenci\u00f3n de la AFSCA. La Senadora Nacional del Frente para la Victoria, Liliana Fellner, arremeti\u00f3 contra Macri y asegur\u00f3 que \u201cel presidente se llev\u00f3 puesto a los\u2026","rel":"","context":"En \u00abMedios\u00bb","block_context":{"text":"Medios","link":"https:\/\/www.24baires.com\/?cat=54"},"img":{"alt_text":"AFSCA","src":"https:\/\/i0.wp.com\/www.24baires.com\/wp-content\/uploads\/2015\/12\/AFSCA.jpg?resize=350%2C200","width":350,"height":200,"srcset":"https:\/\/i0.wp.com\/www.24baires.com\/wp-content\/uploads\/2015\/12\/AFSCA.jpg?resize=350%2C200 1x, https:\/\/i0.wp.com\/www.24baires.com\/wp-content\/uploads\/2015\/12\/AFSCA.jpg?resize=525%2C300 1.5x"},"classes":[]},{"id":66962,"url":"https:\/\/www.24baires.com\/?p=66962","url_meta":{"origin":5340,"position":2},"title":"An\u00edbal critic\u00f3 a la Corte por beneficiar una vez m\u00e1s a Cablevisi\u00f3n","author":"GB","date":"03\/06\/2015","format":false,"excerpt":"El jefe de Gabinete fustig\u00f3 al m\u00e1ximo tribunal por confirmar una medida cautelar de la Justicia de Mar del Plata que no permite a la AFSCA aplicar sanciones a la empresa del Grupo Clar\u00edn por no cumplir con el ordenamiento de la grilla. \"Le impiden al Ejecutivo gobernar. Volvemos al\u2026","rel":"","context":"En \u00abPol\u00edtica\u00bb","block_context":{"text":"Pol\u00edtica","link":"https:\/\/www.24baires.com\/?cat=51"},"img":{"alt_text":"anibal conferencia","src":"https:\/\/i0.wp.com\/www.24baires.com\/wp-content\/uploads\/2015\/04\/anibal-conferencia.jpg?resize=350%2C200","width":350,"height":200,"srcset":"https:\/\/i0.wp.com\/www.24baires.com\/wp-content\/uploads\/2015\/04\/anibal-conferencia.jpg?resize=350%2C200 1x, https:\/\/i0.wp.com\/www.24baires.com\/wp-content\/uploads\/2015\/04\/anibal-conferencia.jpg?resize=525%2C300 1.5x"},"classes":[]},{"id":66956,"url":"https:\/\/www.24baires.com\/?p=66956","url_meta":{"origin":5340,"position":3},"title":"La Corte Suprema benefici\u00f3 a Cablevisi\u00f3n para que no la sancionen","author":"GB","date":"02\/06\/2015","format":false,"excerpt":"El m\u00e1ximo tribunal confirm\u00f3 una medida cautelar de la justicia federal de Mar del Plata que impide a la Autoridad Federal de Servicios de Comunicaci\u00f3n Audiovisual (AFSCA) aplicar sanciones a la empresa del Grupo Clar\u00edn por no cumplir con el ordenamiento de la grilla. La resoluci\u00f3n de los ministros Ricardo\u2026","rel":"","context":"En \u00abJUDICIALES\u00bb","block_context":{"text":"JUDICIALES","link":"https:\/\/www.24baires.com\/?cat=68"},"img":{"alt_text":"cablevisi\u00f3n","src":"https:\/\/i0.wp.com\/www.24baires.com\/wp-content\/uploads\/2012\/12\/cablevisi%C3%B3n1.jpg?resize=350%2C200","width":350,"height":200,"srcset":"https:\/\/i0.wp.com\/www.24baires.com\/wp-content\/uploads\/2012\/12\/cablevisi%C3%B3n1.jpg?resize=350%2C200 1x, https:\/\/i0.wp.com\/www.24baires.com\/wp-content\/uploads\/2012\/12\/cablevisi%C3%B3n1.jpg?resize=525%2C300 1.5x"},"classes":[]},{"id":37251,"url":"https:\/\/www.24baires.com\/?p=37251","url_meta":{"origin":5340,"position":4},"title":"El AFSCA y M\u00fasicos Independientes Organizados se unen en Mar del Plata","author":"Grupo Sierra","date":"21\/12\/2013","format":false,"excerpt":"El anuncio del acuerdo se hizo mediante una conferencia de prensa en la que participaron dirigentes de ambas instituciones. Fernando Araujo, coordinador de la Regi\u00f3n Mar del Plata del AFSCA y Fabio Tagliaferri, presidente de la organizaci\u00f3n M\u00fasicos Independientes Organizados, anunciaron las nuevas estrategias en conjunto para avanzar sobre la\u2026","rel":"","context":"En \u00abLocales\u00bb","block_context":{"text":"Locales","link":"https:\/\/www.24baires.com\/?cat=38"},"img":{"alt_text":"","src":"","width":0,"height":0},"classes":[]},{"id":13069,"url":"https:\/\/www.24baires.com\/?p=13069","url_meta":{"origin":5340,"position":5},"title":"El AFSCA inaugur\u00f3 su parador en Mar del Plata","author":"Grupo Sierra","date":"21\/01\/2013","format":false,"excerpt":"La Autoridad Federal de Servicios de Comunicaci\u00f3n Audiovisual (AFSCA) inaugur\u00f3 su stand en el Espacio Cultural \u201cInstituto Saturnino Unzu\u00e9\u201d de la ciudad de Mar del Plata, en el marco de la campa\u00f1a \u201cArgentina, el verano de un amor. M\u00e1s la conoc\u00e9s, m\u00e1s la quer\u00e9s\u201d del Gobierno Nacional.\u00a0 El espacio del\u2026","rel":"","context":"En \u00abSociedad\u00bb","block_context":{"text":"Sociedad","link":"https:\/\/www.24baires.com\/?cat=1"},"img":{"alt_text":"afsca parador","src":"https:\/\/i0.wp.com\/www.24baires.com\/wp-content\/uploads\/2013\/01\/afsca-parador.jpg?resize=350%2C200","width":350,"height":200,"srcset":"https:\/\/i0.wp.com\/www.24baires.com\/wp-content\/uploads\/2013\/01\/afsca-parador.jpg?resize=350%2C200 1x, https:\/\/i0.wp.com\/www.24baires.com\/wp-content\/uploads\/2013\/01\/afsca-parador.jpg?resize=525%2C300 1.5x"},"classes":[]}],"jetpack_sharing_enabled":true,"jetpack_likes_enabled":true,"_links":{"self":[{"href":"https:\/\/www.24baires.com\/index.php?rest_route=\/wp\/v2\/posts\/5340","targetHints":{"allow":["GET"]}}],"collection":[{"href":"https:\/\/www.24baires.com\/index.php?rest_route=\/wp\/v2\/posts"}],"about":[{"href":"https:\/\/www.24baires.com\/index.php?rest_route=\/wp\/v2\/types\/post"}],"author":[{"embeddable":true,"href":"https:\/\/www.24baires.com\/index.php?rest_route=\/wp\/v2\/users\/11"}],"replies":[{"embeddable":true,"href":"https:\/\/www.24baires.com\/index.php?rest_route=%2Fwp%2Fv2%2Fcomments&post=5340"}],"version-history":[{"count":3,"href":"https:\/\/www.24baires.com\/index.php?rest_route=\/wp\/v2\/posts\/5340\/revisions"}],"predecessor-version":[{"id":5343,"href":"https:\/\/www.24baires.com\/index.php?rest_route=\/wp\/v2\/posts\/5340\/revisions\/5343"}],"wp:attachment":[{"href":"https:\/\/www.24baires.com\/index.php?rest_route=%2Fwp%2Fv2%2Fmedia&parent=5340"}],"wp:term":[{"taxonomy":"category","embeddable":true,"href":"https:\/\/www.24baires.com\/index.php?rest_route=%2Fwp%2Fv2%2Fcategories&post=5340"},{"taxonomy":"post_tag","embeddable":true,"href":"https:\/\/www.24baires.com\/index.php?rest_route=%2Fwp%2Fv2%2Ftags&post=5340"}],"curies":[{"name":"wp","href":"https:\/\/api.w.org\/{rel}","templated":true}]}}