{"id":5328,"date":"2012-11-13T18:13:37","date_gmt":"2012-11-13T21:13:37","guid":{"rendered":"http:\/\/www.24baires.com\/?p=5328"},"modified":"2012-11-13T18:14:00","modified_gmt":"2012-11-13T21:14:00","slug":"mas-de-150-millones-en-multas-a-edenor-y-edesur-por-los-cortes-de-la-semana-pasada","status":"publish","type":"post","link":"https:\/\/www.24baires.com\/?p=5328","title":{"rendered":"M\u00e1s de 150 millones en multas a Edenor y Edesur por los cortes de la semana pasada"},"content":{"rendered":"<p>El ministro de Planificaci\u00f3n Federal, Julio De Vido, instruy\u00f3 al Directorio del Ente Nacional Regulador de la Electricidad (ENRE) a iniciar un proceso sancionatorio a las empresas Edenor y Edesur.<!--more--><br \/>\nEstas sanciones incluyen multas y resarcimientos para los usuarios por un total estimado de 158 millones de pesos, ante las interrupciones en el suministro el\u00e9ctrico que se produjeron desde la semana pasada, en algunos casos prolongadas.<br \/>\nLos fundamentos de la medida se refieren a la demora en la restituci\u00f3n del servicio y por otra parte, el ENRE exigir\u00e1 a las empresa que arbitre los recaudos necesarios para evitar la ocurrencia de estos eventos.<br \/>\nDel total estimado de las sanciones, 129 millones de pesos corresponder\u00edan a Edesur y 29 millones a Edenor, indic\u00f3 Planificaci\u00f3n en un comunicado.<br \/>\nEn el caso de los resarcimientos para los usuarios afectados, se establecer\u00e1n de acuerdo a la extensi\u00f3n de los cortes en base al siguiente esquema:<br \/>\nEn el caso de los cortes mayores a 48 horas, 450 pesos; entre 24 y 48 horas, 350 pesos; y entre 12 y 24 horas, 180 pesos, precis\u00f3 el comunicado.<br \/>\nEn cuanto a las multas a las distribuidoras por incumplir con su obligaci\u00f3n de abastecimiento de energ\u00eda, mantenimiento de par\u00e1metros de calidad de servicio y la debida garant\u00eda que como concesionarios deben brindar, se aplicar\u00e1 un monto estimado de 18 millones de pesos a la empresa Edesur y de 5.500.000 pesos a Edenor.<br \/>\nAsimismo, record\u00f3 que los usuarios que hayan sido afectados en forma directa por la falta del suministro o sufrido da\u00f1os en sus aparatos el\u00e9ctricos ya sea por corte de energ\u00eda o baja tensi\u00f3n, les asiste el derecho al reclamo, sin perjuicio de que perciban el resarcimiento.<\/p>\n","protected":false},"excerpt":{"rendered":"<p>El ministro de Planificaci\u00f3n Federal, Julio De Vido, instruy\u00f3 al Directorio del Ente Nacional Regulador de la Electricidad (ENRE) a iniciar un proceso sancionatorio a las empresas Edenor y Edesur.<\/p>\n","protected":false},"author":11,"featured_media":0,"comment_status":"open","ping_status":"open","sticky":false,"template":"","format":"standard","meta":{"_jetpack_newsletter_access":"","_jetpack_dont_email_post_to_subs":false,"_jetpack_newsletter_tier_id":0,"_jetpack_memberships_contains_paywalled_content":false,"_jetpack_memberships_contains_paid_content":false,"footnotes":""},"categories":[1],"tags":[],"class_list":["post-5328","post","type-post","status-publish","format-standard","hentry","category-sociedad"],"jetpack_featured_media_url":"","jetpack_shortlink":"https:\/\/wp.me\/p2JWE0-1nW","jetpack-related-posts":[{"id":111022,"url":"https:\/\/www.24baires.com\/?p=111022","url_meta":{"origin":5328,"position":0},"title":"Denuncian a funcionarios que perdonaron a Edenor y Edesur $35.000 millones en deudas","author":"AF","date":"01\/07\/2019","format":false,"excerpt":"Las presentaciones penales recaen sobre el secretario de Energ\u00eda, Gustavo Lopetegui, y el secretario de Recursos Renovables y Mercado El\u00e9ctrico, Juan Antonio Garade. El diputado nacional Rodolfo Tailhade denunci\u00f3 penalmente al secretario de Energ\u00eda, Gustavo Lopetegui, y al secretario de Recursos Renovables y Mercado El\u00e9ctrico, Juan Antonio Garade, por el\u2026","rel":"","context":"En \u00abJUDICIALES\u00bb","block_context":{"text":"JUDICIALES","link":"https:\/\/www.24baires.com\/?cat=68"},"img":{"alt_text":"","src":"https:\/\/i0.wp.com\/www.24baires.com\/wp-content\/uploads\/2019\/07\/funcionaros.jpg?resize=350%2C200","width":350,"height":200,"srcset":"https:\/\/i0.wp.com\/www.24baires.com\/wp-content\/uploads\/2019\/07\/funcionaros.jpg?resize=350%2C200 1x, https:\/\/i0.wp.com\/www.24baires.com\/wp-content\/uploads\/2019\/07\/funcionaros.jpg?resize=525%2C300 1.5x"},"classes":[]},{"id":115755,"url":"https:\/\/www.24baires.com\/?p=115755","url_meta":{"origin":5328,"position":1},"title":"La Defensor\u00eda de la Provincia pidi\u00f3 la rescisi\u00f3n del contrato de Edesur","author":"AF","date":"27\/07\/2020","format":false,"excerpt":"El Defensor del Pueblo de la Provincia de Buenos Aires, Guido Lorenzino, confirm\u00f3 hoy que reclam\u00f3 de manera formal que se le quite la concesi\u00f3n del servicio de energ\u00eda el\u00e9ctrica a Edesur \"por incumplimiento del contrato\" y aclar\u00f3 que \"no es una expropiaci\u00f3n\". \"Entre las multas y los incumplimientos vamos\u2026","rel":"","context":"En \u00abProvincia\u00bb","block_context":{"text":"Provincia","link":"https:\/\/www.24baires.com\/?cat=40"},"img":{"alt_text":"","src":"https:\/\/i0.wp.com\/www.24baires.com\/wp-content\/uploads\/2020\/07\/queremos-luz.jpg?resize=350%2C200","width":350,"height":200,"srcset":"https:\/\/i0.wp.com\/www.24baires.com\/wp-content\/uploads\/2020\/07\/queremos-luz.jpg?resize=350%2C200 1x, https:\/\/i0.wp.com\/www.24baires.com\/wp-content\/uploads\/2020\/07\/queremos-luz.jpg?resize=525%2C300 1.5x"},"classes":[]},{"id":42293,"url":"https:\/\/www.24baires.com\/?p=42293","url_meta":{"origin":5328,"position":2},"title":"Despu\u00e9s de los cortes de luz, multan por m\u00e1s de 2 millones a las empresas","author":"Grupo Sierra","date":"17\/03\/2014","format":false,"excerpt":"El Ente Nacional Regulador de la Electricidad (ENRE) aplic\u00f3 multas por 979 mil pesos a la distribuidora Edenor y por m\u00e1s de 1,2 mill\u00f3n a Edesur, por incumplimientos de las normas de prestaci\u00f3n del servicio. El organismo determin\u00f3 asimismo multar con 340 mil pesos a la Empresa Provincial de Energ\u00eda\u2026","rel":"","context":"En \u00abGeneral\u00bb","block_context":{"text":"General","link":"https:\/\/www.24baires.com\/?cat=67"},"img":{"alt_text":"luz","src":"https:\/\/i0.wp.com\/www.24baires.com\/wp-content\/uploads\/2013\/12\/luz.jpg?resize=350%2C200","width":350,"height":200,"srcset":"https:\/\/i0.wp.com\/www.24baires.com\/wp-content\/uploads\/2013\/12\/luz.jpg?resize=350%2C200 1x, https:\/\/i0.wp.com\/www.24baires.com\/wp-content\/uploads\/2013\/12\/luz.jpg?resize=525%2C300 1.5x"},"classes":[]},{"id":100994,"url":"https:\/\/www.24baires.com\/?p=100994","url_meta":{"origin":5328,"position":3},"title":"Edenor y Edesur devolver\u00e1n dinero a usuarios que sufrieron cortes de luz","author":"AF","date":"12\/03\/2018","format":false,"excerpt":"El reintegro por calidad del servicio se hace en forma de cr\u00e9dito en las facturas posteriores a los semestres de control del 2017. Se benificiar\u00e1n unos 660.957 clientes. Las empresas Edenor y Edesur devolver\u00e1n a los usuarios casi $200 millones por los cortes de 2017. El reintegro por calidad del\u2026","rel":"","context":"En \u00abSociedad\u00bb","block_context":{"text":"Sociedad","link":"https:\/\/www.24baires.com\/?cat=1"},"img":{"alt_text":"","src":"https:\/\/i0.wp.com\/www.24baires.com\/wp-content\/uploads\/2018\/03\/corte-luz.jpg?resize=350%2C200","width":350,"height":200,"srcset":"https:\/\/i0.wp.com\/www.24baires.com\/wp-content\/uploads\/2018\/03\/corte-luz.jpg?resize=350%2C200 1x, https:\/\/i0.wp.com\/www.24baires.com\/wp-content\/uploads\/2018\/03\/corte-luz.jpg?resize=525%2C300 1.5x"},"classes":[]},{"id":38897,"url":"https:\/\/www.24baires.com\/?p=38897","url_meta":{"origin":5328,"position":4},"title":"El Gobierno se\u00f1al\u00f3 que \u00abEdenor y Edesur no reciben ning\u00fan subsidio\u00bb","author":"GB","date":"20\/01\/2014","format":false,"excerpt":"El ministerio de Planificaci\u00f3n Federal se\u00f1al\u00f3 que \"las distribuidoras Edenor y Edesur no reciben ning\u00fan subsidio del Estado Nacional\", en respuesta a una nota publicada en el diario \u00c1mbito Financiero. \"Las distribuidoras Edenor y Edesur, que prestan el servicio de distribuci\u00f3n de electricidad en el \u00e1rea metropolitana de Buenos Aires,\u2026","rel":"","context":"En \u00abEconom\u00eda\u00bb","block_context":{"text":"Econom\u00eda","link":"https:\/\/www.24baires.com\/?cat=45"},"img":{"alt_text":"edesur","src":"https:\/\/i0.wp.com\/www.24baires.com\/wp-content\/uploads\/2014\/01\/edesur.jpg?resize=350%2C200","width":350,"height":200,"srcset":"https:\/\/i0.wp.com\/www.24baires.com\/wp-content\/uploads\/2014\/01\/edesur.jpg?resize=350%2C200 1x, https:\/\/i0.wp.com\/www.24baires.com\/wp-content\/uploads\/2014\/01\/edesur.jpg?resize=525%2C300 1.5x"},"classes":[]},{"id":91314,"url":"https:\/\/www.24baires.com\/?p=91314","url_meta":{"origin":5328,"position":5},"title":"El 2017 arranc\u00f3 con 90 mil cortes de luz en el conurbano bonaerense","author":"GB","date":"03\/01\/2017","format":false,"excerpt":"Entre ayer y hoy, Edenor y Edesur registraron un total de 89470 viviendas sin electricidad, de acuerdo al ENRE. Los distritos m\u00e1s afectados fueron Jos\u00e9 C. Paz, La Matanza y Escobar. Pese al fuerte tarifazo que impuso el Gobierno, los cortes siguen y crecen. Ahora, el dato dram\u00e1tico que surge\u2026","rel":"","context":"En \u00abProvincia\u00bb","block_context":{"text":"Provincia","link":"https:\/\/www.24baires.com\/?cat=40"},"img":{"alt_text":"","src":"https:\/\/i0.wp.com\/www.24baires.com\/wp-content\/uploads\/2016\/05\/electricidad.jpg?resize=350%2C200","width":350,"height":200,"srcset":"https:\/\/i0.wp.com\/www.24baires.com\/wp-content\/uploads\/2016\/05\/electricidad.jpg?resize=350%2C200 1x, https:\/\/i0.wp.com\/www.24baires.com\/wp-content\/uploads\/2016\/05\/electricidad.jpg?resize=525%2C300 1.5x"},"classes":[]}],"jetpack_sharing_enabled":true,"jetpack_likes_enabled":true,"_links":{"self":[{"href":"https:\/\/www.24baires.com\/index.php?rest_route=\/wp\/v2\/posts\/5328","targetHints":{"allow":["GET"]}}],"collection":[{"href":"https:\/\/www.24baires.com\/index.php?rest_route=\/wp\/v2\/posts"}],"about":[{"href":"https:\/\/www.24baires.com\/index.php?rest_route=\/wp\/v2\/types\/post"}],"author":[{"embeddable":true,"href":"https:\/\/www.24baires.com\/index.php?rest_route=\/wp\/v2\/users\/11"}],"replies":[{"embeddable":true,"href":"https:\/\/www.24baires.com\/index.php?rest_route=%2Fwp%2Fv2%2Fcomments&post=5328"}],"version-history":[{"count":4,"href":"https:\/\/www.24baires.com\/index.php?rest_route=\/wp\/v2\/posts\/5328\/revisions"}],"predecessor-version":[{"id":5332,"href":"https:\/\/www.24baires.com\/index.php?rest_route=\/wp\/v2\/posts\/5328\/revisions\/5332"}],"wp:attachment":[{"href":"https:\/\/www.24baires.com\/index.php?rest_route=%2Fwp%2Fv2%2Fmedia&parent=5328"}],"wp:term":[{"taxonomy":"category","embeddable":true,"href":"https:\/\/www.24baires.com\/index.php?rest_route=%2Fwp%2Fv2%2Fcategories&post=5328"},{"taxonomy":"post_tag","embeddable":true,"href":"https:\/\/www.24baires.com\/index.php?rest_route=%2Fwp%2Fv2%2Ftags&post=5328"}],"curies":[{"name":"wp","href":"https:\/\/api.w.org\/{rel}","templated":true}]}}