{"id":53132,"date":"2014-09-05T12:30:33","date_gmt":"2014-09-05T15:30:33","guid":{"rendered":"http:\/\/www.24baires.com\/?p=53132"},"modified":"2014-09-05T12:26:18","modified_gmt":"2014-09-05T15:26:18","slug":"no-pudo-llegar-a-ser-el-lazaro-del-rock","status":"publish","type":"post","link":"https:\/\/www.24baires.com\/?p=53132","title":{"rendered":"No pudo llegar a ser el L\u00e1zaro del Rock"},"content":{"rendered":"<p><img data-recalc-dims=\"1\" loading=\"lazy\" decoding=\"async\" class=\"aligncenter wp-image-53133\" src=\"https:\/\/i0.wp.com\/www.24baires.com\/wp-content\/uploads\/2014\/09\/cerati2.jpg?resize=560%2C524\" alt=\"cerati2\" width=\"560\" height=\"524\" \/>\u00bfPor qu\u00e9 no se muri\u00f3 hace cuatro a\u00f1os, cuando tuvo el ACV? Quiz\u00e1 obtenga algunas respuestas a esa pregunta. Los religiosos dir\u00e1n que no era su hora, que el plan de Dios, -que deben entender tan poco como yo-, estaba escrito as\u00ed. Los que se vuelquen a la ciencia me dar\u00e1n un pu\u00f1ado de razones m\u00e9dicas que no entender\u00e9 del todo y que, aunque comprendi\u00e9ndolas, no me responder\u00e1n la pregunta, al menos no como yo quiero. Algunos hablar\u00e1n de las buenas y caras cl\u00ednicas y los costosos tratamientos a los que tuvo acceso, dir\u00e1n, quiz\u00e1, que fueron la raz\u00f3n de esa supervivencia ambigua y silenciosa, que lo ten\u00eda lej\u00edsimos, pero ac\u00e1, al alcance de las manos de su madre. <!--more--><\/p>\n<p>Ninguna respuesta va a satisfacerme, porque estoy empe\u00f1ada en no entender. \u00bfPara qu\u00e9, todos estos a\u00f1os de agon\u00eda? Cient\u00edficos y religiosos, abstenerse de opinar, porque sus respuestas me enojan. \u00bfPor qu\u00e9, cuando ese rayo le parti\u00f3 la cabeza en Venezuela, no muri\u00f3? Ah\u00ed, sin padecimientos extra, sin ilusionar a quienes lo amaban, sin generarle expectativas a nadie. \u00bfPor qu\u00e9, la muerte, que hoy se cans\u00f3 de esperar, no se lo llev\u00f3 ese mismo d\u00eda de 2010? No lo s\u00e9. Las cosas funcionan de una manera odiosa.<br \/>\nSi iba a aguantar cuatro a\u00f1os y medio, hubiera despertado, pienso. Y s\u00e9 que yo tambi\u00e9n ca\u00ed en las redes que nos tendi\u00f3 la esperanza, cruel y c\u00ednica, como siempre. Amamos y odiamos a la esperanza, todo el tiempo, y hasta al mismo tiempo. Pero es tan adictiva la droga de la ilusi\u00f3n, que no queremos desprendernos de ella aunque la realidad nos de codazos en las costillas y nos se\u00f1ale lo que no nos animamos a mirar de frente.<br \/>\nYo cre\u00ed, de verdad, que un d\u00eda se iba a despertar. Lo confieso, lo juro, si hace falta. No es que pens\u00e9 que de golpe se levantar\u00eda y que volver\u00eda a cantar, a componer, a vivir entre nosotros. No, no fue, no pudo llegar a ser el L\u00e1zaro del Rock que nos hubiera llenado de alegr\u00eda. Cre\u00ed que alguna oportunidad de recuperaci\u00f3n, quiz\u00e1 m\u00ednima, quiz\u00e1 s\u00f3lo llegar\u00eda a abrir los ojos y decir algunas palabras durante un tiempo, luego saldr\u00eda de su silla de ruedas, volver\u00eda a caminar\u2026 La esperanza. Yo tambi\u00e9n tej\u00ed ilusiones que, ahora s\u00e9, son apenas literatura.<br \/>\nLlueve en Buenos Aires, no podr\u00eda ser de otra manera. Yo escribo lo que siento en esta ciudad de todos que siempre me es ajena. Cerati, al final, despert\u00f3. No como quer\u00edamos, claro. Pero despert\u00f3 de ese descanso absurdo, que nunca quiso. Despert\u00f3, al final.<br \/>\nLos que se aman no pueden morir, porque amor significa eternidad, dijo alguna vez Emily Dickinson. Pero hoy estoy muy triste para abrazar las palabras de la poeta, la decepci\u00f3n es el complemento nefasto de la esperanza perdida. Aunque s\u00ed, vaya si era amado Cerati. Sigue siendo amado. De aquel amor, nos queda la memoria repleta, los mejores recuerdos en los ojos y los o\u00eddos. Pero no alcanza para salvarnos de la muerte, que perdi\u00f3 la paciencia y dijo basta, no nos libra, nada nos libra, nada m\u00e1s queda. Nada m\u00e1s.<\/p>\n<p>&nbsp;<\/p>\n<p>&nbsp;<\/p>\n<p>&nbsp;<\/p>\n<p>&nbsp;<\/p>\n<p>&nbsp;<\/p>\n<p>&nbsp;<\/p>\n<p>&nbsp;<\/p>\n<p>&nbsp;<\/p>\n<p>&nbsp;<\/p>\n<p>&nbsp;<\/p>\n<p>&nbsp;<\/p>\n<p>&nbsp;<\/p>\n<p>&nbsp;<\/p>\n","protected":false},"excerpt":{"rendered":"<p>\u00bfPor qu\u00e9 no se muri\u00f3 hace cuatro a\u00f1os, cuando tuvo el ACV? Quiz\u00e1 obtenga algunas respuestas a esa pregunta. Los religiosos dir\u00e1n que no era su hora, que el plan de Dios, -que deben entender tan poco como yo-, estaba escrito as\u00ed. Los que se vuelquen a la ciencia me dar\u00e1n un pu\u00f1ado de razones m\u00e9dicas que no entender\u00e9 del [&#8230;]<\/p>\n","protected":false},"author":8,"featured_media":0,"comment_status":"open","ping_status":"open","sticky":false,"template":"","format":"standard","meta":{"_jetpack_newsletter_access":"","_jetpack_dont_email_post_to_subs":false,"_jetpack_newsletter_tier_id":0,"_jetpack_memberships_contains_paywalled_content":false,"_jetpack_memberships_contains_paid_content":false,"footnotes":""},"categories":[64],"tags":[],"class_list":["post-53132","post","type-post","status-publish","format-standard","hentry","category-opinion"],"jetpack_featured_media_url":"","jetpack_shortlink":"https:\/\/wp.me\/p2JWE0-dOY","jetpack-related-posts":[{"id":63423,"url":"https:\/\/www.24baires.com\/?p=63423","url_meta":{"origin":53132,"position":0},"title":"Piden que El Trece no trasmita \u00abEsperanza m\u00eda\u00bb por considerarla ofensiva a la fe cat\u00f3lica","author":"GB","date":"20\/03\/2015","format":false,"excerpt":"Un sacerdote inici\u00f3 la campa\u00f1a online para que El Trece no estrene la tira protagonizada por Lali Esp\u00f3sito y Mariano Mart\u00ednez, en la que ambos interpretan a religiosos. Un sacerdote de San Luis inici\u00f3 una campa\u00f1a online para pedirle a El Trece que no emita \"Esperanza m\u00eda\", la nueva novela\u2026","rel":"","context":"En \u00abEspectaculos\u00bb","block_context":{"text":"Espectaculos","link":"https:\/\/www.24baires.com\/?cat=41"},"img":{"alt_text":"esperanzamia","src":"https:\/\/i0.wp.com\/www.24baires.com\/wp-content\/uploads\/2015\/03\/esperanzamia.jpg?resize=350%2C200","width":350,"height":200,"srcset":"https:\/\/i0.wp.com\/www.24baires.com\/wp-content\/uploads\/2015\/03\/esperanzamia.jpg?resize=350%2C200 1x, https:\/\/i0.wp.com\/www.24baires.com\/wp-content\/uploads\/2015\/03\/esperanzamia.jpg?resize=525%2C300 1.5x"},"classes":[]},{"id":69156,"url":"https:\/\/www.24baires.com\/?p=69156","url_meta":{"origin":53132,"position":1},"title":"La corpo judicial ataca de nuevo","author":"AF","date":"16\/07\/2015","format":false,"excerpt":"Hoy la Sala I de la C\u00e1mara Federal apart\u00f3 al Juez Bonad\u00edo de la causa Hotesur. La informaci\u00f3n breve, en una l\u00ednea, puede disparar alg\u00fan alerta sobre la independencia de los miembros del Poder Judicial y sus acciones. De seguro haya quienes ya se est\u00e9n transitando el gastado camino de\u2026","rel":"","context":"En \u00abOpini\u00f3n\u00bb","block_context":{"text":"Opini\u00f3n","link":"https:\/\/www.24baires.com\/?cat=64"},"img":{"alt_text":"bonad\u00edo","src":"https:\/\/i0.wp.com\/www.24baires.com\/wp-content\/uploads\/2015\/07\/bonad%C3%ADo.jpg?resize=350%2C200","width":350,"height":200,"srcset":"https:\/\/i0.wp.com\/www.24baires.com\/wp-content\/uploads\/2015\/07\/bonad%C3%ADo.jpg?resize=350%2C200 1x, https:\/\/i0.wp.com\/www.24baires.com\/wp-content\/uploads\/2015\/07\/bonad%C3%ADo.jpg?resize=525%2C300 1.5x"},"classes":[]},{"id":41101,"url":"https:\/\/www.24baires.com\/?p=41101","url_meta":{"origin":53132,"position":2},"title":"Un debate constante: Estado y neutralidad religiosa","author":"Grupo Sierra","date":"25\/02\/2014","format":false,"excerpt":"La Asociaci\u00f3n Pensamiento Penal (APP) y la Asociaci\u00f3n por los Derechos Civiles (ADC) lanzaron en el mes de septiembre de 2013 la Campa\u00f1a Nacional en favor de la Neutralidad Religiosa, con el objeto de promover los principios de laicidad estatal e imparcialidad en el ejercicio de la magistratura y el\u2026","rel":"","context":"En \u00abOpini\u00f3n\u00bb","block_context":{"text":"Opini\u00f3n","link":"https:\/\/www.24baires.com\/?cat=64"},"img":{"alt_text":"neutralidad","src":"https:\/\/i0.wp.com\/www.24baires.com\/wp-content\/uploads\/2014\/02\/neutralidad.jpg?resize=350%2C200","width":350,"height":200,"srcset":"https:\/\/i0.wp.com\/www.24baires.com\/wp-content\/uploads\/2014\/02\/neutralidad.jpg?resize=350%2C200 1x, https:\/\/i0.wp.com\/www.24baires.com\/wp-content\/uploads\/2014\/02\/neutralidad.jpg?resize=525%2C300 1.5x"},"classes":[]},{"id":80319,"url":"https:\/\/www.24baires.com\/?p=80319","url_meta":{"origin":53132,"position":3},"title":"El mismo mundo tirano de siempre","author":"AF","date":"18\/03\/2016","format":false,"excerpt":"Una vez escrib\u00ed sobre una piba de 16 a\u00f1os que se quit\u00f3 la vida porque no soport\u00f3 m\u00e1s las cargadas de sus compa\u00f1eros de escuela y hasta de sus docentes. Bueno, lo obvio: la piba ya no estaba cuando escrib\u00ed eso, ni cuando me enter\u00e9 de lo sucedido. Ya hab\u00edamos\u2026","rel":"","context":"En \u00abOpini\u00f3n\u00bb","block_context":{"text":"Opini\u00f3n","link":"https:\/\/www.24baires.com\/?cat=64"},"img":{"alt_text":"blengio miramar","src":"https:\/\/i0.wp.com\/www.24baires.com\/wp-content\/uploads\/2016\/03\/blengio-miramar.jpg?resize=350%2C200","width":350,"height":200,"srcset":"https:\/\/i0.wp.com\/www.24baires.com\/wp-content\/uploads\/2016\/03\/blengio-miramar.jpg?resize=350%2C200 1x, https:\/\/i0.wp.com\/www.24baires.com\/wp-content\/uploads\/2016\/03\/blengio-miramar.jpg?resize=525%2C300 1.5x"},"classes":[]},{"id":57012,"url":"https:\/\/www.24baires.com\/?p=57012","url_meta":{"origin":53132,"position":4},"title":"El PS, entre la nada y Macri","author":"GB","date":"12\/11\/2014","format":false,"excerpt":"Pens\u00e1 r\u00e1pido: \u00bfqu\u00e9 tienen en com\u00fan el Partido Socialista y el PRO? Respuesta. Ya. Nada. Al menos esa ser\u00eda mi respuesta sin analizar ninguna de las variables pr\u00e1cticas que de seguro de nos empiezan a ocurrir algunos segundos despu\u00e9s de responder. Y, quiz\u00e1, hayamos dado una respuesta correcta desde una\u2026","rel":"","context":"En \u00abOpini\u00f3n\u00bb","block_context":{"text":"Opini\u00f3n","link":"https:\/\/www.24baires.com\/?cat=64"},"img":{"alt_text":"pd","src":"https:\/\/i0.wp.com\/www.24baires.com\/wp-content\/uploads\/2014\/11\/pd.jpg?resize=350%2C200","width":350,"height":200,"srcset":"https:\/\/i0.wp.com\/www.24baires.com\/wp-content\/uploads\/2014\/11\/pd.jpg?resize=350%2C200 1x, https:\/\/i0.wp.com\/www.24baires.com\/wp-content\/uploads\/2014\/11\/pd.jpg?resize=525%2C300 1.5x"},"classes":[]},{"id":47821,"url":"https:\/\/www.24baires.com\/?p=47821","url_meta":{"origin":53132,"position":5},"title":"Capitanich: \u00abDime con qui\u00e9n andas y te dir\u00e9 qui\u00e9n eres\u00bb","author":"AF","date":"11\/06\/2014","format":false,"excerpt":"El jefe de Gabinete cit\u00f3 hoy esa frase para referirse al saludo entre el gobernador de la provincia de Buenos Aires, Daniel Scioli, y el CEO de Clar\u00edn, H\u00e9ctor Magnetto, que tuvo lugar ayer en el marco del ciclo sobre Democracia y Desarrollo, organizado por Clar\u00edn. \"Dime con quien andas\u2026","rel":"","context":"En \u00abPol\u00edtica\u00bb","block_context":{"text":"Pol\u00edtica","link":"https:\/\/www.24baires.com\/?cat=51"},"img":{"alt_text":"magnetto scioli","src":"https:\/\/i0.wp.com\/www.24baires.com\/wp-content\/uploads\/2014\/06\/magnetto-scioli.png?resize=350%2C200","width":350,"height":200,"srcset":"https:\/\/i0.wp.com\/www.24baires.com\/wp-content\/uploads\/2014\/06\/magnetto-scioli.png?resize=350%2C200 1x, https:\/\/i0.wp.com\/www.24baires.com\/wp-content\/uploads\/2014\/06\/magnetto-scioli.png?resize=525%2C300 1.5x"},"classes":[]}],"jetpack_sharing_enabled":true,"jetpack_likes_enabled":true,"_links":{"self":[{"href":"https:\/\/www.24baires.com\/index.php?rest_route=\/wp\/v2\/posts\/53132","targetHints":{"allow":["GET"]}}],"collection":[{"href":"https:\/\/www.24baires.com\/index.php?rest_route=\/wp\/v2\/posts"}],"about":[{"href":"https:\/\/www.24baires.com\/index.php?rest_route=\/wp\/v2\/types\/post"}],"author":[{"embeddable":true,"href":"https:\/\/www.24baires.com\/index.php?rest_route=\/wp\/v2\/users\/8"}],"replies":[{"embeddable":true,"href":"https:\/\/www.24baires.com\/index.php?rest_route=%2Fwp%2Fv2%2Fcomments&post=53132"}],"version-history":[{"count":1,"href":"https:\/\/www.24baires.com\/index.php?rest_route=\/wp\/v2\/posts\/53132\/revisions"}],"predecessor-version":[{"id":53134,"href":"https:\/\/www.24baires.com\/index.php?rest_route=\/wp\/v2\/posts\/53132\/revisions\/53134"}],"wp:attachment":[{"href":"https:\/\/www.24baires.com\/index.php?rest_route=%2Fwp%2Fv2%2Fmedia&parent=53132"}],"wp:term":[{"taxonomy":"category","embeddable":true,"href":"https:\/\/www.24baires.com\/index.php?rest_route=%2Fwp%2Fv2%2Fcategories&post=53132"},{"taxonomy":"post_tag","embeddable":true,"href":"https:\/\/www.24baires.com\/index.php?rest_route=%2Fwp%2Fv2%2Ftags&post=53132"}],"curies":[{"name":"wp","href":"https:\/\/api.w.org\/{rel}","templated":true}]}}