{"id":5296,"date":"2012-11-13T17:45:11","date_gmt":"2012-11-13T20:45:11","guid":{"rendered":"http:\/\/www.24baires.com\/?p=5296"},"modified":"2012-11-13T18:06:30","modified_gmt":"2012-11-13T21:06:30","slug":"vecinos-de-villa-gesell-realizan-una-medicion-de-playas","status":"publish","type":"post","link":"https:\/\/www.24baires.com\/?p=5296","title":{"rendered":"Vecinos de Villa Gesell realizan una medici\u00f3n de playas"},"content":{"rendered":"<p><img data-recalc-dims=\"1\" loading=\"lazy\" decoding=\"async\" class=\"alignleft size-medium wp-image-5297\" title=\"gesell ushi\" src=\"https:\/\/i0.wp.com\/www.24baires.com\/wp-content\/uploads\/2012\/11\/gesell-ushi.jpg?resize=300%2C225\" alt=\"\" width=\"300\" height=\"225\" srcset=\"https:\/\/i0.wp.com\/www.24baires.com\/wp-content\/uploads\/2012\/11\/gesell-ushi.jpg?resize=300%2C225&amp;ssl=1 300w, https:\/\/i0.wp.com\/www.24baires.com\/wp-content\/uploads\/2012\/11\/gesell-ushi.jpg?w=348&amp;ssl=1 348w\" sizes=\"auto, (max-width: 300px) 100vw, 300px\" \/>Un grupo de vecinos realiza una medici\u00f3n de playas, para tener datos ciertos sobre la situaci\u00f3n de la erosi\u00f3n costera en Villa Gesell. As\u00ed lo informaron a trav\u00e9s de un comunicado emitido por la Asamblea Ciudadana de Villa Gesell, entidad que nuclea a quienes se preocupan \u2013 y ocupan \u2013 de temas medioambientales en esa ciudad.<!--more--><br \/>\nSeg\u00fan el comunicado, invitan a participar este martes de una nueva \u00abJornada de Medici\u00f3n de Costa\u00bb en Mar Azul, Calle 47 y Playa y tambi\u00e9n en Gesell, Paseo 133 y playa , por ser d\u00eda de luna nueva.<\/p>\n<p>\u201cLas mediciones de playa van a servir para que la comunidad conozca el real nivel de erosi\u00f3n de las playas de villa Gesell, entre otros aspectos. Una vez realizada una importante cantidad de mediciones, podremos arribar a las conclusiones del caso. Es importante que la comunidad participe\u201d, finaliza el comunicado.<\/p>\n","protected":false},"excerpt":{"rendered":"<p>Un grupo de vecinos realiza una medici\u00f3n de playas, para tener datos ciertos sobre la situaci\u00f3n de la erosi\u00f3n costera en Villa Gesell. As\u00ed lo informaron a trav\u00e9s de un comunicado emitido por la Asamblea Ciudadana de Villa Gesell, entidad que nuclea a quienes se preocupan \u2013 y ocupan \u2013 de temas medioambientales en esa ciudad.<\/p>\n","protected":false},"author":11,"featured_media":0,"comment_status":"open","ping_status":"open","sticky":false,"template":"","format":"standard","meta":{"_jetpack_newsletter_access":"","_jetpack_dont_email_post_to_subs":false,"_jetpack_newsletter_tier_id":0,"_jetpack_memberships_contains_paywalled_content":false,"_jetpack_memberships_contains_paid_content":false,"footnotes":""},"categories":[38],"tags":[],"class_list":["post-5296","post","type-post","status-publish","format-standard","hentry","category-locales"],"jetpack_featured_media_url":"","jetpack_shortlink":"https:\/\/wp.me\/p2JWE0-1nq","jetpack-related-posts":[{"id":122848,"url":"https:\/\/www.24baires.com\/?p=122848","url_meta":{"origin":5296,"position":0},"title":"\u201cOjo con la rentabilidad\u201d, advirti\u00f3 un intendente sobre la temporada","author":"GB","date":"03\/02\/2026","format":false,"excerpt":"El intendente de Villa Gesell, Gustavo Barrera, se mostr\u00f3 preocupado por la estrepitosa ca\u00edda del consumo registrado en lo que va de la temporada de verano. Pasado el primer mes de las vacaciones de verano, el intendente de Villa Gesell, Gustavo Barrera, dio ayer una conferencia de prensa para hacer\u2026","rel":"","context":"En \u00abTurismo\u00bb","block_context":{"text":"Turismo","link":"https:\/\/www.24baires.com\/?cat=69"},"img":{"alt_text":"","src":"https:\/\/i0.wp.com\/www.24baires.com\/wp-content\/uploads\/2026\/02\/temporada-villa-gesell.jpg?resize=350%2C200","width":350,"height":200,"srcset":"https:\/\/i0.wp.com\/www.24baires.com\/wp-content\/uploads\/2026\/02\/temporada-villa-gesell.jpg?resize=350%2C200 1x, https:\/\/i0.wp.com\/www.24baires.com\/wp-content\/uploads\/2026\/02\/temporada-villa-gesell.jpg?resize=525%2C300 1.5x, https:\/\/i0.wp.com\/www.24baires.com\/wp-content\/uploads\/2026\/02\/temporada-villa-gesell.jpg?resize=700%2C400 2x"},"classes":[]},{"id":58657,"url":"https:\/\/www.24baires.com\/?p=58657","url_meta":{"origin":5296,"position":1},"title":"Villa Gesell refuerza la seguridad y aplicar\u00e1 sanciones por consumo de alcohol","author":"GB","date":"15\/12\/2014","format":false,"excerpt":"El intendente de Villa Gesell, Gustavo Barrera, dijo hoy que el municipio se est\u00e1 preparando para recibir a los miles de tursitas de cara a la pr\u00f3xima temporada estival. Anticip\u00f3 sanciones por el consumo de alcohol. El jefe comunal inform\u00f3 que, tras la pasada Semana Santa, \u201cmejoramos la seguridad en\u2026","rel":"","context":"En \u00abLocales\u00bb","block_context":{"text":"Locales","link":"https:\/\/www.24baires.com\/?cat=38"},"img":{"alt_text":"villa gesell","src":"https:\/\/i0.wp.com\/www.24baires.com\/wp-content\/uploads\/2012\/12\/villa-gesell.jpg?resize=350%2C200","width":350,"height":200,"srcset":"https:\/\/i0.wp.com\/www.24baires.com\/wp-content\/uploads\/2012\/12\/villa-gesell.jpg?resize=350%2C200 1x, https:\/\/i0.wp.com\/www.24baires.com\/wp-content\/uploads\/2012\/12\/villa-gesell.jpg?resize=525%2C300 1.5x"},"classes":[]},{"id":113876,"url":"https:\/\/www.24baires.com\/?p=113876","url_meta":{"origin":5296,"position":2},"title":"Villa Gesell: vecinos marcharon pidiendo justicia por Fernando y que se decrete el duelo","author":"GB","date":"21\/01\/2020","format":false,"excerpt":"Tras el asesinato de Fernando B\u00e1ez Sosa a manos de una manada de rugbiers, vecinos de la localidad balnearia realizaron una \u201csentada pac\u00edfica\u201d en el lugar donde asesinaron al joven de 19 a\u00f1os. Pidieron que el Intendente decrete un d\u00eda de duelo. Vecinos y vecinas de Villa Gesell se manifestaron\u2026","rel":"","context":"En \u00abMunicipios\u00bb","block_context":{"text":"Municipios","link":"https:\/\/www.24baires.com\/?cat=44"},"img":{"alt_text":"","src":"https:\/\/i0.wp.com\/www.24baires.com\/wp-content\/uploads\/2020\/01\/marcha-villa-gesell.jpg?resize=350%2C200","width":350,"height":200,"srcset":"https:\/\/i0.wp.com\/www.24baires.com\/wp-content\/uploads\/2020\/01\/marcha-villa-gesell.jpg?resize=350%2C200 1x, https:\/\/i0.wp.com\/www.24baires.com\/wp-content\/uploads\/2020\/01\/marcha-villa-gesell.jpg?resize=525%2C300 1.5x"},"classes":[]},{"id":106217,"url":"https:\/\/www.24baires.com\/?p=106217","url_meta":{"origin":5296,"position":3},"title":"Aseguran que est\u00e1 controlado el incendio forestal en Villa Gesell","author":"AF","date":"06\/01\/2019","format":false,"excerpt":"Quem\u00f3 160 hect\u00e1reas. Hab\u00eda comenzado el s\u00e1bado por la tarde y fue combatido por aviones hidrantes m\u00e1s 15 dotaciones de bomberos. Afortunadamente, el incendio forestal que afect\u00f3 a una parte de Villa Gesell y amenazaba con expandirse hacia zonas urbanas fue controlado, seg\u00fan afirmaron las autoridades, que tambi\u00e9n especificaron que\u2026","rel":"","context":"En \u00abLocales\u00bb","block_context":{"text":"Locales","link":"https:\/\/www.24baires.com\/?cat=38"},"img":{"alt_text":"","src":"https:\/\/i0.wp.com\/www.24baires.com\/wp-content\/uploads\/2019\/01\/incendio-gesell.jpg?resize=350%2C200","width":350,"height":200,"srcset":"https:\/\/i0.wp.com\/www.24baires.com\/wp-content\/uploads\/2019\/01\/incendio-gesell.jpg?resize=350%2C200 1x, https:\/\/i0.wp.com\/www.24baires.com\/wp-content\/uploads\/2019\/01\/incendio-gesell.jpg?resize=525%2C300 1.5x"},"classes":[]},{"id":92319,"url":"https:\/\/www.24baires.com\/?p=92319","url_meta":{"origin":5296,"position":4},"title":"Guardavidas de Villa Gesell protestaron dentro de la Municipalidad","author":"GB","date":"11\/02\/2017","format":false,"excerpt":"Los trabajadores del gremio que nuclea a los guardavidas de Villa Gesell contin\u00faan con el reclamo salarial a la comuna y esta vez se manifestaron dentro del edificio municipal. Desde la Uni\u00f3n de Guardavidas de Villa Gesell contin\u00faan con el reclamo salarial desde hace varios meses. \u201cEs un reclamo que\u2026","rel":"","context":"En \u00abLocales\u00bb","block_context":{"text":"Locales","link":"https:\/\/www.24baires.com\/?cat=38"},"img":{"alt_text":"","src":"https:\/\/i0.wp.com\/www.24baires.com\/wp-content\/uploads\/2016\/01\/guardavidas.jpg?resize=350%2C200","width":350,"height":200,"srcset":"https:\/\/i0.wp.com\/www.24baires.com\/wp-content\/uploads\/2016\/01\/guardavidas.jpg?resize=350%2C200 1x, https:\/\/i0.wp.com\/www.24baires.com\/wp-content\/uploads\/2016\/01\/guardavidas.jpg?resize=525%2C300 1.5x"},"classes":[]},{"id":113351,"url":"https:\/\/www.24baires.com\/?p=113351","url_meta":{"origin":5296,"position":5},"title":"Mar del Plata est\u00e1 entre los destinos preferidos para las vacaciones 2020","author":"GB","date":"11\/12\/2019","format":false,"excerpt":"Las ciudades tur\u00edsticas de Mar del Plata, Carlos Paz y Villa Gesell encabezan la lista de los destinos preferidos para las pr\u00f3ximas vacaciones, seg\u00fan el estudio independiente que una reconocida plataforma de viajes y turismo realiz\u00f3 entrevistando a viajeros de todo el pa\u00eds. En el estudio elaborado por Booking.com se\u2026","rel":"","context":"En \u00abMunicipios\u00bb","block_context":{"text":"Municipios","link":"https:\/\/www.24baires.com\/?cat=44"},"img":{"alt_text":"","src":"https:\/\/i0.wp.com\/www.24baires.com\/wp-content\/uploads\/2015\/01\/turistas-mar-del-plata.jpg?resize=350%2C200","width":350,"height":200,"srcset":"https:\/\/i0.wp.com\/www.24baires.com\/wp-content\/uploads\/2015\/01\/turistas-mar-del-plata.jpg?resize=350%2C200 1x, https:\/\/i0.wp.com\/www.24baires.com\/wp-content\/uploads\/2015\/01\/turistas-mar-del-plata.jpg?resize=525%2C300 1.5x"},"classes":[]}],"jetpack_sharing_enabled":true,"jetpack_likes_enabled":true,"_links":{"self":[{"href":"https:\/\/www.24baires.com\/index.php?rest_route=\/wp\/v2\/posts\/5296","targetHints":{"allow":["GET"]}}],"collection":[{"href":"https:\/\/www.24baires.com\/index.php?rest_route=\/wp\/v2\/posts"}],"about":[{"href":"https:\/\/www.24baires.com\/index.php?rest_route=\/wp\/v2\/types\/post"}],"author":[{"embeddable":true,"href":"https:\/\/www.24baires.com\/index.php?rest_route=\/wp\/v2\/users\/11"}],"replies":[{"embeddable":true,"href":"https:\/\/www.24baires.com\/index.php?rest_route=%2Fwp%2Fv2%2Fcomments&post=5296"}],"version-history":[{"count":3,"href":"https:\/\/www.24baires.com\/index.php?rest_route=\/wp\/v2\/posts\/5296\/revisions"}],"predecessor-version":[{"id":5318,"href":"https:\/\/www.24baires.com\/index.php?rest_route=\/wp\/v2\/posts\/5296\/revisions\/5318"}],"wp:attachment":[{"href":"https:\/\/www.24baires.com\/index.php?rest_route=%2Fwp%2Fv2%2Fmedia&parent=5296"}],"wp:term":[{"taxonomy":"category","embeddable":true,"href":"https:\/\/www.24baires.com\/index.php?rest_route=%2Fwp%2Fv2%2Fcategories&post=5296"},{"taxonomy":"post_tag","embeddable":true,"href":"https:\/\/www.24baires.com\/index.php?rest_route=%2Fwp%2Fv2%2Ftags&post=5296"}],"curies":[{"name":"wp","href":"https:\/\/api.w.org\/{rel}","templated":true}]}}