{"id":5275,"date":"2012-11-13T14:48:23","date_gmt":"2012-11-13T17:48:23","guid":{"rendered":"http:\/\/www.24baires.com\/?p=5275"},"modified":"2012-11-13T14:51:39","modified_gmt":"2012-11-13T17:51:39","slug":"finalmente-moyano-no-marchara-a-plaza-de-mayo-durante-el-paro-del-20","status":"publish","type":"post","link":"https:\/\/www.24baires.com\/?p=5275","title":{"rendered":"Finalmente, Moyano no marchar\u00e1 a Plaza de Mayo durante el paro del 20"},"content":{"rendered":"<p><img data-recalc-dims=\"1\" loading=\"lazy\" decoding=\"async\" class=\"alignleft size-medium wp-image-5278\" title=\"moyano5\" src=\"https:\/\/i0.wp.com\/www.24baires.com\/wp-content\/uploads\/2012\/11\/moyano5.jpg?resize=300%2C225\" alt=\"\" width=\"300\" height=\"225\" srcset=\"https:\/\/i0.wp.com\/www.24baires.com\/wp-content\/uploads\/2012\/11\/moyano5.jpg?resize=300%2C225&amp;ssl=1 300w, https:\/\/i0.wp.com\/www.24baires.com\/wp-content\/uploads\/2012\/11\/moyano5.jpg?w=560&amp;ssl=1 560w\" sizes=\"auto, (max-width: 300px) 100vw, 300px\" \/>El Consejo Directivo de la CGT Azopardo ratificar\u00e1 el paro del 20 de noviembre, pero no se movilizar\u00e1 como lo har\u00e1 la CTA de Pablo Michelli.<\/p>\n<h2><!--more--><\/h2>\n<p>El Consejo Directivo de la CGT Azopardo se reunir\u00e1 en la tarde del martes para ratificar el paro previsto, de manera conjunta con la CTA opositora, para el 20 de noviembre pr\u00f3ximo, aunque no se sumar\u00e1 a la movilizaci\u00f3n dispuesta para ese d\u00eda a la Plaza de Mayo.<\/p>\n<p>As\u00ed lo confirm\u00f3 el secretario gremial de la central obrera y secretario general del Sindicato de Panaderos, Abel Frutos, quien asegur\u00f3 que \u201ctenemos muy buen di\u00e1logo tanto con la CTA como con la CGT Azul y Blanca de Barrionuevo\u201d y descart\u00f3 que haya \u201ccortocircuitos\u201d.<\/p>\n<p>La intenci\u00f3n de ambas centrales obreras es exigirle al Gobierno de Cristina Fern\u00e1ndez el aumento del m\u00ednimo no imponible del impuesto a las Ganancias, la universalizaci\u00f3n de la asignaci\u00f3n familiar, un aumento de emergencia para jubilados y pensionados y el pedido de un pago adicional de unos 4 mil pesos por \u00fanica vez para antes de fin de a\u00f1o.<\/p>\n<p>Frutos dijo que \u201cla legislaci\u00f3n agresiva de este gobierno hace que el trabajador se sienta mal y que pretenda este paro que est\u00e1 deseando\u201d. El sindicalista agreg\u00f3 que el sector asalariado \u201ctiene muy en claro que este gobierno lo viene perjudicando y que viene tratando de encasillarnos a la derecha o a la izquierda por fotos o reuniones que tenemos, cuando el vicepresidente es de derecha. Es un hombre que proviene de la UCED\u00c9\u201d, cerr\u00f3.<\/p>\n","protected":false},"excerpt":{"rendered":"<p>El Consejo Directivo de la CGT Azopardo ratificar\u00e1 el paro del 20 de noviembre, pero no se movilizar\u00e1 como lo har\u00e1 la CTA de Pablo Michelli.<\/p>\n","protected":false},"author":4,"featured_media":0,"comment_status":"open","ping_status":"open","sticky":false,"template":"","format":"standard","meta":{"_jetpack_newsletter_access":"","_jetpack_dont_email_post_to_subs":false,"_jetpack_newsletter_tier_id":0,"_jetpack_memberships_contains_paywalled_content":false,"_jetpack_memberships_contains_paid_content":false,"footnotes":""},"categories":[1],"tags":[],"class_list":["post-5275","post","type-post","status-publish","format-standard","hentry","category-sociedad"],"jetpack_featured_media_url":"","jetpack_shortlink":"https:\/\/wp.me\/p2JWE0-1n5","jetpack-related-posts":[{"id":102697,"url":"https:\/\/www.24baires.com\/?p=102697","url_meta":{"origin":5275,"position":0},"title":"La CTA y Camioneros confirmaron que parar\u00e1n el pr\u00f3ximo jueves","author":"AF","date":"12\/06\/2018","format":false,"excerpt":"Con el final de las negociaciones del Gobierno con la CGT, las dos CTA ratificaron la medida de fuerza convocada para este jueves, que confluir\u00e1 con un acto central en la Plaza de Mayo a las 16 horas. En paralelo al anuncio, y exhortaron a la CGT a convocar a\u2026","rel":"","context":"En \u00abSociedad\u00bb","block_context":{"text":"Sociedad","link":"https:\/\/www.24baires.com\/?cat=1"},"img":{"alt_text":"","src":"https:\/\/i0.wp.com\/www.24baires.com\/wp-content\/uploads\/2016\/11\/acto-cta.jpg?resize=350%2C200","width":350,"height":200,"srcset":"https:\/\/i0.wp.com\/www.24baires.com\/wp-content\/uploads\/2016\/11\/acto-cta.jpg?resize=350%2C200 1x, https:\/\/i0.wp.com\/www.24baires.com\/wp-content\/uploads\/2016\/11\/acto-cta.jpg?resize=525%2C300 1.5x"},"classes":[]},{"id":58104,"url":"https:\/\/www.24baires.com\/?p=58104","url_meta":{"origin":5275,"position":1},"title":"Paro de Moyano, un cl\u00e1sico de fin de a\u00f1o","author":"Grupo Sierra","date":"03\/12\/2014","format":false,"excerpt":"El gremio que conduce Hugo Moyano anunci\u00f3 un paro nacional de 24 horas, al que adhirieron gremios de transporte. Piden \"la eliminaci\u00f3n o modificaci\u00f3n de al\u00edcuotas y escalas del impuesto a las ganancias\". Luego de dos horas y media de deliberaciones, la conducci\u00f3n de la CGT Azopardo anunci\u00f3 la protesta\u2026","rel":"","context":"En \u00abPol\u00edtica\u00bb","block_context":{"text":"Pol\u00edtica","link":"https:\/\/www.24baires.com\/?cat=51"},"img":{"alt_text":"moyano massa","src":"https:\/\/i0.wp.com\/www.24baires.com\/wp-content\/uploads\/2013\/08\/moyano-massa.jpg?resize=350%2C200","width":350,"height":200,"srcset":"https:\/\/i0.wp.com\/www.24baires.com\/wp-content\/uploads\/2013\/08\/moyano-massa.jpg?resize=350%2C200 1x, https:\/\/i0.wp.com\/www.24baires.com\/wp-content\/uploads\/2013\/08\/moyano-massa.jpg?resize=525%2C300 1.5x"},"classes":[]},{"id":108167,"url":"https:\/\/www.24baires.com\/?p=108167","url_meta":{"origin":5275,"position":2},"title":"La CGT anunci\u00f3 que planea el sexto paro general en la era Macri para fines de mayo","author":"AF","date":"14\/05\/2019","format":false,"excerpt":"La central obrera est\u00e1 definiendo la fecha de la huelga, pero ya resolvi\u00f3 paralizar el pa\u00eds la \u00faltima semana de este mes, inform\u00f3 C5N. El Consejo Directivo de la CGT se encuentra reunido dese las 14 y resolvi\u00f3 la convocatoria a un paro general para fines de mayo contra las\u2026","rel":"","context":"En \u00abSociedad\u00bb","block_context":{"text":"Sociedad","link":"https:\/\/www.24baires.com\/?cat=1"},"img":{"alt_text":"","src":"https:\/\/i0.wp.com\/www.24baires.com\/wp-content\/uploads\/2018\/09\/cgt-1.jpg?resize=350%2C200","width":350,"height":200,"srcset":"https:\/\/i0.wp.com\/www.24baires.com\/wp-content\/uploads\/2018\/09\/cgt-1.jpg?resize=350%2C200 1x, https:\/\/i0.wp.com\/www.24baires.com\/wp-content\/uploads\/2018\/09\/cgt-1.jpg?resize=525%2C300 1.5x"},"classes":[]},{"id":122155,"url":"https:\/\/www.24baires.com\/?p=122155","url_meta":{"origin":5275,"position":3},"title":"La CGT anunci\u00f3 un paro general para el 10 de abril","author":"GB","date":"21\/03\/2025","format":false,"excerpt":"La central obrera advirti\u00f3 que las acciones sindicales se extender\u00e1n por 36 horas, en reclamo por las pol\u00edticas del gobierno de Javier Milei. La Confederaci\u00f3n General del Trabajo (CGT) convoc\u00f3 este jueves a un paro nacional el 10 de abril pr\u00f3ximo, en lo que ser\u00e1 la tercera huelga general durante\u2026","rel":"","context":"En \u00abPol\u00edtica\u00bb","block_context":{"text":"Pol\u00edtica","link":"https:\/\/www.24baires.com\/?cat=51"},"img":{"alt_text":"","src":"https:\/\/i0.wp.com\/www.24baires.com\/wp-content\/uploads\/2025\/03\/cgt1.webp?resize=350%2C200","width":350,"height":200,"srcset":"https:\/\/i0.wp.com\/www.24baires.com\/wp-content\/uploads\/2025\/03\/cgt1.webp?resize=350%2C200 1x, https:\/\/i0.wp.com\/www.24baires.com\/wp-content\/uploads\/2025\/03\/cgt1.webp?resize=525%2C300 1.5x, https:\/\/i0.wp.com\/www.24baires.com\/wp-content\/uploads\/2025\/03\/cgt1.webp?resize=700%2C400 2x"},"classes":[]},{"id":107509,"url":"https:\/\/www.24baires.com\/?p=107509","url_meta":{"origin":5275,"position":4},"title":"Sin huelga, las principales centrales de trabajadores se movilizar\u00e1n este jueves","author":"AF","date":"03\/04\/2019","format":false,"excerpt":"La CGT, el Frente Sindical, las CTA y los movimientos sociales se manifestar\u00e1n en rechazo a las pol\u00edticas del gobierno de Mauricio Macri. \"Tenemos las mejores expectativas para la movilizaci\u00f3n, que creo ser\u00e1 important\u00edsima y va a poner el acento en la discusi\u00f3n de un modelo de pa\u00eds distinto al\u2026","rel":"","context":"En \u00abSociedad\u00bb","block_context":{"text":"Sociedad","link":"https:\/\/www.24baires.com\/?cat=1"},"img":{"alt_text":"","src":"https:\/\/i0.wp.com\/www.24baires.com\/wp-content\/uploads\/2019\/04\/cgt.jpg?resize=350%2C200","width":350,"height":200,"srcset":"https:\/\/i0.wp.com\/www.24baires.com\/wp-content\/uploads\/2019\/04\/cgt.jpg?resize=350%2C200 1x, https:\/\/i0.wp.com\/www.24baires.com\/wp-content\/uploads\/2019\/04\/cgt.jpg?resize=525%2C300 1.5x"},"classes":[]},{"id":1704,"url":"https:\/\/www.24baires.com\/?p=1704","url_meta":{"origin":5275,"position":5},"title":"Micheli vol\u00f3 de Plaza de Mayo a Miami sin escalas","author":"Grupo Sierra","date":"11\/10\/2012","format":false,"excerpt":"El dirigente sindical viaj\u00f3 anoche hacia Miami a pocas horas de anunciar un paro nacional del sector opositor de la CTA, ante 10 mil personas en Plaza de Mayo. El vuelo 908 de Americans Airlines parti\u00f3 a las 22.45 y lleg\u00f3 hoy a las 7.24 con el dirigente opositor a\u2026","rel":"","context":"En \u00abPol\u00edtica\u00bb","block_context":{"text":"Pol\u00edtica","link":"https:\/\/www.24baires.com\/?cat=51"},"img":{"alt_text":"","src":"https:\/\/i0.wp.com\/www.24baires.com\/wp-content\/uploads\/2012\/10\/micheli.jpg?resize=350%2C200","width":350,"height":200,"srcset":"https:\/\/i0.wp.com\/www.24baires.com\/wp-content\/uploads\/2012\/10\/micheli.jpg?resize=350%2C200 1x, https:\/\/i0.wp.com\/www.24baires.com\/wp-content\/uploads\/2012\/10\/micheli.jpg?resize=525%2C300 1.5x"},"classes":[]}],"jetpack_sharing_enabled":true,"jetpack_likes_enabled":true,"_links":{"self":[{"href":"https:\/\/www.24baires.com\/index.php?rest_route=\/wp\/v2\/posts\/5275","targetHints":{"allow":["GET"]}}],"collection":[{"href":"https:\/\/www.24baires.com\/index.php?rest_route=\/wp\/v2\/posts"}],"about":[{"href":"https:\/\/www.24baires.com\/index.php?rest_route=\/wp\/v2\/types\/post"}],"author":[{"embeddable":true,"href":"https:\/\/www.24baires.com\/index.php?rest_route=\/wp\/v2\/users\/4"}],"replies":[{"embeddable":true,"href":"https:\/\/www.24baires.com\/index.php?rest_route=%2Fwp%2Fv2%2Fcomments&post=5275"}],"version-history":[{"count":3,"href":"https:\/\/www.24baires.com\/index.php?rest_route=\/wp\/v2\/posts\/5275\/revisions"}],"predecessor-version":[{"id":5277,"href":"https:\/\/www.24baires.com\/index.php?rest_route=\/wp\/v2\/posts\/5275\/revisions\/5277"}],"wp:attachment":[{"href":"https:\/\/www.24baires.com\/index.php?rest_route=%2Fwp%2Fv2%2Fmedia&parent=5275"}],"wp:term":[{"taxonomy":"category","embeddable":true,"href":"https:\/\/www.24baires.com\/index.php?rest_route=%2Fwp%2Fv2%2Fcategories&post=5275"},{"taxonomy":"post_tag","embeddable":true,"href":"https:\/\/www.24baires.com\/index.php?rest_route=%2Fwp%2Fv2%2Ftags&post=5275"}],"curies":[{"name":"wp","href":"https:\/\/api.w.org\/{rel}","templated":true}]}}