{"id":5269,"date":"2012-11-14T10:15:02","date_gmt":"2012-11-14T13:15:02","guid":{"rendered":"http:\/\/www.24baires.com\/?p=5269"},"modified":"2012-11-14T10:33:00","modified_gmt":"2012-11-14T13:33:00","slug":"solicitan-la-reparacion-y-un-adecuado-mantenimiento-para-la-ruta-provincial-88","status":"publish","type":"post","link":"https:\/\/www.24baires.com\/?p=5269","title":{"rendered":"Solicitan la reparaci\u00f3n y un adecuado mantenimiento de la ruta provincial 88"},"content":{"rendered":"<p><img data-recalc-dims=\"1\" loading=\"lazy\" decoding=\"async\" class=\"alignleft size-medium wp-image-5270\" title=\"lazzeretti\" src=\"https:\/\/i0.wp.com\/www.24baires.com\/wp-content\/uploads\/2012\/11\/lazzeretti.jpg?resize=300%2C198\" alt=\"\" width=\"300\" height=\"198\" srcset=\"https:\/\/i0.wp.com\/www.24baires.com\/wp-content\/uploads\/2012\/11\/lazzeretti.jpg?resize=300%2C198&amp;ssl=1 300w, https:\/\/i0.wp.com\/www.24baires.com\/wp-content\/uploads\/2012\/11\/lazzeretti.jpg?w=560&amp;ssl=1 560w\" sizes=\"auto, (max-width: 300px) 100vw, 300px\" \/>El diputado provincial, Alfredo Lazzeretti (PS-FAP) present\u00f3 un proyecto que insta al Poder Ejecutivo bonaerense para que, a trav\u00e9s de la Direcci\u00f3n Provincial de Vialidad dependiente del Ministerio de Infraestructura, establezca como obra prioritaria, a ser financiada por el Fondo Provincial de Vialidad de reciente creaci\u00f3n, la reparaci\u00f3n y acondicionamiento de la ruta provincial 88, en particular en el tramo que une a la ciudad de Mar del Plata con la localidad de Bat\u00e1n en el partido de General Pueyrredon.<!--more--><\/p>\n<p>Esta iniciativa se suma a la de otros legisladores y representantes municipales que han elevado su reclamo dado que, a pesar de las obras llevadas adelante por el Ministerio de Infraestructura, el deterioro y deficiente mantenimiento de la ruta representa un riesgo cierto para todos aquellos ciudadanos que se trasladan por el sur de la provincia.<\/p>\n<p>Al respecto el legislador socialista inform\u00f3: \u201cSobre la base de lo aprobado de la Ley Fiscal Impositiva para el ejercicio 2013 -en especial sus art\u00edculos 44, 146 y 147- que establecen que parte de la recaudaci\u00f3n en impuestos a automotores debe ir destinada a obras viales y teniendo en consideraci\u00f3n el deplorable estado de la ruta 88, es que requerimos se d\u00e9 prioridad a las obras destinadas a acondicionar dicha ruta, en particular en el tramo que une Mar del Plata y Bat\u00e1n.\u201d<\/p>\n<p>En mayo de este a\u00f1o, la Honorable C\u00e1mara de Diputados aprob\u00f3 una Declaraci\u00f3n al gobierno provincial acerca de la necesidad de llevar adelante obras de reparaci\u00f3n y mejoramiento. Se\u00f1alaba, entre los problemas, el deterioro de la cinta asf\u00e1ltica, el estado deficitario de las banquinas, y la falta de se\u00f1alizaciones.<\/p>\n<p>\u201cSon muchas las voces que han puesto en evidencia la situaci\u00f3n calamitosa en que se encuentra dicha ruta que conecta las localidades de Mar del Plata, Bat\u00e1n, Estaci\u00f3n Chapadmalal, Comandante Nicanor Otamendi, Miramar, Mechongu\u00e9, Quequ\u00e9n y Necochea. Esta situaci\u00f3n resulta preocupante dado el exuberante tr\u00e1nsito vehicular que soporta y la importancia estrat\u00e9gica en la comunicaci\u00f3n de todo el sudeste de la provincia. Su satisfactorio mantenimiento resulta clave para el desarrollo productivo de la regi\u00f3n, es condici\u00f3n necesaria tanto para el traslado de insumos y productos de todo tipo como para la actividad tur\u00edstica. Adem\u00e1s, cabe destacar que las condiciones deficitarias de mantenimiento representan un riesgo cierto para la seguridad de los automovilistas, y el principal factor de siniestralidad.\u201d advirti\u00f3 Lazzeretti.<\/p>\n","protected":false},"excerpt":{"rendered":"<p>El diputado provincial, Alfredo Lazzeretti (PS-FAP) present\u00f3 un proyecto que insta al Poder Ejecutivo bonaerense para que, a trav\u00e9s de la Direcci\u00f3n Provincial de Vialidad dependiente del Ministerio de Infraestructura, establezca como obra prioritaria, a ser financiada por el Fondo Provincial de Vialidad de reciente creaci\u00f3n, la reparaci\u00f3n y acondicionamiento de la ruta provincial 88, en particular en el tramo [&#8230;]<\/p>\n","protected":false},"author":4,"featured_media":0,"comment_status":"open","ping_status":"open","sticky":false,"template":"","format":"standard","meta":{"_jetpack_newsletter_access":"","_jetpack_dont_email_post_to_subs":false,"_jetpack_newsletter_tier_id":0,"_jetpack_memberships_contains_paywalled_content":false,"_jetpack_memberships_contains_paid_content":false,"footnotes":""},"categories":[1],"tags":[],"class_list":["post-5269","post","type-post","status-publish","format-standard","hentry","category-sociedad"],"jetpack_featured_media_url":"","jetpack_shortlink":"https:\/\/wp.me\/p2JWE0-1mZ","jetpack-related-posts":[{"id":5238,"url":"https:\/\/www.24baires.com\/?p=5238","url_meta":{"origin":5269,"position":0},"title":"La Provincia realiza fuerte operativo de control de peso y dimensiones en rutas","author":"AF","date":"13\/11\/2012","format":false,"excerpt":"El ministro de Infraestructura, Alejandro Arl\u00eda supervis\u00f3 los controles de pesos y dimensiones del transporte automotor de cargas, que se est\u00e1n realizando en diferentes puntos estrat\u00e9gicos de la provincia de Buenos Aires, acompa\u00f1ado por la subsecretaria de Obras P\u00fablicas, Patricia Tombesi, y por el administrador general de Vialidad, Ricardo Curetti.\u2026","rel":"","context":"En \u00abProvincia\u00bb","block_context":{"text":"Provincia","link":"https:\/\/www.24baires.com\/?cat=40"},"img":{"alt_text":"","src":"https:\/\/i0.wp.com\/www.24baires.com\/wp-content\/uploads\/2012\/11\/201211121752400.DSC_6042-300x199.jpg?resize=350%2C200","width":350,"height":200},"classes":[]},{"id":31260,"url":"https:\/\/www.24baires.com\/?p=31260","url_meta":{"origin":5269,"position":1},"title":"Licitan obras viales en seis municipios","author":"AF","date":"04\/09\/2013","format":false,"excerpt":"El ministerio de Infraestructura, a trav\u00e9s de la Direcci\u00f3n de Vialidad Provincial licitar\u00e1, durante esta semana, distintas obras viales destinadas a los partidos bonaerenses de Pehuaj\u00f3, Bah\u00eda Blanca, Ensenada, Mor\u00f3n, Chivilcoy y General Pueyrred\u00f3n. \u201cEn el marco del plan de Mantenimiento y Conservaci\u00f3n Vial, adem\u00e1s de trabajar fuerte por ejemplo,\u2026","rel":"","context":"En \u00abMunicipios\u00bb","block_context":{"text":"Municipios","link":"https:\/\/www.24baires.com\/?cat=44"},"img":{"alt_text":"ruta 6","src":"https:\/\/i0.wp.com\/www.24baires.com\/wp-content\/uploads\/2013\/04\/ruta-6.jpg?resize=350%2C200","width":350,"height":200,"srcset":"https:\/\/i0.wp.com\/www.24baires.com\/wp-content\/uploads\/2013\/04\/ruta-6.jpg?resize=350%2C200 1x, https:\/\/i0.wp.com\/www.24baires.com\/wp-content\/uploads\/2013\/04\/ruta-6.jpg?resize=525%2C300 1.5x"},"classes":[]},{"id":54185,"url":"https:\/\/www.24baires.com\/?p=54185","url_meta":{"origin":5269,"position":2},"title":"La mayor\u00eda de las rutas bonaerenses no est\u00e1n asfaltadas","author":"AF","date":"24\/09\/2014","format":false,"excerpt":"Son casi 26 mil kil\u00f3metros. Los caminos asfaltados, en tanto, llegan a cubrir un poco m\u00e1s de 10.600 Km. Y las rutas nacionales que pasan por la provincia, son las de mayor \u00edndice de peligrosidad. Las cifras sobre caminos asfaltados y de tierra pertenecen a la Direcci\u00f3n de Vialidad provincial,\u2026","rel":"","context":"En \u00abProvincia\u00bb","block_context":{"text":"Provincia","link":"https:\/\/www.24baires.com\/?cat=40"},"img":{"alt_text":"ruta sin asfalto","src":"https:\/\/i0.wp.com\/www.24baires.com\/wp-content\/uploads\/2014\/09\/ruta-sin-asfalto.jpg?resize=350%2C200","width":350,"height":200,"srcset":"https:\/\/i0.wp.com\/www.24baires.com\/wp-content\/uploads\/2014\/09\/ruta-sin-asfalto.jpg?resize=350%2C200 1x, https:\/\/i0.wp.com\/www.24baires.com\/wp-content\/uploads\/2014\/09\/ruta-sin-asfalto.jpg?resize=525%2C300 1.5x"},"classes":[]},{"id":42542,"url":"https:\/\/www.24baires.com\/?p=42542","url_meta":{"origin":5269,"position":3},"title":"Por buen camino: licitan obras para rutas provinciales","author":"Grupo Sierra","date":"21\/03\/2014","format":false,"excerpt":"La administradora de Vialidad bonaerense, Patricia Tombesi, presidi\u00f3 este jueves en Baradero, junto al jefe comunal de ese distrito, Aldo Carossi ,el acto licitatorio de la obras de \u201cRehabilitaci\u00f3n y Conservaci\u00f3n de capa de rodamiento para las rutas provinciales 191, 41, 32 y 30\u201d. Acompa\u00f1ada por el Intendente de Baradero,\u2026","rel":"","context":"En \u00abProvincia\u00bb","block_context":{"text":"Provincia","link":"https:\/\/www.24baires.com\/?cat=40"},"img":{"alt_text":"ruta","src":"https:\/\/i0.wp.com\/www.24baires.com\/wp-content\/uploads\/2013\/12\/ruta-300x170.jpg?resize=350%2C200","width":350,"height":200},"classes":[]},{"id":122284,"url":"https:\/\/www.24baires.com\/?p=122284","url_meta":{"origin":5269,"position":4},"title":"Kicillof encabeza la coordinaci\u00f3n de emergencia por el temporal en Buenos Aires","author":"GB","date":"19\/05\/2025","format":false,"excerpt":"El mandatario recorri\u00f3 las zonas afectadas luego de encabezar la reuni\u00f3n de emergencia. El gobernador Axel Kicillof recorri\u00f3 las zonas m\u00e1s afectadas por el temporal que azot\u00f3 a la provincia en las \u00faltimas jornadas. En ese marco, el mandatario se traslad\u00f3 hacia los municipios de San Antonio de Areco y\u2026","rel":"","context":"En \u00abProvincia\u00bb","block_context":{"text":"Provincia","link":"https:\/\/www.24baires.com\/?cat=40"},"img":{"alt_text":"","src":"https:\/\/i0.wp.com\/www.24baires.com\/wp-content\/uploads\/2025\/05\/kici-penal.webp?resize=350%2C200","width":350,"height":200,"srcset":"https:\/\/i0.wp.com\/www.24baires.com\/wp-content\/uploads\/2025\/05\/kici-penal.webp?resize=350%2C200 1x, https:\/\/i0.wp.com\/www.24baires.com\/wp-content\/uploads\/2025\/05\/kici-penal.webp?resize=525%2C300 1.5x, https:\/\/i0.wp.com\/www.24baires.com\/wp-content\/uploads\/2025\/05\/kici-penal.webp?resize=700%2C400 2x"},"classes":[]},{"id":39763,"url":"https:\/\/www.24baires.com\/?p=39763","url_meta":{"origin":5269,"position":5},"title":"El Ministerio de Infraestructura tambi\u00e9n envi\u00f3 asistencia a las zonas afectadas por el temporal","author":"GB","date":"03\/02\/2014","format":false,"excerpt":"La Direcci\u00f3n de Vialidad de la provincia de Buenos Aires, est\u00e1 prestando colaboraci\u00f3n y asistencia t\u00e9cnica a las zonas del norte provincial que se ven seriamente afectadas por las recientes lluvias. La administradora general de Vialidad, Patricia Tombesi manifest\u00f3 \u201cque el ministro Arl\u00eda instruy\u00f3 que nuestra prioridad sea mantener la\u2026","rel":"","context":"En \u00abPol\u00edtica\u00bb","block_context":{"text":"Pol\u00edtica","link":"https:\/\/www.24baires.com\/?cat=51"},"img":{"alt_text":"","src":"","width":0,"height":0},"classes":[]}],"jetpack_sharing_enabled":true,"jetpack_likes_enabled":true,"_links":{"self":[{"href":"https:\/\/www.24baires.com\/index.php?rest_route=\/wp\/v2\/posts\/5269","targetHints":{"allow":["GET"]}}],"collection":[{"href":"https:\/\/www.24baires.com\/index.php?rest_route=\/wp\/v2\/posts"}],"about":[{"href":"https:\/\/www.24baires.com\/index.php?rest_route=\/wp\/v2\/types\/post"}],"author":[{"embeddable":true,"href":"https:\/\/www.24baires.com\/index.php?rest_route=\/wp\/v2\/users\/4"}],"replies":[{"embeddable":true,"href":"https:\/\/www.24baires.com\/index.php?rest_route=%2Fwp%2Fv2%2Fcomments&post=5269"}],"version-history":[{"count":4,"href":"https:\/\/www.24baires.com\/index.php?rest_route=\/wp\/v2\/posts\/5269\/revisions"}],"predecessor-version":[{"id":5364,"href":"https:\/\/www.24baires.com\/index.php?rest_route=\/wp\/v2\/posts\/5269\/revisions\/5364"}],"wp:attachment":[{"href":"https:\/\/www.24baires.com\/index.php?rest_route=%2Fwp%2Fv2%2Fmedia&parent=5269"}],"wp:term":[{"taxonomy":"category","embeddable":true,"href":"https:\/\/www.24baires.com\/index.php?rest_route=%2Fwp%2Fv2%2Fcategories&post=5269"},{"taxonomy":"post_tag","embeddable":true,"href":"https:\/\/www.24baires.com\/index.php?rest_route=%2Fwp%2Fv2%2Ftags&post=5269"}],"curies":[{"name":"wp","href":"https:\/\/api.w.org\/{rel}","templated":true}]}}