{"id":5266,"date":"2012-11-13T14:31:03","date_gmt":"2012-11-13T17:31:03","guid":{"rendered":"http:\/\/www.24baires.com\/?p=5266"},"modified":"2012-11-13T14:31:03","modified_gmt":"2012-11-13T17:31:03","slug":"preferimos-restringir-la-compra-de-dolares-antes-que-devaluar","status":"publish","type":"post","link":"https:\/\/www.24baires.com\/?p=5266","title":{"rendered":"\u00abPreferimos restringir la compra de d\u00f3lares antes que devaluar\u00bb"},"content":{"rendered":"<p><img data-recalc-dims=\"1\" loading=\"lazy\" decoding=\"async\" class=\"alignleft size-medium wp-image-5267\" title=\"fern\u00e1ndez an\u00edbal2\" src=\"https:\/\/i0.wp.com\/www.24baires.com\/wp-content\/uploads\/2012\/11\/fern%C3%A1ndez-an%C3%ADbal2.jpg?resize=300%2C193\" alt=\"\" width=\"300\" height=\"193\" srcset=\"https:\/\/i0.wp.com\/www.24baires.com\/wp-content\/uploads\/2012\/11\/fern%C3%A1ndez-an%C3%ADbal2.jpg?resize=300%2C193&amp;ssl=1 300w, https:\/\/i0.wp.com\/www.24baires.com\/wp-content\/uploads\/2012\/11\/fern%C3%A1ndez-an%C3%ADbal2.jpg?w=560&amp;ssl=1 560w\" sizes=\"auto, (max-width: 300px) 100vw, 300px\" \/>Lo asever\u00f3 el senador nacional del Frente para la Victoria, An\u00edbal Fern\u00e1nez, quien alert\u00f3 que una devaluaci\u00f3n implicar\u00eda tener un \u00abproblema social\u00bb. Adem\u00e1s, puso de relieve la importancia de \u00abgarantizar un mercado dom\u00e9stico potente\u00bb.<!--more--><\/p>\n<p>El senador nacional del Frente para la Victoria, An\u00edbal Fern\u00e1ndez, volvi\u00f3 a defender la pol\u00edtica cambiaria del Gobierno, al tiempo que advirti\u00f3 que una eventual devaluaci\u00f3n generar\u00eda un \u201cproblema social\u201d.<\/p>\n<p>En este sentido, el ex jefe de Gabinete afirm\u00f3 que \u201cantes de tener un problema social por una devaluaci\u00f3n preferimos restringir la compra de d\u00f3lar para atesoramiento\u201d.<\/p>\n<p>Finalmente, subray\u00f3 que la meta es \u201csostener el empleo, garantizar un mercado dom\u00e9stico potente y sostener un tipo de cambio de flotaci\u00f3n administrada que garantice que podamos incentivar la demanda\u201d.<\/p>\n","protected":false},"excerpt":{"rendered":"<p>Lo asever\u00f3 el senador nacional del Frente para la Victoria, An\u00edbal Fern\u00e1nez, quien alert\u00f3 que una devaluaci\u00f3n implicar\u00eda tener un \u00abproblema social\u00bb. Adem\u00e1s, puso de relieve la importancia de \u00abgarantizar un mercado dom\u00e9stico potente\u00bb.<\/p>\n","protected":false},"author":4,"featured_media":0,"comment_status":"open","ping_status":"open","sticky":false,"template":"","format":"standard","meta":{"_jetpack_newsletter_access":"","_jetpack_dont_email_post_to_subs":false,"_jetpack_newsletter_tier_id":0,"_jetpack_memberships_contains_paywalled_content":false,"_jetpack_memberships_contains_paid_content":false,"footnotes":""},"categories":[45],"tags":[],"class_list":["post-5266","post","type-post","status-publish","format-standard","hentry","category-economia"],"jetpack_featured_media_url":"","jetpack_shortlink":"https:\/\/wp.me\/p2JWE0-1mW","jetpack-related-posts":[{"id":95979,"url":"https:\/\/www.24baires.com\/?p=95979","url_meta":{"origin":5266,"position":0},"title":"Cristina visit\u00f3 Lincoln en el marco de su campa\u00f1a electoral","author":"AF","date":"18\/07\/2017","format":false,"excerpt":"La ex presidenta y precandidata a senadora nacional por Unidad Ciudadana, Cristina Kirchner, visit\u00f3 hoy un tambo en el municipio de Lincoln, donde dialog\u00f3 con productores sobre la situaci\u00f3n del sector lechero y se reuni\u00f3 con el presidente de la Sociedad Rural local, An\u00edbal Fern\u00e1ndez, en el marco de su\u2026","rel":"","context":"En \u00abPol\u00edtica\u00bb","block_context":{"text":"Pol\u00edtica","link":"https:\/\/www.24baires.com\/?cat=51"},"img":{"alt_text":"","src":"https:\/\/i0.wp.com\/www.24baires.com\/wp-content\/uploads\/2017\/07\/cristina.jpg?resize=350%2C200","width":350,"height":200,"srcset":"https:\/\/i0.wp.com\/www.24baires.com\/wp-content\/uploads\/2017\/07\/cristina.jpg?resize=350%2C200 1x, https:\/\/i0.wp.com\/www.24baires.com\/wp-content\/uploads\/2017\/07\/cristina.jpg?resize=525%2C300 1.5x"},"classes":[]},{"id":74525,"url":"https:\/\/www.24baires.com\/?p=74525","url_meta":{"origin":5266,"position":1},"title":"Scioli: \u201cSi hay un espacio pol\u00edtico que cambi\u00f3 la Argentina, es precisamente el nuestro\u201d","author":"AF","date":"03\/11\/2015","format":false,"excerpt":"El candidato a presidente del Frente Para la Victoria, Daniel Scioli, afirm\u00f3 hoy que desde Cambiemos \"se incomodan cuando empieza a desenmascararse qu\u00e9 hay detr\u00e1s de la palabra cambio\". \"Si hay un espacio pol\u00edtico que cambi\u00f3 la Argentina, es precisamente el nuestro, que transform\u00f3 el pa\u00eds con conquistas. Los que\u2026","rel":"","context":"En \u00abElecciones 2015\u00bb","block_context":{"text":"Elecciones 2015","link":"https:\/\/www.24baires.com\/?cat=74"},"img":{"alt_text":"scioli rabolini","src":"https:\/\/i0.wp.com\/www.24baires.com\/wp-content\/uploads\/2015\/10\/scioli-rabolini.jpg?resize=350%2C200","width":350,"height":200,"srcset":"https:\/\/i0.wp.com\/www.24baires.com\/wp-content\/uploads\/2015\/10\/scioli-rabolini.jpg?resize=350%2C200 1x, https:\/\/i0.wp.com\/www.24baires.com\/wp-content\/uploads\/2015\/10\/scioli-rabolini.jpg?resize=525%2C300 1.5x"},"classes":[]},{"id":103389,"url":"https:\/\/www.24baires.com\/?p=103389","url_meta":{"origin":5266,"position":2},"title":"Pichetto sostiene que Cristina ser\u00e1 candidata en las pr\u00f3ximas elecciones","author":"AF","date":"17\/07\/2018","format":false,"excerpt":"El senador rionegrino adelant\u00f3 su opini\u00f3n sobre los comicios presidenciales de 2019. En cuanto a la econom\u00eda, asegur\u00f3 que \"lo peor todav\u00eda no pas\u00f3\". \"El peronismo federal tiene que tener una construcci\u00f3n pol\u00edtica y un liderazgo pol\u00edtico. Y tiene que tener candidatura para expresar esa alternativa. La ex presidenta va\u2026","rel":"","context":"En \u00abPol\u00edtica\u00bb","block_context":{"text":"Pol\u00edtica","link":"https:\/\/www.24baires.com\/?cat=51"},"img":{"alt_text":"","src":"https:\/\/i0.wp.com\/www.24baires.com\/wp-content\/uploads\/2017\/10\/cristina-conferencia-de-prensa.jpg?resize=350%2C200","width":350,"height":200,"srcset":"https:\/\/i0.wp.com\/www.24baires.com\/wp-content\/uploads\/2017\/10\/cristina-conferencia-de-prensa.jpg?resize=350%2C200 1x, https:\/\/i0.wp.com\/www.24baires.com\/wp-content\/uploads\/2017\/10\/cristina-conferencia-de-prensa.jpg?resize=525%2C300 1.5x"},"classes":[]},{"id":71689,"url":"https:\/\/www.24baires.com\/?p=71689","url_meta":{"origin":5266,"position":3},"title":"\u00abMacri quiere gobernar para unos pocos\u00bb","author":"AF","date":"05\/09\/2015","format":false,"excerpt":"El gobernador bonaerense y candidato presidencial por el FpV habl\u00f3 al cerrar en Mar del Plata el encuentro provincial del PJ bonaerense. Advirti\u00f3 que Macri \"quiere tomar el camino de pol\u00edticas de falso atajo como la devaluaci\u00f3n para gobernar para pocos\". \"En un contexto de incertidumbre global hay que fortalecer\u2026","rel":"","context":"En \u00abPol\u00edtica\u00bb","block_context":{"text":"Pol\u00edtica","link":"https:\/\/www.24baires.com\/?cat=51"},"img":{"alt_text":"scioli cierre campa\u00f1a","src":"https:\/\/i0.wp.com\/www.24baires.com\/wp-content\/uploads\/2015\/08\/scioli-cierre-campa%C3%B1a.jpg?resize=350%2C200","width":350,"height":200,"srcset":"https:\/\/i0.wp.com\/www.24baires.com\/wp-content\/uploads\/2015\/08\/scioli-cierre-campa%C3%B1a.jpg?resize=350%2C200 1x, https:\/\/i0.wp.com\/www.24baires.com\/wp-content\/uploads\/2015\/08\/scioli-cierre-campa%C3%B1a.jpg?resize=525%2C300 1.5x"},"classes":[]},{"id":73047,"url":"https:\/\/www.24baires.com\/?p=73047","url_meta":{"origin":5266,"position":4},"title":"\u00abSoy el \u00fanico candidato que no promete una devaluaci\u00f3n\u201d, asegur\u00f3 Scioli","author":"GB","date":"02\/10\/2015","format":false,"excerpt":"El candidato a presidente por el FPV volvi\u00f3 a diferenciarse de sus competidores al se\u00f1alar que no promete devaluaci\u00f3n y en campa\u00f1a tampoco \u201cpropone reducir impuestos o retenciones\u201d. El candidato a presidente por el Frente para la Victoria (Fpv) Daniel Scioli volvi\u00f3 a diferenciarse de sus competidores de cara a\u2026","rel":"","context":"En \u00abPol\u00edtica\u00bb","block_context":{"text":"Pol\u00edtica","link":"https:\/\/www.24baires.com\/?cat=51"},"img":{"alt_text":"bunker scioli","src":"https:\/\/i0.wp.com\/www.24baires.com\/wp-content\/uploads\/2015\/08\/bunker-scioli.jpg?resize=350%2C200","width":350,"height":200},"classes":[]},{"id":80041,"url":"https:\/\/www.24baires.com\/?p=80041","url_meta":{"origin":5266,"position":5},"title":"Los 90 de Mauricio Macri","author":"AF","date":"11\/03\/2016","format":false,"excerpt":"Los cambios de gobierno siempre traen consigo una expectativa popular por las medidas que se llevar\u00e1n a cabo. La campa\u00f1a hab\u00eda sido muy radicalizada con posiciones aparentemente opuestas, pero la campa\u00f1a es s\u00f3lo campa\u00f1a y lo que debe analizarse es el desempe\u00f1o del gobierno en lo que tiene que ver\u2026","rel":"","context":"En \u00abOpini\u00f3n\u00bb","block_context":{"text":"Opini\u00f3n","link":"https:\/\/www.24baires.com\/?cat=64"},"img":{"alt_text":"macri congreso","src":"https:\/\/i0.wp.com\/www.24baires.com\/wp-content\/uploads\/2016\/03\/macri-congreso.jpg?resize=350%2C200","width":350,"height":200,"srcset":"https:\/\/i0.wp.com\/www.24baires.com\/wp-content\/uploads\/2016\/03\/macri-congreso.jpg?resize=350%2C200 1x, https:\/\/i0.wp.com\/www.24baires.com\/wp-content\/uploads\/2016\/03\/macri-congreso.jpg?resize=525%2C300 1.5x"},"classes":[]}],"jetpack_sharing_enabled":true,"jetpack_likes_enabled":true,"_links":{"self":[{"href":"https:\/\/www.24baires.com\/index.php?rest_route=\/wp\/v2\/posts\/5266","targetHints":{"allow":["GET"]}}],"collection":[{"href":"https:\/\/www.24baires.com\/index.php?rest_route=\/wp\/v2\/posts"}],"about":[{"href":"https:\/\/www.24baires.com\/index.php?rest_route=\/wp\/v2\/types\/post"}],"author":[{"embeddable":true,"href":"https:\/\/www.24baires.com\/index.php?rest_route=\/wp\/v2\/users\/4"}],"replies":[{"embeddable":true,"href":"https:\/\/www.24baires.com\/index.php?rest_route=%2Fwp%2Fv2%2Fcomments&post=5266"}],"version-history":[{"count":1,"href":"https:\/\/www.24baires.com\/index.php?rest_route=\/wp\/v2\/posts\/5266\/revisions"}],"predecessor-version":[{"id":5268,"href":"https:\/\/www.24baires.com\/index.php?rest_route=\/wp\/v2\/posts\/5266\/revisions\/5268"}],"wp:attachment":[{"href":"https:\/\/www.24baires.com\/index.php?rest_route=%2Fwp%2Fv2%2Fmedia&parent=5266"}],"wp:term":[{"taxonomy":"category","embeddable":true,"href":"https:\/\/www.24baires.com\/index.php?rest_route=%2Fwp%2Fv2%2Fcategories&post=5266"},{"taxonomy":"post_tag","embeddable":true,"href":"https:\/\/www.24baires.com\/index.php?rest_route=%2Fwp%2Fv2%2Ftags&post=5266"}],"curies":[{"name":"wp","href":"https:\/\/api.w.org\/{rel}","templated":true}]}}