{"id":52644,"date":"2014-08-28T17:00:10","date_gmt":"2014-08-28T20:00:10","guid":{"rendered":"http:\/\/www.24baires.com\/?p=52644"},"modified":"2014-08-28T16:53:06","modified_gmt":"2014-08-28T19:53:06","slug":"yo-hoy-no-pare","status":"publish","type":"post","link":"https:\/\/www.24baires.com\/?p=52644","title":{"rendered":"Yo hoy no par\u00e9"},"content":{"rendered":"<p><img data-recalc-dims=\"1\" loading=\"lazy\" decoding=\"async\" class=\"aligncenter size-full wp-image-52645\" src=\"https:\/\/i0.wp.com\/www.24baires.com\/wp-content\/uploads\/2014\/08\/IMG_20140827_212822504.jpg?resize=560%2C314\" alt=\"IMG_20140827_212822504\" width=\"560\" height=\"314\" srcset=\"https:\/\/i0.wp.com\/www.24baires.com\/wp-content\/uploads\/2014\/08\/IMG_20140827_212822504.jpg?w=560&amp;ssl=1 560w, https:\/\/i0.wp.com\/www.24baires.com\/wp-content\/uploads\/2014\/08\/IMG_20140827_212822504.jpg?resize=300%2C168&amp;ssl=1 300w\" sizes=\"auto, (max-width: 560px) 100vw, 560px\" \/>Yo hoy no par\u00e9. Tengo mis argumentos, claro. Nadie me exige que los exponga, pero en esta columna suelo opinar sobre diferentes situaciones de la pol\u00edtica y la sociedad de nuestro pa\u00eds y, a veces, hasta me aventuro -con m\u00e1s osad\u00eda que otra cosa- y hago alg\u00fan que otro apunte sobre la situaci\u00f3n econ\u00f3mica que, vale decir, siempre se mezcla con la pol\u00edtica. <!--more--><\/p>\n<p>\u00bfPor qu\u00e9 no paro hoy? Bueno, dem\u00e1s est\u00e1 decir que Moyano no me manda a hacer nada, no me representa ni ahora ni cuando simulaba con mayor o menor \u00e9xito la falacia de su adhesi\u00f3n al gobierno nacional, que no era m\u00e1s que un apriete permanente, donde logr\u00f3 obtener muchas cosas para su gremio y para los sindicatos que \u00e9l representa en su parte de la CGT. Hasta logr\u00f3 varias bancas de diputados, entre ellas la del neomassista Facundo, su hijo. Barrionuevo, claro est\u00e1, tampoco me representa, jam\u00e1s lo hizo ni lo har\u00e1. Micheli, por su parte, es un hombre que siempre repudi\u00f3 la burocracia sindical, el apriete patotero, pero ahora se encolumna detr\u00e1s de aquellos a quienes siempre combati\u00f3. Ni que decir de que ahora est\u00e9 del lado de la patronal del campo: \u201cNo se necesita tener mucho conocimiento para saber que si te felicita la Sociedad Rural, es porque te pasaste de bando\u201d, ya hab\u00eda dicho Germ\u00e1n Abdala, as\u00ed que nada m\u00e1s para agregar a lo que ya resulta tan obvio.<br \/>\nEntonces, por ese camino, es claro que quienes intentaron paralizar el pa\u00eds y fracasaron con estr\u00e9pito, no hablan por m\u00ed. Pero hay mucho m\u00e1s que eso, hay mucho de la experiencia personal y del sano ejercicio de la memoria que hacen que yo no adhiera a estas intentonas de algunos de perjudicar a otros.<br \/>\nHace pocos d\u00edas el inefable ex presidente Fernando De La R\u00faa dijo que en los \u00faltimos d\u00edas de su gobierno est\u00e1bamos mejor que ahora. Qu\u00e9 bronca, qu\u00e9 indignaci\u00f3n que este hombre, que es incluso responsable de muchas muertes ocasionadas durante ese nefasto diciembre de 2001, diga cosa semejante. Qu\u00e9 falta de respeto. En esas \u00e9pocas s\u00ed tom\u00e1bamos las calles, en esas \u00e9pocas reclam\u00e1bamos trabajo: ped\u00edamos comida, no que nos bajaran el monto al pago de ganancias. No pag\u00e1bamos ganancias, porque no ten\u00edamos sueldo, ten\u00edamos hambre, est\u00e1bamos excluidos, rog\u00e1bamos poder, siquiera, subirnos a la lona. Ah\u00ed s\u00ed par\u00e1bamos. Nos manifest\u00e1bamos contra el gobierno que no daba pie con bola y cada vez hab\u00eda m\u00e1s desocupados, m\u00e1s indigentes, m\u00e1s pobres, m\u00e1s sufrimiento. Ah\u00ed s\u00ed. Moyano, Barrionuevo y los que hoy quieren sin \u00e9xito movilizar al pa\u00eds a que dejen de trabajar para apoyar sus reclamos, nunca fueron excluidos sociales, nunca pasaron necesidades, siempre, en el 2001 y ahora, manejaron sus autos importados y siempre fueron parte del poder, a veces con m\u00e1s acceso y otras con menos. Y nos quieren hacer parar ahora.<br \/>\nHe guardado, no s\u00f3lo en mi memoria, sino tambi\u00e9n en una especie de cajitas de recuerdos que tengo, un cup\u00f3n de la Red Global del Trueque. En este caso es de la Zona Mar y Sierras, de 0,50 centavos en cr\u00e9ditos y dice, bajo este valor: \u201cEl cr\u00e9dito no constituye un medio de pago. Est\u00e1 prohibida su negociaci\u00f3n o canje por dinero\u201d. Nosotros, los fines de semana en que se organizaba el Trueque, llev\u00e1bamos plantines de or\u00e9gano y menta que cosech\u00e1bamos en una quintita en mi casa, lo que vend\u00edamos, cuando pod\u00edamos vender algunos, se nos pagaba con \u2018cr\u00e9ditos\u2019 como \u00e9ste que guard\u00e9. Luego, \u00edbamos a otros stands que trocaban comidas hechas o alimentos no perecederos y compr\u00e1bamos lo que nos alcanzaba. A\u00f1o 2000, 2001, 2002. Era lo que hab\u00eda, cuando ten\u00edamos la dicha de que haya algo. Porque no ten\u00edamos trabajo, porque poner pan sobre la mesa era una tarea ardua, triste, ingrata y muy, pero muy dif\u00edcil. Y la verdad, les confieso, no todos los d\u00edas la pod\u00edamos lograr. Perd\u00edamos la batalla y sin comida ni trueques, nos \u00edbamos dormir con el ya familiar dolor de est\u00f3mago, que no es otra cosa que hambre.<br \/>\nMucho ha cambiado, no caigamos en la necedad idiota de decir que estamos peor que antes, porque no es as\u00ed: los ni\u00f1os tienen, desde antes de nacer, una Asignaci\u00f3n Universal, la Jubilaci\u00f3n aumenta por ley dos veces por a\u00f1o, ya no le bajan el sueldo a los viejos. Ahora hay moratorias y pueden jubilarse quienes antes ni siquiera so\u00f1aban este beneficio. El Pro.Cre.Ar es la realidad de techo propio y esforzado para miles de familias. El PROGRESAR es un nuevo derecho para que j\u00f3venes de 18 a 24 a\u00f1os puedan costearse una educaci\u00f3n superior. 5 millones de nuevos puestos de trabajo en diez a\u00f1os, apertura de paritarias y Consejo del Salario. Ni qu\u00e9 decir del Matrimonio Igualitario, de la Ley de identidad de G\u00e9nero, de las repatriaciones de Aerol\u00edneas Argentinas e YPF. Por citar algunos ejemplos.<br \/>\nHoy no voy m\u00e1s al truque, creo que ya no existen sitios as\u00ed en el pa\u00eds. No es que mi familia y yo hayamos tenido una suerte inesperada y dejamos de necesitarlos. Es que el pa\u00eds cambi\u00f3. Todav\u00eda hay mucha gente que la pasa mal, que sufre, todav\u00eda hay muchos que se van a dormir con la panza vac\u00eda, y es tambi\u00e9n por ellos que hoy no paramos. Por ellos, porque todav\u00eda falta mucho, pero tambi\u00e9n por todo lo que hemos avanzado, hoy, guardo en mi cajita mis 0,50 centavos de trueque. Y lo guardo en la memoria, porque para valorar qu\u00e9 tenemos y a d\u00f3nde vamos, hemos de tener muy en claro de donde venimos.<\/p>\n<p>&nbsp;<\/p>\n<p>&nbsp;<\/p>\n<p>&nbsp;<\/p>\n<p>&nbsp;<\/p>\n<p>&nbsp;<\/p>\n<p>&nbsp;<\/p>\n<p>&nbsp;<\/p>\n<p>&nbsp;<\/p>\n<p>&nbsp;<\/p>\n<p>&nbsp;<\/p>\n<p>&nbsp;<\/p>\n<p>&nbsp;<\/p>\n<p>&nbsp;<\/p>\n<p>&nbsp;<\/p>\n<p>&nbsp;<\/p>\n<p>&nbsp;<\/p>\n<p>&nbsp;<\/p>\n<p>&nbsp;<\/p>\n<p>&nbsp;<\/p>\n","protected":false},"excerpt":{"rendered":"<p>Yo hoy no par\u00e9. Tengo mis argumentos, claro. Nadie me exige que los exponga, pero en esta columna suelo opinar sobre diferentes situaciones de la pol\u00edtica y la sociedad de nuestro pa\u00eds y, a veces, hasta me aventuro -con m\u00e1s osad\u00eda que otra cosa- y hago alg\u00fan que otro apunte sobre la situaci\u00f3n econ\u00f3mica que, vale decir, siempre se mezcla [&#8230;]<\/p>\n","protected":false},"author":8,"featured_media":0,"comment_status":"open","ping_status":"open","sticky":false,"template":"","format":"standard","meta":{"_jetpack_newsletter_access":"","_jetpack_dont_email_post_to_subs":false,"_jetpack_newsletter_tier_id":0,"_jetpack_memberships_contains_paywalled_content":false,"_jetpack_memberships_contains_paid_content":false,"footnotes":""},"categories":[64],"tags":[],"class_list":["post-52644","post","type-post","status-publish","format-standard","hentry","category-opinion"],"jetpack_featured_media_url":"","jetpack_shortlink":"https:\/\/wp.me\/p2JWE0-dH6","jetpack-related-posts":[{"id":101309,"url":"https:\/\/www.24baires.com\/?p=101309","url_meta":{"origin":52644,"position":0},"title":"Pablo Moyano: \u00abUna paritaria del 15% es ficticia, vamos a pelear por el 23%\u00bb","author":"AF","date":"27\/03\/2018","format":false,"excerpt":"El secretario adjunto de Camioneros sali\u00f3 con todo al cruce del techo que pretenden imponer el Gobierno y los empresarios del sector. \"Por m\u00e1s presiones por parte del Gobierno y por m\u00e1s tapas de Clar\u00edn, vamos a seguir adelante y no vamos a firmar\", asegur\u00f3. \"El Ministerio de Trabajo presiona\u2026","rel":"","context":"En \u00abPol\u00edtica\u00bb","block_context":{"text":"Pol\u00edtica","link":"https:\/\/www.24baires.com\/?cat=51"},"img":{"alt_text":"","src":"https:\/\/i0.wp.com\/www.24baires.com\/wp-content\/uploads\/2013\/07\/moyano-pablo.jpg?resize=350%2C200","width":350,"height":200,"srcset":"https:\/\/i0.wp.com\/www.24baires.com\/wp-content\/uploads\/2013\/07\/moyano-pablo.jpg?resize=350%2C200 1x, https:\/\/i0.wp.com\/www.24baires.com\/wp-content\/uploads\/2013\/07\/moyano-pablo.jpg?resize=525%2C300 1.5x"},"classes":[]},{"id":43682,"url":"https:\/\/www.24baires.com\/?p=43682","url_meta":{"origin":52644,"position":1},"title":"Tomada dispar\u00f3 contra Barrionuevo y Moyano: \u00abS\u00f3lo responden a la oposici\u00f3n\u00bb","author":"Grupo Sierra","date":"11\/04\/2014","format":false,"excerpt":"El ministro de Trabajo, Carlos Tomada, consider\u00f3 hoy que el paro de ayer cumpli\u00f3 uno de sus objetivos centrales al permitir que el l\u00edder camionero, Hugo Moyano, y el gastron\u00f3mico, Luis Barrionuevo, se posicionen \"como interlocutores de la oposici\u00f3n\". \"Ning\u00fan sector de la oposici\u00f3n va poder prescindir ahora de hablar\u2026","rel":"","context":"En \u00abPol\u00edtica\u00bb","block_context":{"text":"Pol\u00edtica","link":"https:\/\/www.24baires.com\/?cat=51"},"img":{"alt_text":"tomada2","src":"https:\/\/i0.wp.com\/www.24baires.com\/wp-content\/uploads\/2013\/07\/tomada2.jpg?resize=350%2C200","width":350,"height":200,"srcset":"https:\/\/i0.wp.com\/www.24baires.com\/wp-content\/uploads\/2013\/07\/tomada2.jpg?resize=350%2C200 1x, https:\/\/i0.wp.com\/www.24baires.com\/wp-content\/uploads\/2013\/07\/tomada2.jpg?resize=525%2C300 1.5x"},"classes":[]},{"id":31085,"url":"https:\/\/www.24baires.com\/?p=31085","url_meta":{"origin":52644,"position":2},"title":"De Narv\u00e1ez sobre Moyano: \u00abSi quiere irse, que lo haga ahora\u00bb","author":"AF","date":"31\/08\/2013","format":false,"excerpt":"El l\u00edder de Unidos por la Libertad y el Trabajo exhort\u00f3 al secretario general de la CGT opositora a que se sume al proyecto de Sergio Massa, tal como lo desliz\u00f3 en las \u00faltimas horas y \"no despu\u00e9s de la elecci\u00f3n\" parlamentaria de octubre. \"Es enga\u00f1ar al electorado representar antes\u2026","rel":"","context":"En \u00abPol\u00edtica\u00bb","block_context":{"text":"Pol\u00edtica","link":"https:\/\/www.24baires.com\/?cat=51"},"img":{"alt_text":"","src":"","width":0,"height":0},"classes":[]},{"id":33726,"url":"https:\/\/www.24baires.com\/?p=33726","url_meta":{"origin":52644,"position":3},"title":"Realizaron una evaluaci\u00f3n regional de intendentes en Berisso","author":"AF","date":"18\/10\/2013","format":false,"excerpt":"El intendente de Berisso, Enrique Slezack, mantuvo una reuni\u00f3n de trabajo y an\u00e1lisis pol\u00edtico, con sus pares de Ensenada, Magdalena, Punta de Indio, Presidente Per\u00f3n y San Vicente y los ministros de Infraestructura y de Asuntos Agrarios. De la reuni\u00f3n que tuvo lugar en el Quincho Municipal de Berisso, participaron\u2026","rel":"","context":"En \u00abLocales\u00bb","block_context":{"text":"Locales","link":"https:\/\/www.24baires.com\/?cat=38"},"img":{"alt_text":"","src":"","width":0,"height":0},"classes":[]},{"id":85741,"url":"https:\/\/www.24baires.com\/?p=85741","url_meta":{"origin":52644,"position":4},"title":"\u201cHay dificultades y tensiones pero el Gobierno insistir\u00e1 en el di\u00e1logo\u201d","author":"AF","date":"01\/08\/2016","format":false,"excerpt":"El ministro de Trabajo reconoci\u00f3 las \u201ctensiones\u201d que el Ejecutivo enfrenta con las organizaciones sociales y los gremios por la situaci\u00f3n econ\u00f3mica, pero destac\u00f3 que se insistir\u00e1 en su b\u00fasqueda de lograr \u201cla mayor cantidad de consensos posibles\u201d. \u201cEl presidente (Mauricio Macri) nos pidi\u00f3 que establezcamos dialogo con todos los\u2026","rel":"","context":"En \u00abPol\u00edtica\u00bb","block_context":{"text":"Pol\u00edtica","link":"https:\/\/www.24baires.com\/?cat=51"},"img":{"alt_text":"triaca","src":"https:\/\/i0.wp.com\/www.24baires.com\/wp-content\/uploads\/2015\/12\/triaca.jpg?resize=350%2C200","width":350,"height":200,"srcset":"https:\/\/i0.wp.com\/www.24baires.com\/wp-content\/uploads\/2015\/12\/triaca.jpg?resize=350%2C200 1x, https:\/\/i0.wp.com\/www.24baires.com\/wp-content\/uploads\/2015\/12\/triaca.jpg?resize=525%2C300 1.5x"},"classes":[]},{"id":18749,"url":"https:\/\/www.24baires.com\/?p=18749","url_meta":{"origin":52644,"position":5},"title":"Yasky asegur\u00f3 que Scioli tom\u00f3 \u201cel salario de los trabajadores como una variable de ajuste\u201d","author":"AF","date":"18\/03\/2013","format":false,"excerpt":"El Secretario General de la CTA, Hugo Yasky, expres\u00f3 que el Gobierno provincial \u201ctendr\u00eda que haber pensado salidas para poder sostener la demanda de aumentos que se iba a producir\u201d, y consider\u00f3 que \u201ceso tiene que ver con haber tomado el salario de los trabajadores como una variable de ajuste\u201d.\u2026","rel":"","context":"En \u00abPol\u00edtica\u00bb","block_context":{"text":"Pol\u00edtica","link":"https:\/\/www.24baires.com\/?cat=51"},"img":{"alt_text":"","src":"","width":0,"height":0},"classes":[]}],"jetpack_sharing_enabled":true,"jetpack_likes_enabled":true,"_links":{"self":[{"href":"https:\/\/www.24baires.com\/index.php?rest_route=\/wp\/v2\/posts\/52644","targetHints":{"allow":["GET"]}}],"collection":[{"href":"https:\/\/www.24baires.com\/index.php?rest_route=\/wp\/v2\/posts"}],"about":[{"href":"https:\/\/www.24baires.com\/index.php?rest_route=\/wp\/v2\/types\/post"}],"author":[{"embeddable":true,"href":"https:\/\/www.24baires.com\/index.php?rest_route=\/wp\/v2\/users\/8"}],"replies":[{"embeddable":true,"href":"https:\/\/www.24baires.com\/index.php?rest_route=%2Fwp%2Fv2%2Fcomments&post=52644"}],"version-history":[{"count":1,"href":"https:\/\/www.24baires.com\/index.php?rest_route=\/wp\/v2\/posts\/52644\/revisions"}],"predecessor-version":[{"id":52646,"href":"https:\/\/www.24baires.com\/index.php?rest_route=\/wp\/v2\/posts\/52644\/revisions\/52646"}],"wp:attachment":[{"href":"https:\/\/www.24baires.com\/index.php?rest_route=%2Fwp%2Fv2%2Fmedia&parent=52644"}],"wp:term":[{"taxonomy":"category","embeddable":true,"href":"https:\/\/www.24baires.com\/index.php?rest_route=%2Fwp%2Fv2%2Fcategories&post=52644"},{"taxonomy":"post_tag","embeddable":true,"href":"https:\/\/www.24baires.com\/index.php?rest_route=%2Fwp%2Fv2%2Ftags&post=52644"}],"curies":[{"name":"wp","href":"https:\/\/api.w.org\/{rel}","templated":true}]}}