{"id":5263,"date":"2012-11-13T14:24:45","date_gmt":"2012-11-13T17:24:45","guid":{"rendered":"http:\/\/www.24baires.com\/?p=5263"},"modified":"2012-11-13T14:24:45","modified_gmt":"2012-11-13T17:24:45","slug":"presentaron-las-nuevas-autoridades-de-la-camara-de-turismo-regional","status":"publish","type":"post","link":"https:\/\/www.24baires.com\/?p=5263","title":{"rendered":"Presentaron las nuevas autoridades de la C\u00e1mara de Turismo Regional"},"content":{"rendered":"<p>El secretario de Turismo bonaerense, Ignacio Crotto, recibi\u00f3 este martes a las nuevas autoridades de la C\u00e1mara de Turismo regional, para abordar acciones conjuntas y los temas de agenda de la ciudad de La Plata en materia de turismo.<!--more--><\/p>\n<p>Durante la reuni\u00f3n, Crotto, junto al subsecretario Roberto Diego D\u00edaz, se interiorizaron de las acciones y pedidos de los presentes, entre quienes se encontraban adem\u00e1s directivos de la Fundaci\u00f3n Catedral, del Colegio Martilleros, la Fundaci\u00f3n Museo Antropol\u00f3gico, la C\u00e1mara de Comercio e Industria y la Federaci\u00f3n Empresaria de La Plata.<\/p>\n<p>En ese sentido, el presidente de la C\u00e1mara de Turismo local, Daniel Loyola, reconoci\u00f3 la tarea del gobierno de la Provincia \u201cporque esta ciudad es hoy un destino tur\u00edstico a partir de una iniciativa del Gobernador Scioli y de la Secretar\u00eda de Turismo\u201d.<\/p>\n<p>Los representantes de los distintos sectores del turismo, el comercio y empresarios, destacaron \u201cla puesta en valor\u201d de lugares emblem\u00e1ticos de La Plata \u201cgracias a gestiones en favor del Estadio \u00danico y del Puerto, que han atra\u00eddo inversiones\u201d.<\/p>\n<p>Adem\u00e1s, Crotto acord\u00f3 mantener un contacto permanente con los representantes en pos de seguir posicionando a la ciudad como un destino tur\u00edstico \u201cde primer nivel\u201d y para consolidar \u201cuna nueva etapa de turismo de eventos\u201d en la ciudad.<\/p>\n","protected":false},"excerpt":{"rendered":"<p>El secretario de Turismo bonaerense, Ignacio Crotto, recibi\u00f3 este martes a las nuevas autoridades de la C\u00e1mara de Turismo regional, para abordar acciones conjuntas y los temas de agenda de la ciudad de La Plata en materia de turismo.<\/p>\n","protected":false},"author":4,"featured_media":0,"comment_status":"open","ping_status":"open","sticky":false,"template":"","format":"standard","meta":{"_jetpack_newsletter_access":"","_jetpack_dont_email_post_to_subs":false,"_jetpack_newsletter_tier_id":0,"_jetpack_memberships_contains_paywalled_content":false,"_jetpack_memberships_contains_paid_content":false,"footnotes":""},"categories":[40],"tags":[],"class_list":["post-5263","post","type-post","status-publish","format-standard","hentry","category-provincia"],"jetpack_featured_media_url":"","jetpack_shortlink":"https:\/\/wp.me\/p2JWE0-1mT","jetpack-related-posts":[{"id":10700,"url":"https:\/\/www.24baires.com\/?p=10700","url_meta":{"origin":5263,"position":0},"title":"Crotto asegur\u00f3 que \u00absomos la provincia m\u00e1s elegida\u00bb para la temporada 2013","author":"Grupo Sierra","date":"28\/12\/2012","format":false,"excerpt":"El Secretario de Turismo bonaerense, Ignacio\u00a0Crotto, mantuvo un di\u00e1logo radial , en el que expres\u00f3 las expectativas que tiene el \u00e1rea para la temporada que viene. Adem\u00e1s, redonde\u00f3 un balance del a\u00f1o, en el que asegur\u00f3: \u201cHemos demostrado en esta gesti\u00f3n que la Provincia no es s\u00f3lo la costa atl\u00e1ntica\u201d.\u2026","rel":"","context":"En \u00abProvincia\u00bb","block_context":{"text":"Provincia","link":"https:\/\/www.24baires.com\/?cat=40"},"img":{"alt_text":"","src":"","width":0,"height":0},"classes":[]},{"id":2804,"url":"https:\/\/www.24baires.com\/?p=2804","url_meta":{"origin":5263,"position":1},"title":"Pig\u00fc\u00e9 y Guamin\u00ed se preparan para recibir al turismo","author":"AF","date":"21\/10\/2012","format":false,"excerpt":"El secretario de Turismo de la provincia de Buenos Aires, Ignacio Crotto, visit\u00f3 Pig\u00fc\u00e9 y Guamin\u00ed y convers\u00f3 con los intendentes de ambas localidades, de cara a la temporada estival 2013. Ignacio Crotto, secretario de Turismo de la provincia de Buenos Aires, junto al intendente de Guamin\u00ed, N\u00e9stor \u00c1lvarez, y\u2026","rel":"","context":"En \u00abMunicipios\u00bb","block_context":{"text":"Municipios","link":"https:\/\/www.24baires.com\/?cat=44"},"img":{"alt_text":"","src":"","width":0,"height":0},"classes":[]},{"id":61572,"url":"https:\/\/www.24baires.com\/?p=61572","url_meta":{"origin":5263,"position":2},"title":"La costa explot\u00f3 con m\u00e1s de 9,5 millones de turistas","author":"Grupo Sierra","date":"10\/02\/2015","format":false,"excerpt":"Esa cantidad de visitantes gener\u00f3 en enero y febrero un incremento en la ocupaci\u00f3n hotelera del 6% en relaci\u00f3n a la temporada anterior, inform\u00f3 la Secretar\u00eda de Turismo de la provincia de Buenos Aires. El estudio respectivo fue elaborado en base a datos preliminares de este organismo y de las\u2026","rel":"","context":"En \u00abTurismo\u00bb","block_context":{"text":"Turismo","link":"https:\/\/www.24baires.com\/?cat=69"},"img":{"alt_text":"mar del plata playa","src":"https:\/\/i0.wp.com\/www.24baires.com\/wp-content\/uploads\/2015\/01\/mar-del-plata-playa.jpg?resize=350%2C200","width":350,"height":200,"srcset":"https:\/\/i0.wp.com\/www.24baires.com\/wp-content\/uploads\/2015\/01\/mar-del-plata-playa.jpg?resize=350%2C200 1x, https:\/\/i0.wp.com\/www.24baires.com\/wp-content\/uploads\/2015\/01\/mar-del-plata-playa.jpg?resize=525%2C300 1.5x"},"classes":[]},{"id":54733,"url":"https:\/\/www.24baires.com\/?p=54733","url_meta":{"origin":5263,"position":3},"title":"Fortalecen acciones para mejorar la oferta tur\u00edstica de la Provincia","author":"AF","date":"03\/10\/2014","format":false,"excerpt":"La secretar\u00eda de Turismo, a cargo de Ignacio Crotto, desarroll\u00f3 una jornada de asesoramiento en materia de accesibilidad en el Museo Militar de la localidad de Ciudadela, en la que se definieron pautas b\u00e1sicas para que el establecimiento pueda preparar muestras y abrir sus puertas a personas con distintas discapacidades.\u2026","rel":"","context":"En \u00abProvincia\u00bb","block_context":{"text":"Provincia","link":"https:\/\/www.24baires.com\/?cat=40"},"img":{"alt_text":"finde turismo","src":"https:\/\/i0.wp.com\/www.24baires.com\/wp-content\/uploads\/2012\/12\/finde-turismo.png?resize=350%2C200","width":350,"height":200,"srcset":"https:\/\/i0.wp.com\/www.24baires.com\/wp-content\/uploads\/2012\/12\/finde-turismo.png?resize=350%2C200 1x, https:\/\/i0.wp.com\/www.24baires.com\/wp-content\/uploads\/2012\/12\/finde-turismo.png?resize=525%2C300 1.5x"},"classes":[]},{"id":49752,"url":"https:\/\/www.24baires.com\/?p=49752","url_meta":{"origin":5263,"position":4},"title":"Crotto: \u201ctenemos buenas expectativas\u201d por la vacaciones de invierno","author":"AF","date":"12\/07\/2014","format":false,"excerpt":"El subsecretario de Turismo destac\u00f3 si bien \u201cel invierno no es la temporada m\u00e1s importante, hay muchos municipios y regiones que se han posicionado muy bien\u201d. El subsecretario de Turismo de la provincia de Buenos Aires, Ignacio Crotto, destac\u00f3 las \u201cbuenas expectativas\u201d del sector de cara a las vacaciones de\u2026","rel":"","context":"En \u00abProvincia\u00bb","block_context":{"text":"Provincia","link":"https:\/\/www.24baires.com\/?cat=40"},"img":{"alt_text":"mar del plata invierno","src":"https:\/\/i0.wp.com\/www.24baires.com\/wp-content\/uploads\/2014\/07\/mar-del-plata-invierno.jpg?resize=350%2C200","width":350,"height":200,"srcset":"https:\/\/i0.wp.com\/www.24baires.com\/wp-content\/uploads\/2014\/07\/mar-del-plata-invierno.jpg?resize=350%2C200 1x, https:\/\/i0.wp.com\/www.24baires.com\/wp-content\/uploads\/2014\/07\/mar-del-plata-invierno.jpg?resize=525%2C300 1.5x"},"classes":[]},{"id":60179,"url":"https:\/\/www.24baires.com\/?p=60179","url_meta":{"origin":5263,"position":5},"title":"La Secretar\u00eda de Turismo colabor\u00f3 con la capacitaci\u00f3n de la Polic\u00eda Local","author":"AF","date":"16\/01\/2015","format":false,"excerpt":"La Secretar\u00eda de Turismo bonaerense, a cargo de Ignacio Crotto, particip\u00f3 de los cursos de formaci\u00f3n destinados a los aspirantes para la conformaci\u00f3n de la Polic\u00eda Local de la ciudad de la Plata, que se vienen desarrollando desde el mes de septiembre, y que concluir\u00e1n en marzo de 2015. Seg\u00fan\u2026","rel":"","context":"En \u00abProvincia\u00bb","block_context":{"text":"Provincia","link":"https:\/\/www.24baires.com\/?cat=40"},"img":{"alt_text":"","src":"","width":0,"height":0},"classes":[]}],"jetpack_sharing_enabled":true,"jetpack_likes_enabled":true,"_links":{"self":[{"href":"https:\/\/www.24baires.com\/index.php?rest_route=\/wp\/v2\/posts\/5263","targetHints":{"allow":["GET"]}}],"collection":[{"href":"https:\/\/www.24baires.com\/index.php?rest_route=\/wp\/v2\/posts"}],"about":[{"href":"https:\/\/www.24baires.com\/index.php?rest_route=\/wp\/v2\/types\/post"}],"author":[{"embeddable":true,"href":"https:\/\/www.24baires.com\/index.php?rest_route=\/wp\/v2\/users\/4"}],"replies":[{"embeddable":true,"href":"https:\/\/www.24baires.com\/index.php?rest_route=%2Fwp%2Fv2%2Fcomments&post=5263"}],"version-history":[{"count":2,"href":"https:\/\/www.24baires.com\/index.php?rest_route=\/wp\/v2\/posts\/5263\/revisions"}],"predecessor-version":[{"id":5265,"href":"https:\/\/www.24baires.com\/index.php?rest_route=\/wp\/v2\/posts\/5263\/revisions\/5265"}],"wp:attachment":[{"href":"https:\/\/www.24baires.com\/index.php?rest_route=%2Fwp%2Fv2%2Fmedia&parent=5263"}],"wp:term":[{"taxonomy":"category","embeddable":true,"href":"https:\/\/www.24baires.com\/index.php?rest_route=%2Fwp%2Fv2%2Fcategories&post=5263"},{"taxonomy":"post_tag","embeddable":true,"href":"https:\/\/www.24baires.com\/index.php?rest_route=%2Fwp%2Fv2%2Ftags&post=5263"}],"curies":[{"name":"wp","href":"https:\/\/api.w.org\/{rel}","templated":true}]}}