{"id":5260,"date":"2012-11-13T13:13:16","date_gmt":"2012-11-13T16:13:16","guid":{"rendered":"http:\/\/www.24baires.com\/?p=5260"},"modified":"2012-11-14T11:49:53","modified_gmt":"2012-11-14T14:49:53","slug":"quieren-presentar-a-la-ley-de-medios-como-algo-que-cercena-la-libertad-de-expresion","status":"publish","type":"post","link":"https:\/\/www.24baires.com\/?p=5260","title":{"rendered":"\u00abQuieren presentar a la ley de medios como algo que cercena la libertad de expresi\u00f3n\u00bb"},"content":{"rendered":"<p><img data-recalc-dims=\"1\" loading=\"lazy\" decoding=\"async\" class=\"aligncenter size-full wp-image-5261\" title=\"sabatella campa\u00f1a\" src=\"https:\/\/i0.wp.com\/www.24baires.com\/wp-content\/uploads\/2012\/11\/sabatella-campa%C3%B1a.jpg?resize=560%2C335\" alt=\"\" width=\"560\" height=\"335\" srcset=\"https:\/\/i0.wp.com\/www.24baires.com\/wp-content\/uploads\/2012\/11\/sabatella-campa%C3%B1a.jpg?w=560&amp;ssl=1 560w, https:\/\/i0.wp.com\/www.24baires.com\/wp-content\/uploads\/2012\/11\/sabatella-campa%C3%B1a.jpg?resize=300%2C179&amp;ssl=1 300w\" sizes=\"auto, (max-width: 560px) 100vw, 560px\" \/><\/p>\n<p>El titular de la AFSCA, Mart\u00edn Sabbatella, asegur\u00f3 que \u00abhay una campa\u00f1a presentada para poner a la ley de Medios como una herramienta para controlar l\u00edneas editoriales o sobre un periodista o un programa\u00bb.<!--more--><br \/>\n\u00abEs una estrategia de los grupos medi\u00e1ticos concentrados querer presentar a la ley como algo que cercena la libertad de expresi\u00f3n\u00bb, se\u00f1al\u00f3 el funcionario en conferencia de prensa.<br \/>\nEn ese marco, el titular de la Autoridad Federal de Servicios de Comunicaci\u00f3n Audiovisual (AFSCA) cuestion\u00f3 la manera en que \u00abse construy\u00f3 la noticia\u00bb sobre los dichos del asesor Nicol\u00e1s Cherei en referencia a la aplicaci\u00f3n del art\u00edculo 161 de la norma.<\/p>\n<p>&nbsp;<\/p>\n<p>&nbsp;<\/p>\n<p>&nbsp;<\/p>\n<p>&nbsp;<\/p>\n","protected":false},"excerpt":{"rendered":"<p>El titular de la AFSCA, Mart\u00edn Sabbatella, asegur\u00f3 que \u00abhay una campa\u00f1a presentada para poner a la ley de Medios como una herramienta para controlar l\u00edneas editoriales o sobre un periodista o un programa\u00bb.<\/p>\n","protected":false},"author":11,"featured_media":0,"comment_status":"open","ping_status":"open","sticky":false,"template":"","format":"standard","meta":{"_jetpack_newsletter_access":"","_jetpack_dont_email_post_to_subs":false,"_jetpack_newsletter_tier_id":0,"_jetpack_memberships_contains_paywalled_content":false,"_jetpack_memberships_contains_paid_content":false,"footnotes":""},"categories":[54],"tags":[],"class_list":["post-5260","post","type-post","status-publish","format-standard","hentry","category-medios"],"jetpack_featured_media_url":"","jetpack_shortlink":"https:\/\/wp.me\/p2JWE0-1mQ","jetpack-related-posts":[{"id":72283,"url":"https:\/\/www.24baires.com\/?p=72283","url_meta":{"origin":5260,"position":0},"title":"Clausura a C5N: \u00abEs una situaci\u00f3n muy grave que en el AFSCA estamos analizando\u00bb","author":"GB","date":"17\/09\/2015","format":false,"excerpt":"A ra\u00edz de la grave clausura que sufri\u00f3 el galp\u00f3n de m\u00f3viles de C5N, el titular del AFSCA, Mart\u00edn Sabatella, se\u00f1al\u00f3 que \"desde el organismo estamos muy preocupados y ocupados\". El funcionario dijo que la clausura dispuesta por el Gobierno de la Ciudad de Buenos Aires \"es muy grave\". \"Nos\u2026","rel":"","context":"En \u00abMedios\u00bb","block_context":{"text":"Medios","link":"https:\/\/www.24baires.com\/?cat=54"},"img":{"alt_text":"sabbatella desafio","src":"https:\/\/i0.wp.com\/www.24baires.com\/wp-content\/uploads\/2012\/10\/sabbatella-desafio.jpg?resize=350%2C200","width":350,"height":200,"srcset":"https:\/\/i0.wp.com\/www.24baires.com\/wp-content\/uploads\/2012\/10\/sabbatella-desafio.jpg?resize=350%2C200 1x, https:\/\/i0.wp.com\/www.24baires.com\/wp-content\/uploads\/2012\/10\/sabbatella-desafio.jpg?resize=525%2C300 1.5x"},"classes":[]},{"id":3736,"url":"https:\/\/www.24baires.com\/?p=3736","url_meta":{"origin":5260,"position":1},"title":"\u00abA la Ley de Medios no le veo los riesgos que determinados sectores proclaman\u00bb sostuvo Baltasar Garz\u00f3n","author":"AF","date":"29\/10\/2012","format":false,"excerpt":"En la tarde el lunes, el jurista espa\u00f1ol Baltasar Garz\u00f3n visit\u00f3 la sede de la Autoridad Federal de Comunicaci\u00f3n Audiovisual (AFSCA), donde fue recibido por el presidente del organismo, Mart\u00edn Sabbatella. El prestigioso juez estuvo acompa\u00f1ado por el copresidente de la Comisi\u00f3n Provincial por la Memoria y ex fiscal general\u2026","rel":"","context":"En \u00abMedios\u00bb","block_context":{"text":"Medios","link":"https:\/\/www.24baires.com\/?cat=54"},"img":{"alt_text":"","src":"https:\/\/i0.wp.com\/www.24baires.com\/wp-content\/uploads\/2012\/10\/sabbbatella-garz%C3%B3n.jpg?resize=350%2C200","width":350,"height":200,"srcset":"https:\/\/i0.wp.com\/www.24baires.com\/wp-content\/uploads\/2012\/10\/sabbbatella-garz%C3%B3n.jpg?resize=350%2C200 1x, https:\/\/i0.wp.com\/www.24baires.com\/wp-content\/uploads\/2012\/10\/sabbbatella-garz%C3%B3n.jpg?resize=525%2C300 1.5x"},"classes":[]},{"id":820,"url":"https:\/\/www.24baires.com\/?p=820","url_meta":{"origin":5260,"position":2},"title":"El gobierno \u00abno vino a estatizar, sino a hacer cumplir la ley\u00bb asegur\u00f3 Sabbatella","author":"Grupo Sierra","date":"02\/10\/2012","format":false,"excerpt":"El titular de la Autoridad Federal de Servicios de Comunicaci\u00f3n Audiovisual (AFSCA), Mart\u00edn Sabbatella, reiter\u00f3 que el gobierno \"no vino a estatizar, sino a hacer cumplir la ley\". El moronense se reuni\u00f3 con los titulares de ambas c\u00e1maras legislativas y el presidente del bloque de diputados del FpV.\u00a0 El Congreso\u2026","rel":"","context":"En \u00abMedios\u00bb","block_context":{"text":"Medios","link":"https:\/\/www.24baires.com\/?cat=54"},"img":{"alt_text":"","src":"https:\/\/i0.wp.com\/www.24baires.com\/wp-content\/uploads\/2012\/10\/sabbatella-congreso1.jpg?resize=350%2C200","width":350,"height":200,"srcset":"https:\/\/i0.wp.com\/www.24baires.com\/wp-content\/uploads\/2012\/10\/sabbatella-congreso1.jpg?resize=350%2C200 1x, https:\/\/i0.wp.com\/www.24baires.com\/wp-content\/uploads\/2012\/10\/sabbatella-congreso1.jpg?resize=525%2C300 1.5x"},"classes":[]},{"id":22591,"url":"https:\/\/www.24baires.com\/?p=22591","url_meta":{"origin":5260,"position":3},"title":"\u00abCuando otro relator de la ONU se pronunci\u00f3 a favor de la Ley de Medios, Clar\u00edn lo ignor\u00f3\u00bb","author":"Grupo Sierra","date":"03\/05\/2013","format":false,"excerpt":"El Presidente de la Afsca, Mart\u00edn Sabbatella, critic\u00f3 al Grupo Clar\u00edn por \"ignorar\" al relator de la Libertad de Expresi\u00f3n de la Naciones Unidas, Frank La Rue, cuando se expres\u00f3 a favor de la ley de medios, en contraste con el lugar otorgado en estos d\u00edas a la encargada de\u2026","rel":"","context":"En \u00abPol\u00edtica\u00bb","block_context":{"text":"Pol\u00edtica","link":"https:\/\/www.24baires.com\/?cat=51"},"img":{"alt_text":"sabbatella","src":"https:\/\/i0.wp.com\/www.24baires.com\/wp-content\/uploads\/2012\/09\/sabbatella.jpg?resize=350%2C200","width":350,"height":200,"srcset":"https:\/\/i0.wp.com\/www.24baires.com\/wp-content\/uploads\/2012\/09\/sabbatella.jpg?resize=350%2C200 1x, https:\/\/i0.wp.com\/www.24baires.com\/wp-content\/uploads\/2012\/09\/sabbatella.jpg?resize=525%2C300 1.5x"},"classes":[]},{"id":36798,"url":"https:\/\/www.24baires.com\/?p=36798","url_meta":{"origin":5260,"position":4},"title":"Sabbatella asegur\u00f3 que para cumplir con la ley \u00abhay que empezar ordenando la grilla\u00bb","author":"GB","date":"13\/12\/2013","format":false,"excerpt":"El titular de la Autoridad Federal de Servicios de Comunicaci\u00f3n Audiovisual (Afsca), Mart\u00edn Sabbatella, se\u00f1al\u00f3 que \"es una verg\u00fcenza que algunos operadores de cables sigan afectando la libertad de expresi\u00f3n y el trabajo de miles de personas neg\u00e1ndose a respetar la grilla de canales que deben cumplir por ley\u201d. El\u2026","rel":"","context":"En \u00abMedios\u00bb","block_context":{"text":"Medios","link":"https:\/\/www.24baires.com\/?cat=54"},"img":{"alt_text":"sabbatella mendoza","src":"https:\/\/i0.wp.com\/www.24baires.com\/wp-content\/uploads\/2012\/11\/sabbatella-mendoza.jpg?resize=350%2C200","width":350,"height":200,"srcset":"https:\/\/i0.wp.com\/www.24baires.com\/wp-content\/uploads\/2012\/11\/sabbatella-mendoza.jpg?resize=350%2C200 1x, https:\/\/i0.wp.com\/www.24baires.com\/wp-content\/uploads\/2012\/11\/sabbatella-mendoza.jpg?resize=525%2C300 1.5x"},"classes":[]},{"id":2745,"url":"https:\/\/www.24baires.com\/?p=2745","url_meta":{"origin":5260,"position":5},"title":"Sabbatella sostuvo que \u00abquienes quieren evitar la vigencia de la Ley de Medios, buscan sostener sus privilegios\u00bb","author":"Grupo Sierra","date":"20\/10\/2012","format":false,"excerpt":"El titular de la Afsca dijo que \u201cArgentina dej\u00f3 de estar gobernada por las corporaciones\u201d, y explic\u00f3 que los que quieren evitar que la Ley de Medios entre en plena vigencia buscan \"sostener sus privilegios\". \u201cEl debate de fondo, que subyace entre quienes queremos que se respete la ley y\u2026","rel":"","context":"En \u00abMedios\u00bb","block_context":{"text":"Medios","link":"https:\/\/www.24baires.com\/?cat=54"},"img":{"alt_text":"","src":"https:\/\/i0.wp.com\/www.24baires.com\/wp-content\/uploads\/2012\/10\/sabbatella111.jpg?resize=350%2C200","width":350,"height":200,"srcset":"https:\/\/i0.wp.com\/www.24baires.com\/wp-content\/uploads\/2012\/10\/sabbatella111.jpg?resize=350%2C200 1x, https:\/\/i0.wp.com\/www.24baires.com\/wp-content\/uploads\/2012\/10\/sabbatella111.jpg?resize=525%2C300 1.5x"},"classes":[]}],"jetpack_sharing_enabled":true,"jetpack_likes_enabled":true,"_links":{"self":[{"href":"https:\/\/www.24baires.com\/index.php?rest_route=\/wp\/v2\/posts\/5260","targetHints":{"allow":["GET"]}}],"collection":[{"href":"https:\/\/www.24baires.com\/index.php?rest_route=\/wp\/v2\/posts"}],"about":[{"href":"https:\/\/www.24baires.com\/index.php?rest_route=\/wp\/v2\/types\/post"}],"author":[{"embeddable":true,"href":"https:\/\/www.24baires.com\/index.php?rest_route=\/wp\/v2\/users\/11"}],"replies":[{"embeddable":true,"href":"https:\/\/www.24baires.com\/index.php?rest_route=%2Fwp%2Fv2%2Fcomments&post=5260"}],"version-history":[{"count":3,"href":"https:\/\/www.24baires.com\/index.php?rest_route=\/wp\/v2\/posts\/5260\/revisions"}],"predecessor-version":[{"id":5395,"href":"https:\/\/www.24baires.com\/index.php?rest_route=\/wp\/v2\/posts\/5260\/revisions\/5395"}],"wp:attachment":[{"href":"https:\/\/www.24baires.com\/index.php?rest_route=%2Fwp%2Fv2%2Fmedia&parent=5260"}],"wp:term":[{"taxonomy":"category","embeddable":true,"href":"https:\/\/www.24baires.com\/index.php?rest_route=%2Fwp%2Fv2%2Fcategories&post=5260"},{"taxonomy":"post_tag","embeddable":true,"href":"https:\/\/www.24baires.com\/index.php?rest_route=%2Fwp%2Fv2%2Ftags&post=5260"}],"curies":[{"name":"wp","href":"https:\/\/api.w.org\/{rel}","templated":true}]}}