{"id":5251,"date":"2012-11-13T12:39:49","date_gmt":"2012-11-13T15:39:49","guid":{"rendered":"http:\/\/www.24baires.com\/?p=5251"},"modified":"2012-11-13T12:40:07","modified_gmt":"2012-11-13T15:40:07","slug":"licitaran-el-servicio-de-recoleccion-de-residuos-en-tres-arroyos-y-en-claromeco","status":"publish","type":"post","link":"https:\/\/www.24baires.com\/?p=5251","title":{"rendered":"Licitar\u00e1n el servicio de recolecci\u00f3n de residuos en Tres Arroyos y en Claromec\u00f3"},"content":{"rendered":"<p><img data-recalc-dims=\"1\" loading=\"lazy\" decoding=\"async\" class=\"alignleft size-medium wp-image-5252\" title=\"transportes malvinas\" src=\"https:\/\/i0.wp.com\/www.24baires.com\/wp-content\/uploads\/2012\/11\/transportes-malvinas.jpg?resize=300%2C162\" alt=\"\" width=\"300\" height=\"162\" srcset=\"https:\/\/i0.wp.com\/www.24baires.com\/wp-content\/uploads\/2012\/11\/transportes-malvinas.jpg?resize=300%2C162&amp;ssl=1 300w, https:\/\/i0.wp.com\/www.24baires.com\/wp-content\/uploads\/2012\/11\/transportes-malvinas.jpg?w=475&amp;ssl=1 475w\" sizes=\"auto, (max-width: 300px) 100vw, 300px\" \/>El Concejo Deliberante aprobar\u00e1 en la sesi\u00f3n del pr\u00f3ximo jueves el proyecto por el cual se autoriza al departamento ejecutivo a llamar a licitaci\u00f3n p\u00fablica para la contrataci\u00f3n del mencionado servicio. El v\u00ednculo con la empresa Transportes Malvinas finaliza a fin de a\u00f1o.<!--more--><\/p>\n<p>El Concejo Deliberante aprobar\u00e1 en la sesi\u00f3n del pr\u00f3ximo jueves el proyecto por el cual se autoriza al Departamento Ejecutivo a llamar a licitaci\u00f3n p\u00fablica para la contrataci\u00f3n del servicio de recolecci\u00f3n de residuos en Tres Arroyos y Claromec\u00f3, dado que el contrato actual con la empresa Transportes Malvinas vence a fin de a\u00f1o.<br \/>\nEl proyecto en cuesti\u00f3n fue tratado ayer durante la reuni\u00f3n de la comisi\u00f3n de Hacienda, aunque no tuvo despacho favorable porque los bloques de la oposici\u00f3n solicitaron m\u00e1s tiempo para analizar la iniciativa.<br \/>\nDe todas maneras, el vecinalismo anticip\u00f3 que si la oposici\u00f3n no acompa\u00f1a el proyecto, le dar\u00e1 despacho favorable por mayor\u00eda, para que pueda ser aprobado en el recinto el venidero jueves.<br \/>\nCabe consignar que el nuevo pliego de bases y condiciones del llamado a licitaci\u00f3n, que fue elaborado por el Ejecutivo, estipula que la concesi\u00f3n del servicio de recolecci\u00f3n de residuos ser\u00e1 por seis a\u00f1os y el municipio deber\u00e1 desembolsar durante ese tiempo alrededor de 40 millones de pesos.<br \/>\nAl t\u00e9rmino de la reuni\u00f3n de ayer, el concejal del Movimiento Vecinal, Gustavo Zamora, expres\u00f3 que \u00abel servicio privado de recolecci\u00f3n de residuos siempre ha dado muy buenos resultados y no hemos tenido quejas de los vecinos\u00bb.<br \/>\n\u00abLe dimos dos d\u00edas m\u00e1s a los concejales de la oposici\u00f3n, para que terminen de analizar el proyecto, pero ya hemos tomado la decisi\u00f3n de darle despacho favorable el pr\u00f3ximo mi\u00e9rcoles (por ma\u00f1ana), aunque los dem\u00e1s bloques no nos acompa\u00f1en\u00bb, manifest\u00f3.<br \/>\nAl respecto, a\u00f1adi\u00f3 que \u00abvamos a autorizar al Departamento Ejecutivo a realizar el llamado a licitaci\u00f3n p\u00fablica para la contrataci\u00f3n del servicio, dado que el contrato actual finaliza a fin de a\u00f1o\u00bb.<br \/>\n\u00abEl proyecto se va a aprobar en la sesi\u00f3n del pr\u00f3ximo jueves\u00bb, indic\u00f3 Zamora, al tiempo que acot\u00f3 que la iniciativa contempla la prestaci\u00f3n del servicio de recolecci\u00f3n de residuos en Tres Arroyos y Claromec\u00f3.<br \/>\nEl edil vecinalista detall\u00f3 que \u00abel nuevo contrato de concesi\u00f3n ser\u00e1 por seis a\u00f1os\u00bb y a\u00f1adi\u00f3 que a cambio de la prestaci\u00f3n del servicio el municipio abonar\u00e1 alrededor de 40 millones de pesos durante ese lapso.<\/p>\n","protected":false},"excerpt":{"rendered":"<p>El Concejo Deliberante aprobar\u00e1 en la sesi\u00f3n del pr\u00f3ximo jueves el proyecto por el cual se autoriza al departamento ejecutivo a llamar a licitaci\u00f3n p\u00fablica para la contrataci\u00f3n del mencionado servicio. El v\u00ednculo con la empresa Transportes Malvinas finaliza a fin de a\u00f1o.<\/p>\n","protected":false},"author":4,"featured_media":0,"comment_status":"open","ping_status":"open","sticky":false,"template":"","format":"standard","meta":{"_jetpack_newsletter_access":"","_jetpack_dont_email_post_to_subs":false,"_jetpack_newsletter_tier_id":0,"_jetpack_memberships_contains_paywalled_content":false,"_jetpack_memberships_contains_paid_content":false,"footnotes":""},"categories":[38],"tags":[],"class_list":["post-5251","post","type-post","status-publish","format-standard","hentry","category-locales"],"jetpack_featured_media_url":"","jetpack_shortlink":"https:\/\/wp.me\/p2JWE0-1mH","jetpack-related-posts":[{"id":112160,"url":"https:\/\/www.24baires.com\/?p=112160","url_meta":{"origin":5251,"position":0},"title":"Bah\u00eda Blanca: una nueva ordenanza obliga al Municipio a contratar personas trans","author":"GB","date":"20\/09\/2019","format":false,"excerpt":"El Concejo Deliberante aprob\u00f3 una norma para que las dependencias municipales tengan en su planta de empleados a un 1% de personas transg\u00e9nero Bah\u00eda Blanca dio un paso hacia adelante en materia de derechos humanos y, a partir de una ordenanza aprobada por el Concejo Deliberante, el Municipio debe tener\u2026","rel":"","context":"En \u00abMunicipios\u00bb","block_context":{"text":"Municipios","link":"https:\/\/www.24baires.com\/?cat=44"},"img":{"alt_text":"","src":"https:\/\/i0.wp.com\/www.24baires.com\/wp-content\/uploads\/2019\/09\/muni-bahia-blanca.jpg?resize=350%2C200","width":350,"height":200,"srcset":"https:\/\/i0.wp.com\/www.24baires.com\/wp-content\/uploads\/2019\/09\/muni-bahia-blanca.jpg?resize=350%2C200 1x, https:\/\/i0.wp.com\/www.24baires.com\/wp-content\/uploads\/2019\/09\/muni-bahia-blanca.jpg?resize=525%2C300 1.5x"},"classes":[]},{"id":105819,"url":"https:\/\/www.24baires.com\/?p=105819","url_meta":{"origin":5251,"position":1},"title":"Tras las denuncias, Nordelta S.A. se mostr\u00f3 a favor del ingreso del transporte p\u00fablico","author":"GB","date":"08\/12\/2018","format":false,"excerpt":"La empresa afirm\u00f3 que trabaja para que los colectivos de la l\u00ednea 723 ingresen al complejo de barrios privados \"como en cualquier ciudad de la Provincia\". Las empleadas dom\u00e9sticas hab\u00edan denunciado que los propietarios no las dejaban viajar en los mismos veh\u00edculos que ellos. Tras las denuncias de las trabajadoras\u2026","rel":"","context":"En \u00abMunicipios\u00bb","block_context":{"text":"Municipios","link":"https:\/\/www.24baires.com\/?cat=44"},"img":{"alt_text":"","src":"https:\/\/i0.wp.com\/www.24baires.com\/wp-content\/uploads\/2018\/12\/bus-tigre.jpg?resize=350%2C200","width":350,"height":200,"srcset":"https:\/\/i0.wp.com\/www.24baires.com\/wp-content\/uploads\/2018\/12\/bus-tigre.jpg?resize=350%2C200 1x, https:\/\/i0.wp.com\/www.24baires.com\/wp-content\/uploads\/2018\/12\/bus-tigre.jpg?resize=525%2C300 1.5x"},"classes":[]},{"id":45016,"url":"https:\/\/www.24baires.com\/?p=45016","url_meta":{"origin":5251,"position":2},"title":"Pablo Moyano se opone a la recolecci\u00f3n municipalizada: \u00abSi quieren, va a haber muertos\u00bb","author":"Grupo Sierra","date":"29\/04\/2014","format":false,"excerpt":"QUILMES- Contin\u00faa el conflicto por la basura en el municipio, por lo que el secretario Gremial de Camioneros tuvo desafortunados comentarios hacia el intendente Francisco Guti\u00e9rrez. Por su parte, la Municipalidad de Quilmes denunci\u00f3 hoy que la empresa Covelia suspendi\u00f3 \"anticipadamente\" la prestaci\u00f3n del servicio de recolecci\u00f3n de residuos en\u2026","rel":"","context":"En \u00abPol\u00edtica\u00bb","block_context":{"text":"Pol\u00edtica","link":"https:\/\/www.24baires.com\/?cat=51"},"img":{"alt_text":"moyano pablo","src":"https:\/\/i0.wp.com\/www.24baires.com\/wp-content\/uploads\/2013\/07\/moyano-pablo.jpg?resize=350%2C200","width":350,"height":200,"srcset":"https:\/\/i0.wp.com\/www.24baires.com\/wp-content\/uploads\/2013\/07\/moyano-pablo.jpg?resize=350%2C200 1x, https:\/\/i0.wp.com\/www.24baires.com\/wp-content\/uploads\/2013\/07\/moyano-pablo.jpg?resize=525%2C300 1.5x"},"classes":[]},{"id":80719,"url":"https:\/\/www.24baires.com\/?p=80719","url_meta":{"origin":5251,"position":3},"title":"Postergan el aumento del colectivo en Mar del Plata","author":"GB","date":"29\/03\/2016","format":false,"excerpt":"El proyecto qued\u00f3 en comisi\u00f3n y no se tratar\u00e1 en la pr\u00f3xima sesi\u00f3n del Concejo Deliberante. El proyecto del aumento del boleto a $6,86 qued\u00f3 en comisi\u00f3n y no se tratar\u00e1 el pr\u00f3ximo jueves en la sesi\u00f3n del Concejo Deliberante. La postura de dos concejales radicales que no acompa\u00f1aron el\u2026","rel":"","context":"En \u00abMunicipios\u00bb","block_context":{"text":"Municipios","link":"https:\/\/www.24baires.com\/?cat=44"},"img":{"alt_text":"colectivos mdp","src":"https:\/\/i0.wp.com\/www.24baires.com\/wp-content\/uploads\/2013\/10\/colectivos-mdp.jpg?resize=350%2C200","width":350,"height":200,"srcset":"https:\/\/i0.wp.com\/www.24baires.com\/wp-content\/uploads\/2013\/10\/colectivos-mdp.jpg?resize=350%2C200 1x, https:\/\/i0.wp.com\/www.24baires.com\/wp-content\/uploads\/2013\/10\/colectivos-mdp.jpg?resize=525%2C300 1.5x"},"classes":[]},{"id":116530,"url":"https:\/\/www.24baires.com\/?p=116530","url_meta":{"origin":5251,"position":4},"title":"Bah\u00eda Blanca: Gay intenta privatizar servicios","author":"GB","date":"23\/10\/2020","format":false,"excerpt":"La intenci\u00f3n de la municipalidad de Bah\u00eda Blanca de avanzar en la privatizaci\u00f3n total del sistema de recolecci\u00f3n de residuos encendi\u00f3 la pol\u00e9mica. Mientras el Ejecutivo de Bah\u00eda Blanca trabaja en el armado de pliegos para convocar a una licitaci\u00f3n de la que no ser\u00e1 parte la actual prestataria, Bah\u00eda\u2026","rel":"","context":"En \u00abMunicipios\u00bb","block_context":{"text":"Municipios","link":"https:\/\/www.24baires.com\/?cat=44"},"img":{"alt_text":"","src":"https:\/\/i0.wp.com\/www.24baires.com\/wp-content\/uploads\/2020\/07\/gay-bahia.jpg?resize=350%2C200","width":350,"height":200},"classes":[]},{"id":106543,"url":"https:\/\/www.24baires.com\/?p=106543","url_meta":{"origin":5251,"position":5},"title":"Se aprob\u00f3 la ordenanza que profundiza las sanciones a choferes de UBER","author":"GB","date":"25\/01\/2019","format":false,"excerpt":"MAR DEL PLATA-El Concejo Deliberante aprob\u00f3 por amplia mayor\u00eda el proyecto presentado por el intendente para sanciones a los choferes de Uber, la plataforma que desembarc\u00f3 hace una semana en Mar del Plata. El Concejo Delibertante aprob\u00f3 hoy por amplia mayor\u00eda la ordenanza que impone fuertes sanciones a los choferes\u2026","rel":"","context":"En \u00abMunicipios\u00bb","block_context":{"text":"Municipios","link":"https:\/\/www.24baires.com\/?cat=44"},"img":{"alt_text":"","src":"https:\/\/i0.wp.com\/www.24baires.com\/wp-content\/uploads\/2016\/04\/uber-taxi.jpg?resize=350%2C200","width":350,"height":200,"srcset":"https:\/\/i0.wp.com\/www.24baires.com\/wp-content\/uploads\/2016\/04\/uber-taxi.jpg?resize=350%2C200 1x, https:\/\/i0.wp.com\/www.24baires.com\/wp-content\/uploads\/2016\/04\/uber-taxi.jpg?resize=525%2C300 1.5x"},"classes":[]}],"jetpack_sharing_enabled":true,"jetpack_likes_enabled":true,"_links":{"self":[{"href":"https:\/\/www.24baires.com\/index.php?rest_route=\/wp\/v2\/posts\/5251","targetHints":{"allow":["GET"]}}],"collection":[{"href":"https:\/\/www.24baires.com\/index.php?rest_route=\/wp\/v2\/posts"}],"about":[{"href":"https:\/\/www.24baires.com\/index.php?rest_route=\/wp\/v2\/types\/post"}],"author":[{"embeddable":true,"href":"https:\/\/www.24baires.com\/index.php?rest_route=\/wp\/v2\/users\/4"}],"replies":[{"embeddable":true,"href":"https:\/\/www.24baires.com\/index.php?rest_route=%2Fwp%2Fv2%2Fcomments&post=5251"}],"version-history":[{"count":2,"href":"https:\/\/www.24baires.com\/index.php?rest_route=\/wp\/v2\/posts\/5251\/revisions"}],"predecessor-version":[{"id":5254,"href":"https:\/\/www.24baires.com\/index.php?rest_route=\/wp\/v2\/posts\/5251\/revisions\/5254"}],"wp:attachment":[{"href":"https:\/\/www.24baires.com\/index.php?rest_route=%2Fwp%2Fv2%2Fmedia&parent=5251"}],"wp:term":[{"taxonomy":"category","embeddable":true,"href":"https:\/\/www.24baires.com\/index.php?rest_route=%2Fwp%2Fv2%2Fcategories&post=5251"},{"taxonomy":"post_tag","embeddable":true,"href":"https:\/\/www.24baires.com\/index.php?rest_route=%2Fwp%2Fv2%2Ftags&post=5251"}],"curies":[{"name":"wp","href":"https:\/\/api.w.org\/{rel}","templated":true}]}}