{"id":5244,"date":"2012-11-13T12:10:28","date_gmt":"2012-11-13T15:10:28","guid":{"rendered":"http:\/\/www.24baires.com\/?p=5244"},"modified":"2012-11-13T17:23:58","modified_gmt":"2012-11-13T20:23:58","slug":"los-docentes-que-no-paran-se-reunen-con-de-lucia","status":"publish","type":"post","link":"https:\/\/www.24baires.com\/?p=5244","title":{"rendered":"Los docentes que no paran se re\u00fanen con De Luc\u00eda"},"content":{"rendered":"<p><img data-recalc-dims=\"1\" loading=\"lazy\" decoding=\"async\" class=\"alignleft size-medium wp-image-5245\" title=\"de luc\u00eda y docentes\" src=\"https:\/\/i0.wp.com\/www.24baires.com\/wp-content\/uploads\/2012\/11\/de-luc%C3%ADa-y-docentes.jpg?resize=300%2C196\" alt=\"\" width=\"300\" height=\"196\" srcset=\"https:\/\/i0.wp.com\/www.24baires.com\/wp-content\/uploads\/2012\/11\/de-luc%C3%ADa-y-docentes.jpg?resize=300%2C196&amp;ssl=1 300w, https:\/\/i0.wp.com\/www.24baires.com\/wp-content\/uploads\/2012\/11\/de-luc%C3%ADa-y-docentes.jpg?w=456&amp;ssl=1 456w\" sizes=\"auto, (max-width: 300px) 100vw, 300px\" \/>Los nucleados en Udocba est\u00e1n de paro por 48 horas, mientras que el resto se re\u00fane con la directora de Educaci\u00f3n bonaerense. El ministro de Trabajo, Oscar Cuartango manifest\u00f3 que \u00abse sabe de la situaci\u00f3n de la Provincia y no hay posibilidad de un aumento de los sueldos\u00bb.<!--more--><br \/>\nEn concordancia con lo anunciado a principios de semana, los docentes bonaerenses de Udocba comenzaron un paro por 48 horas en reclamo de mejoras salariales y reapertura de negociaciones paritarias. El resto de los gremios se re\u00fanen con la directora de Educaci\u00f3n, Nora de Luc\u00eda.<\/p>\n<p>En el contexto de la protesta, se movilizan a la sede de la cartera educativa en La Plata para exigir la continuidad laboral de auxiliares temporarios y suplentes, regularizaci\u00f3n en el cobro de sueldos adeudados y que se garantice el servicio de comedor escolar durante el verano, entre otros temas.<\/p>\n<p>Esta ma\u00f1ana, el ministro de Trabajo bonaerese, Oscar Cuartango, indic\u00f3 que \u201cno cuestiono la legitimidad del reclamo. Se sabe de la situaci\u00f3n econ\u00f3mica de la Provincia y esto no permite un aumento salarial\u00bb. En sinton\u00eda sostuvo que \u00absi hay docentes que no cobraron por un tema administrativo no creo que el camino de la protesta sea la soluci\u00f3n. Hay que conversar caso por caso.<\/p>\n<p>Y agreg\u00f3: \u00abLos principales perjudicados son los alumnos. Es una decisi\u00f3n pol\u00edtica descontar los d\u00edas de paro\u00bb.<\/p>\n<p>Por su parte, Oscar de Isasi, secretario general de ATE bonaerense, se\u00f1al\u00f3 que \u00abprofundizaremos nuestra lucha contra el ajuste del gobernador Daniel Scioli\u00bb.<\/p>\n<p>El sindicalista sostuvo que \u00abla Provincia todav\u00eda no respondi\u00f3 si hay garant\u00edas o no de pagar el medio aguinaldo en diciembre, por lo tanto es incierto ese tema y los compromisos de cara a fin de a\u00f1o\u00bb.<\/p>\n<p>Respecto al encuentro de De Luc\u00eda con el resto de los gremios, asisten los representantes de los sindicatos que componen el Frente Gremial Docente, integrado por SUTEBA, FEB, UDA, AMET y SADOP.<\/p>\n","protected":false},"excerpt":{"rendered":"<p>Los nucleados en Udocba est\u00e1n de paro por 48 horas, mientras que el resto se re\u00fane con la directora de Educaci\u00f3n bonaerense. El ministro de Trabajo, Oscar Cuartango manifest\u00f3 que \u00abse sabe de la situaci\u00f3n de la Provincia y no hay posibilidad de un aumento de los sueldos\u00bb.<\/p>\n","protected":false},"author":4,"featured_media":0,"comment_status":"open","ping_status":"open","sticky":false,"template":"","format":"standard","meta":{"_jetpack_newsletter_access":"","_jetpack_dont_email_post_to_subs":false,"_jetpack_newsletter_tier_id":0,"_jetpack_memberships_contains_paywalled_content":false,"_jetpack_memberships_contains_paid_content":false,"footnotes":""},"categories":[1],"tags":[],"class_list":["post-5244","post","type-post","status-publish","format-standard","hentry","category-sociedad"],"jetpack_featured_media_url":"","jetpack_shortlink":"https:\/\/wp.me\/p2JWE0-1mA","jetpack-related-posts":[{"id":33246,"url":"https:\/\/www.24baires.com\/?p=33246","url_meta":{"origin":5244,"position":0},"title":"Paran hoy docentes de Udocba y ma\u00f1ana estatales, m\u00e9dicos y judiciales","author":"AF","date":"09\/10\/2013","format":false,"excerpt":"La Uni\u00f3n de Docentes bonaerenses (Udocba), un gremio moyanista y minoritario dentro del sector en el territorio, volver\u00e1 a parar este mi\u00e9rcoles y jueves, y en esa \u00faltima jornada de protesta coincidir\u00e1 con una huelga conjunta que llevar\u00e1n a cabo los estatales de ATE, los m\u00e9dicos de Cicop y los\u2026","rel":"","context":"En \u00abSociedad\u00bb","block_context":{"text":"Sociedad","link":"https:\/\/www.24baires.com\/?cat=1"},"img":{"alt_text":"estatales_udocba_marcha","src":"https:\/\/i0.wp.com\/www.24baires.com\/wp-content\/uploads\/2013\/03\/estatales_udocba_marcha.jpg?resize=350%2C200","width":350,"height":200,"srcset":"https:\/\/i0.wp.com\/www.24baires.com\/wp-content\/uploads\/2013\/03\/estatales_udocba_marcha.jpg?resize=350%2C200 1x, https:\/\/i0.wp.com\/www.24baires.com\/wp-content\/uploads\/2013\/03\/estatales_udocba_marcha.jpg?resize=525%2C300 1.5x"},"classes":[]},{"id":33135,"url":"https:\/\/www.24baires.com\/?p=33135","url_meta":{"origin":5244,"position":1},"title":"Udocba, ATE, Cicop y Judiciales paran esta semana","author":"AF","date":"07\/10\/2013","format":false,"excerpt":"La Uni\u00f3n de Docentes bonaerenses (Udocba) retomar\u00e1 esta semana los paros en escuelas por 48 horas, mientras que el jueves har\u00e1n lo propio los estatales de ATE, m\u00e9dicos de Cicop y judiciales de la AJB en una medida conjunta para reclamar la reapertura de paritarias y una mayor inversi\u00f3n presupuestaria\u2026","rel":"","context":"En \u00abSociedad\u00bb","block_context":{"text":"Sociedad","link":"https:\/\/www.24baires.com\/?cat=1"},"img":{"alt_text":"estatales_udocba_marcha","src":"https:\/\/i0.wp.com\/www.24baires.com\/wp-content\/uploads\/2013\/03\/estatales_udocba_marcha.jpg?resize=350%2C200","width":350,"height":200,"srcset":"https:\/\/i0.wp.com\/www.24baires.com\/wp-content\/uploads\/2013\/03\/estatales_udocba_marcha.jpg?resize=350%2C200 1x, https:\/\/i0.wp.com\/www.24baires.com\/wp-content\/uploads\/2013\/03\/estatales_udocba_marcha.jpg?resize=525%2C300 1.5x"},"classes":[]},{"id":51588,"url":"https:\/\/www.24baires.com\/?p=51588","url_meta":{"origin":5244,"position":2},"title":"Cicop y Udocba anunciaron nuevas medidas de protesta","author":"GB","date":"11\/08\/2014","format":false,"excerpt":"Los m\u00e9dicos de la CICOP votaron por realizar un paro el jueves 21, de la pr\u00f3xima semana, y este martes har\u00e1n una movilizaci\u00f3n en Ensenada por el despido de 5 colegas en un hospital municipal. UDOCBA, por su parte, har\u00e1 una nueva marcha y resolver\u00e1 si realiza m\u00e1s paros. Esta\u2026","rel":"","context":"En \u00abProvincia\u00bb","block_context":{"text":"Provincia","link":"https:\/\/www.24baires.com\/?cat=40"},"img":{"alt_text":"cicop","src":"https:\/\/i0.wp.com\/www.24baires.com\/wp-content\/uploads\/2013\/05\/cicop1.jpg?resize=350%2C200","width":350,"height":200,"srcset":"https:\/\/i0.wp.com\/www.24baires.com\/wp-content\/uploads\/2013\/05\/cicop1.jpg?resize=350%2C200 1x, https:\/\/i0.wp.com\/www.24baires.com\/wp-content\/uploads\/2013\/05\/cicop1.jpg?resize=525%2C300 1.5x"},"classes":[]},{"id":4778,"url":"https:\/\/www.24baires.com\/?p=4778","url_meta":{"origin":5244,"position":3},"title":"\u00abLa reuni\u00f3n con De Luc\u00eda no fue satisfactoria\u00bb, dijeron desde UDOCBA","author":"AF","date":"08\/11\/2012","format":false,"excerpt":"As\u00ed lo se\u00f1al\u00f3 el secretario gremial de la Uni\u00f3n de Docentes de Buenos Aires (Udocba), Alejandro Salcedo, quien adem\u00e1s remarc\u00f3 que \u201cla ministra ni siquiera se comprometi\u00f3 a una convocatoria t\u00e9cnica salarial de paritarias. Por eso, decidimos llevar a adelante una medida de fuerza para el martes y mi\u00e9rcoles pr\u00f3ximo\u201d.\u2026","rel":"","context":"En \u00abSociedad\u00bb","block_context":{"text":"Sociedad","link":"https:\/\/www.24baires.com\/?cat=1"},"img":{"alt_text":"","src":"","width":0,"height":0},"classes":[]},{"id":102671,"url":"https:\/\/www.24baires.com\/?p=102671","url_meta":{"origin":5244,"position":4},"title":"Docentes bonaerenses parar\u00e1n jueves y viernes en reclamo de paritarias","author":"AF","date":"11\/06\/2018","format":false,"excerpt":"Los docentes bonaerenses no ir\u00e1n a clases el viernes por la falta de convocatoria a las negociaciones salariales. La medida se suma a la huelga nacional del jueves que adhiere Ctera. Los gremios docentes bonaerenses realizar\u00e1n un paro el pr\u00f3ximo viernes, y una jornada de protesta el martes 19, ante\u2026","rel":"","context":"En \u00abSociedad\u00bb","block_context":{"text":"Sociedad","link":"https:\/\/www.24baires.com\/?cat=1"},"img":{"alt_text":"","src":"https:\/\/i0.wp.com\/www.24baires.com\/wp-content\/uploads\/2017\/03\/marcha-federal-docente.jpg?resize=350%2C200","width":350,"height":200,"srcset":"https:\/\/i0.wp.com\/www.24baires.com\/wp-content\/uploads\/2017\/03\/marcha-federal-docente.jpg?resize=350%2C200 1x, https:\/\/i0.wp.com\/www.24baires.com\/wp-content\/uploads\/2017\/03\/marcha-federal-docente.jpg?resize=525%2C300 1.5x"},"classes":[]},{"id":24179,"url":"https:\/\/www.24baires.com\/?p=24179","url_meta":{"origin":5244,"position":5},"title":"Fracas\u00f3 reuni\u00f3n entre Frente Gremial y gobierno: docentes van al paro. Udocba se retir\u00f3 del encuentro.","author":"Grupo Sierra","date":"23\/05\/2013","format":false,"excerpt":"As\u00ed lo aseguraron los titulares de Suteba y la Feb, Roberto Baradel y Mirta Petrocini respectivamente al finalizar el encuentro que mantuvieron hace instantes con representantes del gobierno provincial. Pese al cuarto intermedio convocado el martes pasado, no hubo mejora en la propuesta y los trabajadores de la educaci\u00f3n se\u2026","rel":"","context":"En \u00abProvincia\u00bb","block_context":{"text":"Provincia","link":"https:\/\/www.24baires.com\/?cat=40"},"img":{"alt_text":"baradel declaraciones","src":"https:\/\/i0.wp.com\/www.24baires.com\/wp-content\/uploads\/2012\/12\/baradel-declaraciones.jpg?resize=350%2C200","width":350,"height":200,"srcset":"https:\/\/i0.wp.com\/www.24baires.com\/wp-content\/uploads\/2012\/12\/baradel-declaraciones.jpg?resize=350%2C200 1x, https:\/\/i0.wp.com\/www.24baires.com\/wp-content\/uploads\/2012\/12\/baradel-declaraciones.jpg?resize=525%2C300 1.5x"},"classes":[]}],"jetpack_sharing_enabled":true,"jetpack_likes_enabled":true,"_links":{"self":[{"href":"https:\/\/www.24baires.com\/index.php?rest_route=\/wp\/v2\/posts\/5244","targetHints":{"allow":["GET"]}}],"collection":[{"href":"https:\/\/www.24baires.com\/index.php?rest_route=\/wp\/v2\/posts"}],"about":[{"href":"https:\/\/www.24baires.com\/index.php?rest_route=\/wp\/v2\/types\/post"}],"author":[{"embeddable":true,"href":"https:\/\/www.24baires.com\/index.php?rest_route=\/wp\/v2\/users\/4"}],"replies":[{"embeddable":true,"href":"https:\/\/www.24baires.com\/index.php?rest_route=%2Fwp%2Fv2%2Fcomments&post=5244"}],"version-history":[{"count":3,"href":"https:\/\/www.24baires.com\/index.php?rest_route=\/wp\/v2\/posts\/5244\/revisions"}],"predecessor-version":[{"id":5290,"href":"https:\/\/www.24baires.com\/index.php?rest_route=\/wp\/v2\/posts\/5244\/revisions\/5290"}],"wp:attachment":[{"href":"https:\/\/www.24baires.com\/index.php?rest_route=%2Fwp%2Fv2%2Fmedia&parent=5244"}],"wp:term":[{"taxonomy":"category","embeddable":true,"href":"https:\/\/www.24baires.com\/index.php?rest_route=%2Fwp%2Fv2%2Fcategories&post=5244"},{"taxonomy":"post_tag","embeddable":true,"href":"https:\/\/www.24baires.com\/index.php?rest_route=%2Fwp%2Fv2%2Ftags&post=5244"}],"curies":[{"name":"wp","href":"https:\/\/api.w.org\/{rel}","templated":true}]}}