{"id":5242,"date":"2012-11-13T12:04:33","date_gmt":"2012-11-13T15:04:33","guid":{"rendered":"http:\/\/www.24baires.com\/?p=5242"},"modified":"2012-11-13T17:09:12","modified_gmt":"2012-11-13T20:09:12","slug":"el-kirchnerismo-va-por-el-dictamen-sobre-la-reforma-bursatil","status":"publish","type":"post","link":"https:\/\/www.24baires.com\/?p=5242","title":{"rendered":"El kirchnerismo va por el dictamen sobre la reforma burs\u00e1til"},"content":{"rendered":"<p>Las comisiones de Finanzas y Presupuesto de la C\u00e1mara baja se reunir\u00e1n este martes a partir de las 17, para despachar la iniciativa del Ejecutivo, que ser\u00eda votada en el recinto el mi\u00e9rcoles 21. El proyecto tendr\u00eda el apoyo general de la UCR y Unidad Popular.<!--more--><\/p>\n<p>Tras escuchar al ministro de Econom\u00eda, Hern\u00e1n Lorenzino, as\u00ed como las opiniones de varios representantes de la Bolsa, el Frente para la Victoria en la C\u00e1mara de Diputados buscar\u00e1 despachar favorablemente este martes el proyecto de reforma de Ley de Mercado de Capitales.<\/p>\n<p>El dictamen ser\u00e1 firmado en el marco de una reuni\u00f3n conjunta de las comisiones de Finanzas y Presupuesto, programada para las 17 en la Sala 9 del edificio Anexo de la C\u00e1mara baja. De esta manera, ser\u00eda aprobado en el recinto el mi\u00e9rcoles 21, para darle el paso al Senado.<\/p>\n<p>Por parte del arco opositor, el radicalismo y el bloque Unidad Popular de Claudio Lozano -que integra el FAP- anticiparon que acompa\u00f1ar\u00e1n la iniciativa oficial, aunque con disidencias parciales. El Pro y el Frente Peronista, en cambio, podr\u00edan impulsar dict\u00e1menes propios.<\/p>\n<p>El jueves pasado, los diputados recibieron a distintas entidades del Mercado de Capitales, que se mostraron dispuestas a aceptar un nuevo marco regulatorio, aunque con algunas modificaciones.<\/p>\n<p>Seg\u00fan explic\u00f3 Lorenzino, el fin \u00faltimo de la reforma burs\u00e1til es \u201ccanalizar el ahorro hacia el financiamiento de proyectos productivos\u201d que mantengan el ritmo de crecimiento econ\u00f3mico.<\/p>\n<p>Hoy por hoy, los operadores del mercado se controlan y sancionan a s\u00ed mismos, y es ah\u00ed donde radica el objetivo de eliminar la autorregulaci\u00f3n. Por eso, con la futura ley, la Comisi\u00f3n Nacional de Valores (CNV) gozar\u00e1 de nuevas facultades de registro, supervisi\u00f3n y sanci\u00f3n de cada mercado registrado y de los agentes intermediarios.<\/p>\n<p>Adem\u00e1s, con la meta de que \u201chaya m\u00e1s agentes de mercado\u201d, la reforma \u201celimina la obligaci\u00f3n de que los agentes sean accionistas de los mercados donde act\u00faan\u201d, y establece como \u00fanico requisito el registro ante la CNV, para \u201csimplificar los tr\u00e1mites y que el mercado sea m\u00e1s accesible\u201d.<\/p>\n<p>Como otras novedades, se crear\u00e1n agencias de la CNV en el interior del pa\u00eds, y \u201ccada mercado deber\u00e1 constituirse como sociedad an\u00f3nima para que cotice en el mercado de valores\u201d y as\u00ed lograr una mayor \u201ctransparencia\u201d.<\/p>\n<p>Asimismo, se levantar\u00e1 el secreto ante eventuales requerimientos de informaci\u00f3n burs\u00e1til por parte del Banco Central y la Superintendencia de Entidades Financieras.<\/p>\n<p>El proyecto, que consta de 155 art\u00edculos, supone una \u201ccomplementaci\u00f3n a la reforma de la Carta Org\u00e1nica del Banco Central\u201d y va en l\u00ednea con las modificaciones en la legislaci\u00f3n de varios pa\u00edses del mundo tras la crisis financiera de 2008.<\/p>\n","protected":false},"excerpt":{"rendered":"<p>Las comisiones de Finanzas y Presupuesto de la C\u00e1mara baja se reunir\u00e1n este martes a partir de las 17, para despachar la iniciativa del Ejecutivo, que ser\u00eda votada en el recinto el mi\u00e9rcoles 21. El proyecto tendr\u00eda el apoyo general de la UCR y Unidad Popular.<\/p>\n","protected":false},"author":4,"featured_media":0,"comment_status":"open","ping_status":"open","sticky":false,"template":"","format":"standard","meta":{"_jetpack_newsletter_access":"","_jetpack_dont_email_post_to_subs":false,"_jetpack_newsletter_tier_id":0,"_jetpack_memberships_contains_paywalled_content":false,"_jetpack_memberships_contains_paid_content":false,"footnotes":""},"categories":[45],"tags":[],"class_list":["post-5242","post","type-post","status-publish","format-standard","hentry","category-economia"],"jetpack_featured_media_url":"","jetpack_shortlink":"https:\/\/wp.me\/p2JWE0-1my","jetpack-related-posts":[{"id":99637,"url":"https:\/\/www.24baires.com\/?p=99637","url_meta":{"origin":5242,"position":0},"title":"Este mi\u00e9rcoles se votar\u00e1 el Presupuesto 2018","author":"AF","date":"26\/12\/2017","format":false,"excerpt":"Los senadores de Cambiemos lograron los votos necesarios para aprobar el proyecto y que se trate en el recinto. En caso de aprobarse el Presupuesto 2018 se convertir\u00eda en ley, junto con la reforma tributaria y la pr\u00f3rroga del impuesto al cheque. El oficialismo consigui\u00f3 este martes darle dictamen al\u2026","rel":"","context":"En \u00abPol\u00edtica\u00bb","block_context":{"text":"Pol\u00edtica","link":"https:\/\/www.24baires.com\/?cat=51"},"img":{"alt_text":"","src":"https:\/\/i0.wp.com\/www.24baires.com\/wp-content\/uploads\/2017\/12\/senado-1.jpg?resize=350%2C200","width":350,"height":200,"srcset":"https:\/\/i0.wp.com\/www.24baires.com\/wp-content\/uploads\/2017\/12\/senado-1.jpg?resize=350%2C200 1x, https:\/\/i0.wp.com\/www.24baires.com\/wp-content\/uploads\/2017\/12\/senado-1.jpg?resize=525%2C300 1.5x"},"classes":[]},{"id":20663,"url":"https:\/\/www.24baires.com\/?p=20663","url_meta":{"origin":5242,"position":1},"title":"La reforma del Consejo de la Magistratura ya tiene dictamen para ser tratada","author":"AF","date":"10\/04\/2013","format":false,"excerpt":"Mientras contin\u00faa el plenario de comisiones en la C\u00e1mara alta, los senadores oficialistas firmaron este mediod\u00eda el documento que habilita su tratamiento para la pr\u00f3xima semana en el recinto. Los senadores del Frente para la Victoria suscribieron un dictamen de mayor\u00eda a favor del proyecto para ampliar el n\u00famero de\u2026","rel":"","context":"En \u00abPol\u00edtica\u00bb","block_context":{"text":"Pol\u00edtica","link":"https:\/\/www.24baires.com\/?cat=51"},"img":{"alt_text":"an\u00edbal fern\u00e1ndez Senado","src":"https:\/\/i0.wp.com\/www.24baires.com\/wp-content\/uploads\/2013\/04\/an%C3%ADbal-fern%C3%A1ndez-Senado-300x168.jpg?resize=350%2C200","width":350,"height":200},"classes":[]},{"id":22290,"url":"https:\/\/www.24baires.com\/?p=22290","url_meta":{"origin":5242,"position":2},"title":"Dictamen favorable en Senado para las modificaciones a la Reforma de la Magistratura","author":"Grupo Sierra","date":"30\/04\/2013","format":false,"excerpt":"El oficialismo firm\u00f3 dictamen favorable para el proyecto, modificado d\u00edas atr\u00e1s en la C\u00e1mara de Diputados y que la semana pr\u00f3xima podr\u00eda quedar convertido en ley en la pr\u00f3xima sesi\u00f3n de la C\u00e1mara Alta. Tras dos horas de debate, en un plenario de las comisiones de Asuntos Constitucionales, Justicia y\u2026","rel":"","context":"En \u00abPol\u00edtica\u00bb","block_context":{"text":"Pol\u00edtica","link":"https:\/\/www.24baires.com\/?cat=51"},"img":{"alt_text":"","src":"","width":0,"height":0},"classes":[]},{"id":102093,"url":"https:\/\/www.24baires.com\/?p=102093","url_meta":{"origin":5242,"position":3},"title":"Ingres\u00f3 al Senado el proyecto contra el tarifazo y denuncian a Cambiemos","author":"AF","date":"11\/05\/2018","format":false,"excerpt":"\"Va a ser intenci\u00f3n del oficialismo demorarlo, pero no va a haber dificultades para tener dictamen en dos o tres semanas\u201d, dijo el senador Marcelo Fuentes. La iniciativa obtuvo este mi\u00e9rcoles media sanci\u00f3n en Diputados. Luego de que la C\u00e1mara de Diputados diera media sanci\u00f3n el \u00faltimo mi\u00e9rcoles al proyecto\u2026","rel":"","context":"En \u00abPol\u00edtica\u00bb","block_context":{"text":"Pol\u00edtica","link":"https:\/\/www.24baires.com\/?cat=51"},"img":{"alt_text":"","src":"https:\/\/i0.wp.com\/www.24baires.com\/wp-content\/uploads\/2016\/08\/contra-tarifazo.jpg?resize=350%2C200","width":350,"height":200,"srcset":"https:\/\/i0.wp.com\/www.24baires.com\/wp-content\/uploads\/2016\/08\/contra-tarifazo.jpg?resize=350%2C200 1x, https:\/\/i0.wp.com\/www.24baires.com\/wp-content\/uploads\/2016\/08\/contra-tarifazo.jpg?resize=525%2C300 1.5x"},"classes":[]},{"id":89578,"url":"https:\/\/www.24baires.com\/?p=89578","url_meta":{"origin":5242,"position":4},"title":"El Senado comienza a debatir el Presupuesto 2017","author":"AF","date":"08\/11\/2016","format":false,"excerpt":"El debate por la ley de Presupuesto 2017 y la iniciativa sobre Participaci\u00f3n P\u00fablico Privada para las obras de ingenier\u00eda, venidas en revisi\u00f3n de la C\u00e1mara de Diputados, comenzar\u00e1 en la C\u00e1mara alta, con la presencia de funcionarios del Ministerio de Hacienda y Finanzas P\u00fablicas de la Naci\u00f3n. El debate\u2026","rel":"","context":"En \u00abEconom\u00eda\u00bb","block_context":{"text":"Econom\u00eda","link":"https:\/\/www.24baires.com\/?cat=45"},"img":{"alt_text":"prat gay caputo","src":"https:\/\/i0.wp.com\/www.24baires.com\/wp-content\/uploads\/2016\/02\/prat-gay-caputo.jpg?resize=350%2C200","width":350,"height":200,"srcset":"https:\/\/i0.wp.com\/www.24baires.com\/wp-content\/uploads\/2016\/02\/prat-gay-caputo.jpg?resize=350%2C200 1x, https:\/\/i0.wp.com\/www.24baires.com\/wp-content\/uploads\/2016\/02\/prat-gay-caputo.jpg?resize=525%2C300 1.5x"},"classes":[]},{"id":21198,"url":"https:\/\/www.24baires.com\/?p=21198","url_meta":{"origin":5242,"position":5},"title":"El oficialismo aprueba dictamen en Diputados y ma\u00f1ana trata la Democratizaci\u00f3n Judicial","author":"Grupo Sierra","date":"16\/04\/2013","format":false,"excerpt":"El bloque del FpV logr\u00f3 imponerse y consigui\u00f3 que los tres proyectos que gir\u00f3 el Ejecutivo sean debatidos este mi\u00e9rcoles en el recinto. El oficialismo en Diputados obtuvo este martes por la tarde dictamen en el plenario de comisiones sobre tres de los seis proyectos que conforman la reforma judicial\u2026","rel":"","context":"En \u00abPol\u00edtica\u00bb","block_context":{"text":"Pol\u00edtica","link":"https:\/\/www.24baires.com\/?cat=51"},"img":{"alt_text":"comision senado justicia","src":"https:\/\/i0.wp.com\/www.24baires.com\/wp-content\/uploads\/2013\/04\/comision-senado-justicia.jpg?resize=350%2C200","width":350,"height":200,"srcset":"https:\/\/i0.wp.com\/www.24baires.com\/wp-content\/uploads\/2013\/04\/comision-senado-justicia.jpg?resize=350%2C200 1x, https:\/\/i0.wp.com\/www.24baires.com\/wp-content\/uploads\/2013\/04\/comision-senado-justicia.jpg?resize=525%2C300 1.5x"},"classes":[]}],"jetpack_sharing_enabled":true,"jetpack_likes_enabled":true,"_links":{"self":[{"href":"https:\/\/www.24baires.com\/index.php?rest_route=\/wp\/v2\/posts\/5242","targetHints":{"allow":["GET"]}}],"collection":[{"href":"https:\/\/www.24baires.com\/index.php?rest_route=\/wp\/v2\/posts"}],"about":[{"href":"https:\/\/www.24baires.com\/index.php?rest_route=\/wp\/v2\/types\/post"}],"author":[{"embeddable":true,"href":"https:\/\/www.24baires.com\/index.php?rest_route=\/wp\/v2\/users\/4"}],"replies":[{"embeddable":true,"href":"https:\/\/www.24baires.com\/index.php?rest_route=%2Fwp%2Fv2%2Fcomments&post=5242"}],"version-history":[{"count":3,"href":"https:\/\/www.24baires.com\/index.php?rest_route=\/wp\/v2\/posts\/5242\/revisions"}],"predecessor-version":[{"id":5284,"href":"https:\/\/www.24baires.com\/index.php?rest_route=\/wp\/v2\/posts\/5242\/revisions\/5284"}],"wp:attachment":[{"href":"https:\/\/www.24baires.com\/index.php?rest_route=%2Fwp%2Fv2%2Fmedia&parent=5242"}],"wp:term":[{"taxonomy":"category","embeddable":true,"href":"https:\/\/www.24baires.com\/index.php?rest_route=%2Fwp%2Fv2%2Fcategories&post=5242"},{"taxonomy":"post_tag","embeddable":true,"href":"https:\/\/www.24baires.com\/index.php?rest_route=%2Fwp%2Fv2%2Ftags&post=5242"}],"curies":[{"name":"wp","href":"https:\/\/api.w.org\/{rel}","templated":true}]}}