{"id":5238,"date":"2012-11-13T09:46:05","date_gmt":"2012-11-13T12:46:05","guid":{"rendered":"http:\/\/www.24baires.com\/?p=5238"},"modified":"2012-11-13T11:48:50","modified_gmt":"2012-11-13T14:48:50","slug":"la-provincia-realiza-fuerte-operativo-de-control-de-peso-y-dimensiones-en-rutas","status":"publish","type":"post","link":"https:\/\/www.24baires.com\/?p=5238","title":{"rendered":"La Provincia realiza fuerte operativo de control de peso y dimensiones en rutas"},"content":{"rendered":"<p><img data-recalc-dims=\"1\" loading=\"lazy\" decoding=\"async\" class=\"alignleft size-medium wp-image-5239\" title=\"201211121752400.DSC_6042\" src=\"https:\/\/i0.wp.com\/www.24baires.com\/wp-content\/uploads\/2012\/11\/201211121752400.DSC_6042.jpg?resize=300%2C199\" alt=\"\" width=\"300\" height=\"199\" srcset=\"https:\/\/i0.wp.com\/www.24baires.com\/wp-content\/uploads\/2012\/11\/201211121752400.DSC_6042.jpg?resize=300%2C199&amp;ssl=1 300w, https:\/\/i0.wp.com\/www.24baires.com\/wp-content\/uploads\/2012\/11\/201211121752400.DSC_6042.jpg?w=560&amp;ssl=1 560w\" sizes=\"auto, (max-width: 300px) 100vw, 300px\" \/>El ministro de Infraestructura, Alejandro Arl\u00eda supervis\u00f3 los controles de pesos y dimensiones del transporte automotor de cargas, que se est\u00e1n realizando en diferentes puntos estrat\u00e9gicos de la provincia de Buenos Aires, acompa\u00f1ado por la subsecretaria de Obras P\u00fablicas, Patricia Tombesi, y por el administrador general de Vialidad, Ricardo Curetti.<!--more--><\/p>\n<p>Durante la recorrida por los diferentes puestos m\u00f3viles ubicados en Ranchos, Monte, Brandsen y Lobos, Arl\u00eda explic\u00f3 que \u00aba pedido del Gobernador Scioli estamos intensificando los operativos de pesaje de camiones, para profundizar el plan integral de mantenimiento y conservaci\u00f3n de rutas que viene llevando adelante, con mucho esfuerzo, la Provincia en las principales arterias productivas\u00bb.<\/p>\n<p>Asimismo, el titular de Infraestructura remarc\u00f3 que \u00abeste tipo de operativo cerrojo es diagramado por Vialidad Provincial en conjunto con ARBA, Transporte y Ministerio de Seguridad. Con balanzas de alta tecnolog\u00eda, en estos controles, se detecta el sobrepeso de carga y en consecuencia se aplican multas equivalentes al importante da\u00f1o que provocan\u00bb subray\u00f3 el funcionario provincial.<\/p>\n<p>Por su parte, Ricardo Curetti remarc\u00f3 \u00abque estos operativos se van a hacer en toda la red vial provincial, donde habr\u00e1 puestos de controles fijos y m\u00f3viles\u00bb y agreg\u00f3 que \u00abcon la participaci\u00f3n de los distintos ministerios estos operativos de control de pesos y dimensiones van a tener continuidad\u00bb.<\/p>\n<p>Adem\u00e1s, el Administrador General de Vialidad anunci\u00f3 que mantendr\u00e1 reuniones con autoridades de Vialidad Nacional \u00abpara organizar operativos en conjunto donde ellos tendr\u00e1n responsabilidad de control en las rutas nacionales y nosotros en las provinciales\u00bb remarc\u00f3 Curetti.<\/p>\n<p>Los controles de pesajes se realizan a veh\u00edculos de 2 a 4 ejes con el objetivo de asegurar la carga adecuada de los transportes que circulan por las rutas provinciales. Estos controles ayudan a disminuir los costos de reparaci\u00f3n y mantenimiento de las rutas, como as\u00ed tambi\u00e9n mejoran las condiciones de transitabilidad y seguridad.<\/p>\n<p>Con la implementaci\u00f3n de un sistema eficiente de Control de Cargas, se busca aminorar el progresivo deterioro que experimentan los caminos, por el indebido exceso de carga que transita.<\/p>\n","protected":false},"excerpt":{"rendered":"<p>El ministro de Infraestructura, Alejandro Arl\u00eda supervis\u00f3 los controles de pesos y dimensiones del transporte automotor de cargas, que se est\u00e1n realizando en diferentes puntos estrat\u00e9gicos de la provincia de Buenos Aires, acompa\u00f1ado por la subsecretaria de Obras P\u00fablicas, Patricia Tombesi, y por el administrador general de Vialidad, Ricardo Curetti.<\/p>\n","protected":false},"author":4,"featured_media":0,"comment_status":"open","ping_status":"open","sticky":false,"template":"","format":"standard","meta":{"_jetpack_newsletter_access":"","_jetpack_dont_email_post_to_subs":false,"_jetpack_newsletter_tier_id":0,"_jetpack_memberships_contains_paywalled_content":false,"_jetpack_memberships_contains_paid_content":false,"footnotes":""},"categories":[40],"tags":[],"class_list":["post-5238","post","type-post","status-publish","format-standard","hentry","category-provincia"],"jetpack_featured_media_url":"","jetpack_shortlink":"https:\/\/wp.me\/p2JWE0-1mu","jetpack-related-posts":[{"id":53642,"url":"https:\/\/www.24baires.com\/?p=53642","url_meta":{"origin":5238,"position":0},"title":"Despu\u00e9s de las quejas, prometen que repavimentar\u00e1n la ruta 50","author":"Grupo Sierra","date":"14\/09\/2014","format":false,"excerpt":"El Ministerio de Infraestructura bonaerense anunci\u00f3 los trabajos, entre las localidades de Lincoln y Vedia, por un monto de 180 millones de pesos. Alejandro Arl\u00eda precis\u00f3 que el pr\u00f3ximo 31 de octubre se licitar\u00e1 la obra. Se trata de la \u201cRepavimentaci\u00f3n y ensanche Ruta 50, en el tramo R.P. 64\u2026","rel":"","context":"En \u00abProvincia\u00bb","block_context":{"text":"Provincia","link":"https:\/\/www.24baires.com\/?cat=40"},"img":{"alt_text":"ruta 32 pergamino","src":"https:\/\/i0.wp.com\/www.24baires.com\/wp-content\/uploads\/2014\/04\/ruta-32-pergamino.png?resize=350%2C200","width":350,"height":200},"classes":[]},{"id":32101,"url":"https:\/\/www.24baires.com\/?p=32101","url_meta":{"origin":5238,"position":1},"title":"Repavimentaron el tramo Luj\u00e1n-Navarro de la ruta 47","author":"AF","date":"19\/09\/2013","format":false,"excerpt":"El ministro de Infraestructura bonaerense, Alejandro Arl\u00eda, firm\u00f3 el contrato de obra para la \u201cRepavimentaci\u00f3n de la Ruta Provincial N\u00b047, tramo Luj\u00e1n \u2013 Navarro\u201d, cuyo presupuesto oficial supera los 47 millones de pesos. En la ocasi\u00f3n, Arl\u00eda explic\u00f3 que \u201cesta obra ser\u00e1 financiada por el Fondo Fiduciario para el Plan\u2026","rel":"","context":"En \u00abLocales\u00bb","block_context":{"text":"Locales","link":"https:\/\/www.24baires.com\/?cat=38"},"img":{"alt_text":"","src":"","width":0,"height":0},"classes":[]},{"id":44100,"url":"https:\/\/www.24baires.com\/?p=44100","url_meta":{"origin":5238,"position":2},"title":"Ya se pusieron en marcha las obras viales en la Ruta Provincial 51","author":"GB","date":"17\/04\/2014","format":false,"excerpt":"Se realizan tareas de fresado corrector de huellas y deformaciones, como as\u00ed tambi\u00e9n de bacheo superficial y profundo. \u201cVenimos trabajando en la rehabilitaci\u00f3n de toda la red vial de la provincia, todo nuestro esfuerzo est\u00e1 puesto en hacerlo con la mayor eficiencia y rapidez como nos ha pedido Scioli\u201d, sostuvo\u2026","rel":"","context":"En \u00abProvincia\u00bb","block_context":{"text":"Provincia","link":"https:\/\/www.24baires.com\/?cat=40"},"img":{"alt_text":"ruta provincial","src":"https:\/\/i0.wp.com\/www.24baires.com\/wp-content\/uploads\/2014\/04\/ruta-provincial.jpg?resize=350%2C200","width":350,"height":200,"srcset":"https:\/\/i0.wp.com\/www.24baires.com\/wp-content\/uploads\/2014\/04\/ruta-provincial.jpg?resize=350%2C200 1x, https:\/\/i0.wp.com\/www.24baires.com\/wp-content\/uploads\/2014\/04\/ruta-provincial.jpg?resize=525%2C300 1.5x"},"classes":[]},{"id":7442,"url":"https:\/\/www.24baires.com\/?p=7442","url_meta":{"origin":5238,"position":3},"title":"Comienza nueva etapa de pesaje de camiones en rutas bonaerenses","author":"AF","date":"01\/12\/2012","format":false,"excerpt":"En el marco del Plan Integral de Conservaci\u00f3n y Mantenimiento de las rutas provinciales, el ministro Alejandro Arl\u00eda supervisar\u00e1 la semana pr\u00f3xima la tercera etapa de pesaje de camiones en las rutas de la Provincia, que se llevar\u00e1 a cabo con la misma metodolog\u00eda que en los operativos anteriores. Al\u2026","rel":"","context":"En \u00abProvincia\u00bb","block_context":{"text":"Provincia","link":"https:\/\/www.24baires.com\/?cat=40"},"img":{"alt_text":"","src":"https:\/\/i0.wp.com\/www.24baires.com\/wp-content\/uploads\/2012\/12\/pesaje-camiones.png?resize=350%2C200","width":350,"height":200},"classes":[]},{"id":17610,"url":"https:\/\/www.24baires.com\/?p=17610","url_meta":{"origin":5238,"position":4},"title":"Sin Eseverri, Arl\u00eda visit\u00f3 finalmente la Ruta 51 y anunci\u00f3 obras por $29 millones","author":"AF","date":"06\/03\/2013","format":false,"excerpt":"LOMA NEGRA - Dijo que en primera instancia se llevar\u00e1 a cabo \u201cun frezado para corregir la carpeta asfaltica\u201d en el trayecto de Olavarr\u00eda. La inversi\u00f3n ser\u00e1 de algo m\u00e1s de 29 millones de pesos. Sostuvo que analizan la creaci\u00f3n de peajes por 15 a\u00f1os como ocurre en las rutas\u2026","rel":"","context":"En \u00abSociedad\u00bb","block_context":{"text":"Sociedad","link":"https:\/\/www.24baires.com\/?cat=1"},"img":{"alt_text":"arl\u00eda ruta 51","src":"https:\/\/i0.wp.com\/www.24baires.com\/wp-content\/uploads\/2013\/03\/arl%C3%ADa-ruta-51.jpg?resize=350%2C200","width":350,"height":200,"srcset":"https:\/\/i0.wp.com\/www.24baires.com\/wp-content\/uploads\/2013\/03\/arl%C3%ADa-ruta-51.jpg?resize=350%2C200 1x, https:\/\/i0.wp.com\/www.24baires.com\/wp-content\/uploads\/2013\/03\/arl%C3%ADa-ruta-51.jpg?resize=525%2C300 1.5x"},"classes":[]},{"id":5587,"url":"https:\/\/www.24baires.com\/?p=5587","url_meta":{"origin":5238,"position":5},"title":"Arl\u00eda cruz\u00f3 a TN por mentir sobre el Hospital Alberto Balestrini","author":"Grupo Sierra","date":"15\/11\/2012","format":false,"excerpt":"El ministro de Infraestructura de la provincia de Buenos Aires, Alejandro Arl\u00eda, asegur\u00f3 hoy que las obras realizadas en ese centro de salud de La Matanza tienen un costo de 130 millones de pesos y que tendr\u00e1 vital importancia para los habitantes de la provincia, desmintiendo el informe elaborado por\u2026","rel":"","context":"En \u00abProvincia\u00bb","block_context":{"text":"Provincia","link":"https:\/\/www.24baires.com\/?cat=40"},"img":{"alt_text":"","src":"","width":0,"height":0},"classes":[]}],"jetpack_sharing_enabled":true,"jetpack_likes_enabled":true,"_links":{"self":[{"href":"https:\/\/www.24baires.com\/index.php?rest_route=\/wp\/v2\/posts\/5238","targetHints":{"allow":["GET"]}}],"collection":[{"href":"https:\/\/www.24baires.com\/index.php?rest_route=\/wp\/v2\/posts"}],"about":[{"href":"https:\/\/www.24baires.com\/index.php?rest_route=\/wp\/v2\/types\/post"}],"author":[{"embeddable":true,"href":"https:\/\/www.24baires.com\/index.php?rest_route=\/wp\/v2\/users\/4"}],"replies":[{"embeddable":true,"href":"https:\/\/www.24baires.com\/index.php?rest_route=%2Fwp%2Fv2%2Fcomments&post=5238"}],"version-history":[{"count":2,"href":"https:\/\/www.24baires.com\/index.php?rest_route=\/wp\/v2\/posts\/5238\/revisions"}],"predecessor-version":[{"id":5241,"href":"https:\/\/www.24baires.com\/index.php?rest_route=\/wp\/v2\/posts\/5238\/revisions\/5241"}],"wp:attachment":[{"href":"https:\/\/www.24baires.com\/index.php?rest_route=%2Fwp%2Fv2%2Fmedia&parent=5238"}],"wp:term":[{"taxonomy":"category","embeddable":true,"href":"https:\/\/www.24baires.com\/index.php?rest_route=%2Fwp%2Fv2%2Fcategories&post=5238"},{"taxonomy":"post_tag","embeddable":true,"href":"https:\/\/www.24baires.com\/index.php?rest_route=%2Fwp%2Fv2%2Ftags&post=5238"}],"curies":[{"name":"wp","href":"https:\/\/api.w.org\/{rel}","templated":true}]}}