{"id":52316,"date":"2014-08-23T13:00:53","date_gmt":"2014-08-23T16:00:53","guid":{"rendered":"http:\/\/www.24baires.com\/?p=52316"},"modified":"2014-08-23T12:44:16","modified_gmt":"2014-08-23T15:44:16","slug":"licha-y-vuelve","status":"publish","type":"post","link":"https:\/\/www.24baires.com\/?p=52316","title":{"rendered":"Licha y Vuelve"},"content":{"rendered":"<p><img data-recalc-dims=\"1\" loading=\"lazy\" decoding=\"async\" class=\"aligncenter wp-image-52317\" src=\"https:\/\/i0.wp.com\/www.24baires.com\/wp-content\/uploads\/2014\/08\/nieta-115.jpg?resize=560%2C308\" alt=\"nieta 115\" width=\"560\" height=\"308\" \/>Hay abrazos que no pueden ser y recibimos algunas noticias con sonrisas, pero que no pueden dejar de ser algo amargas. Porque la felicidad es mucha cuando aparece un nuevo nieto o nieta, pero es completa si hay abuela. Y Licha se muri\u00f3 en el 2008 buscando a Ana Libertad. De seguro Licha esper\u00f3 siempre con esperanza, aunque la esperanza no esper\u00f3 a Licha. <!--more--><\/p>\n<p>Pero las Abuelas tienen el amor tan grande que les alcanza para los nietos propios, los de su sangre, y los otros, los del alma, que son bastantes propios, tambi\u00e9n. As\u00ed que Ana Libertad, que vive en Europa, no tendr\u00e1 a su abuelita, pero las tendr\u00e1s a las otras Abuelas, que aunque no son Licha son pura lucha. Porque no hay Nobel de la Paz que alcance para ellas. De hecho, al Nobel, si hace cosas buenas, habr\u00eda que darle un Abuelas. Porque todav\u00eda seguimos felices por la aparici\u00f3n de Guido y ellas logran renovarnos la alegr\u00eda con la Nieta Recuperada 115.<br \/>\nVaya uno a saber qu\u00e9 pensar\u00e1n de este evento que para nosotros es tan gratificante aquellas mentes retorcidas que hablaron de alguna especie de administraci\u00f3n acomodaticia de la aparici\u00f3n de nietos por parte del gobierno nacional. Esas mentes, peque\u00f1as, pobres pero crueles, estar\u00e1n buscando alguna excusa para se\u00f1alar con su dedo vil esta otra restituci\u00f3n hist\u00f3rica, tratando de inventar una de sus mentidas rancias, diciendo que los nietos aparecen a voluntad del Kirchnerismo. Como si las Abuelas no los estuvieran buscando desde hace casi 40 a\u00f1os. Como si no los hubieran extra\u00f1ado cada maldito d\u00eda de ausencia, como si no hubieran padecido el peor dolor, el que no tiene nombre, el de perder un hijo y que adem\u00e1s, tras la tortura y la muerte, les hayan robado a sus nietos. Como si Licha no se hubiera muerto esperando.<br \/>\nEstela lo dijo, los inteligentes no pueden ser tan ignorantes, entonces es simple: son malos. Es maldad. Sugerir cosas semejantes, es maldad, es vileza, es crueldad. Como si guardaran a los nietos en un ropero y los sacaran para usar en d\u00edas de lluvia, como un piloto. No se programa la aparici\u00f3n y la restituci\u00f3n de la identidad de estos hombres y mujeres apropiados de beb\u00e9s. Los que sistematizaron estas vidas y malversaron identidades fueron otros, que robaron a los ni\u00f1os de los brazos de sus madres, antes de matarlas. Otros, no las Abuelas. Y explicamos sin necesidad, espero, lo que es tan obvio.<br \/>\nHay un proverbio \u00e1rabe que reza: \u201cLa crueldad es la fuerza de los cobardes\u201d, y esa fuerza corrompida los impulsa a intentar echar sombras sobre la luz que se viene abriendo paso a trav\u00e9s de la noche m\u00e1s oscura. Claro que no pueden, porque la sombra de estos cobardes es la que se obtiene cuando el sol est\u00e1 bien arriba en el cielo, al medio d\u00eda: la sombra est\u00e1 dentro de ellos. Esa sombra no nos toca.<br \/>\nY porque la casualidad no existe, por eso Guido es m\u00fasico como su padre, maestro como su abuela y militante como toda su familia aun antes de saber cu\u00e1l era su familia, este viernes 22 de agosto, a 42 a\u00f1os de la Masacre de Trelew, se restituye la identidad de Ana Libertad. La casualidad no existe y no, no nos han vencido.<\/p>\n<p>&nbsp;<\/p>\n<p>&nbsp;<\/p>\n<p>&nbsp;<\/p>\n<p>&nbsp;<\/p>\n<p>&nbsp;<\/p>\n<p>&nbsp;<\/p>\n<p>&nbsp;<\/p>\n<p>&nbsp;<\/p>\n<p>&nbsp;<\/p>\n<p>&nbsp;<\/p>\n<p>&nbsp;<\/p>\n<p>&nbsp;<\/p>\n<p>&nbsp;<\/p>\n","protected":false},"excerpt":{"rendered":"<p>Hay abrazos que no pueden ser y recibimos algunas noticias con sonrisas, pero que no pueden dejar de ser algo amargas. Porque la felicidad es mucha cuando aparece un nuevo nieto o nieta, pero es completa si hay abuela. Y Licha se muri\u00f3 en el 2008 buscando a Ana Libertad. De seguro Licha esper\u00f3 siempre con esperanza, aunque la esperanza [&#8230;]<\/p>\n","protected":false},"author":8,"featured_media":0,"comment_status":"open","ping_status":"open","sticky":false,"template":"","format":"standard","meta":{"_jetpack_newsletter_access":"","_jetpack_dont_email_post_to_subs":false,"_jetpack_newsletter_tier_id":0,"_jetpack_memberships_contains_paywalled_content":false,"_jetpack_memberships_contains_paid_content":false,"footnotes":""},"categories":[64],"tags":[],"class_list":["post-52316","post","type-post","status-publish","format-standard","hentry","category-opinion"],"jetpack_featured_media_url":"","jetpack_shortlink":"https:\/\/wp.me\/p2JWE0-dBO","jetpack-related-posts":[{"id":52270,"url":"https:\/\/www.24baires.com\/?p=52270","url_meta":{"origin":52316,"position":0},"title":"Abuelas recuper\u00f3 a la Nieta 115: se llama Ana Libertad","author":"Grupo Sierra","date":"22\/08\/2014","format":false,"excerpt":"Se trata de una mujer que naci\u00f3 en cautiverio. Su abuela \"Licha\" De La Cuadra, es una de las fundadoras y primera presidenta de Abuelas, y falleci\u00f3 en 2008. \"Sus padres la llamaron Ana Libertad. Hoy logr\u00f3 adquirir ese bien tan preciado que le dejaron en su nombre. Ella va\u2026","rel":"","context":"En \u00abMemoria\u00bb","block_context":{"text":"Memoria","link":"https:\/\/www.24baires.com\/?cat=50"},"img":{"alt_text":"Estela","src":"https:\/\/i0.wp.com\/www.24baires.com\/wp-content\/uploads\/2014\/08\/Estela.jpg?resize=350%2C200","width":350,"height":200,"srcset":"https:\/\/i0.wp.com\/www.24baires.com\/wp-content\/uploads\/2014\/08\/Estela.jpg?resize=350%2C200 1x, https:\/\/i0.wp.com\/www.24baires.com\/wp-content\/uploads\/2014\/08\/Estela.jpg?resize=525%2C300 1.5x"},"classes":[]},{"id":52329,"url":"https:\/\/www.24baires.com\/?p=52329","url_meta":{"origin":52316,"position":1},"title":"Nietos recuperados manifestaron su alegr\u00eda por la nieta 115","author":"AF","date":"23\/08\/2014","format":false,"excerpt":"Se trata del hallazgo de Ana Libertad, la hija de los militantes H\u00e9ctor Carlos Beratti y Elena De la Cuadra, que es a su vez nieta de la primera presidenta de Abuelas de Plaza de Mayo, Alicia \u201cLicha\u201d Zubasnabar de De la Cuadra. El diputado nacional y nieto recuperado Horacio\u2026","rel":"","context":"En \u00abMemoria\u00bb","block_context":{"text":"Memoria","link":"https:\/\/www.24baires.com\/?cat=50"},"img":{"alt_text":"","src":"","width":0,"height":0},"classes":[]},{"id":59415,"url":"https:\/\/www.24baires.com\/?p=59415","url_meta":{"origin":52316,"position":2},"title":"Abuelas asegur\u00f3 que seguir\u00e1 \u00abbuscando los nietos que faltan\u00bb","author":"GB","date":"31\/12\/2014","format":false,"excerpt":"La instituci\u00f3n que preside Estela de Carlotto envi\u00f3 un saludo donde expres\u00f3 su deseo de que 2015 \"nos encuentre con una democracia fortalecida, en paz, con trabajo, salud y educaci\u00f3n para todos\". En su sitio www.abuelas.org.ar la instituci\u00f3n que preside Estela de Carlotto, quien este a\u00f1o recuper\u00f3 a su nieto\u2026","rel":"","context":"En \u00abMemoria\u00bb","block_context":{"text":"Memoria","link":"https:\/\/www.24baires.com\/?cat=50"},"img":{"alt_text":"estela carlotto","src":"https:\/\/i0.wp.com\/www.24baires.com\/wp-content\/uploads\/2013\/04\/estela-carlotto.jpg?resize=350%2C200","width":350,"height":200,"srcset":"https:\/\/i0.wp.com\/www.24baires.com\/wp-content\/uploads\/2013\/04\/estela-carlotto.jpg?resize=350%2C200 1x, https:\/\/i0.wp.com\/www.24baires.com\/wp-content\/uploads\/2013\/04\/estela-carlotto.jpg?resize=525%2C300 1.5x"},"classes":[]},{"id":52798,"url":"https:\/\/www.24baires.com\/?p=52798","url_meta":{"origin":52316,"position":3},"title":"Estela de la Cuadra habl\u00f3 de Ana Libertad y acus\u00f3 a la Iglesia","author":"Grupo Sierra","date":"31\/08\/2014","format":false,"excerpt":"La t\u00eda de la nieta recuperada 115, asegur\u00f3 que \"la Iglesia ten\u00eda aceitado el contacto con los genocidas\". \"Los j\u00f3venes recuperados son un poco de todos. Es un fen\u00f3meno colectivo. Yo hace una semana estaba en la misma situaci\u00f3n de todas las familias que hoy siguen buscando a sus parientes\",\u2026","rel":"","context":"En \u00abMemoria\u00bb","block_context":{"text":"Memoria","link":"https:\/\/www.24baires.com\/?cat=50"},"img":{"alt_text":"de la cuadra","src":"https:\/\/i0.wp.com\/www.24baires.com\/wp-content\/uploads\/2014\/08\/de-la-cuadra.jpg?resize=350%2C200","width":350,"height":200},"classes":[]},{"id":55840,"url":"https:\/\/www.24baires.com\/?p=55840","url_meta":{"origin":52316,"position":4},"title":"Ignacio Guido: \u00abHoy festejamos una forma de vencer 30 mil muertes\u00bb","author":"Grupo Sierra","date":"22\/10\/2014","format":false,"excerpt":"Hoy, 22 de octubre, las Abuelas celebran el D\u00eda Nacional del Derecho a la Identidad con un acto en el Teatro Argentino de La Plata, ciudad donde dos de ellas se juntaron y fundaron hace 37 a\u00f1os \"Abuelas Argentinas con Nietitos Desaparecidos\". \"Este reencuentro fue una manera de vencer la\u2026","rel":"","context":"En \u00abMemoria\u00bb","block_context":{"text":"Memoria","link":"https:\/\/www.24baires.com\/?cat=50"},"img":{"alt_text":"estela guido carlotto","src":"https:\/\/i0.wp.com\/www.24baires.com\/wp-content\/uploads\/2014\/08\/estela-guido-carlotto.jpg?resize=350%2C200","width":350,"height":200,"srcset":"https:\/\/i0.wp.com\/www.24baires.com\/wp-content\/uploads\/2014\/08\/estela-guido-carlotto.jpg?resize=350%2C200 1x, https:\/\/i0.wp.com\/www.24baires.com\/wp-content\/uploads\/2014\/08\/estela-guido-carlotto.jpg?resize=525%2C300 1.5x"},"classes":[]},{"id":102322,"url":"https:\/\/www.24baires.com\/?p=102322","url_meta":{"origin":52316,"position":5},"title":"La asociaci\u00f3n Abuelas de Plaza de Mayo fue nominada al Premio Nobel de la Paz 2018","author":"AF","date":"23\/05\/2018","format":false,"excerpt":"Ya son varias las ocasiones en que la asociaci\u00f3n que preside Estela de Carlotto recibe la nominaci\u00f3n. El Comit\u00e9 Noruego acept\u00f3 a la asociaci\u00f3n Abuelas de Plaza de Mayo entre los nominados al Premio Nobel de la Paz edici\u00f3n 2018. La presidenta de Abuelas, Estela de Carlotto, har\u00e1 el anuncio\u2026","rel":"","context":"En \u00abSociedad\u00bb","block_context":{"text":"Sociedad","link":"https:\/\/www.24baires.com\/?cat=1"},"img":{"alt_text":"","src":"https:\/\/i0.wp.com\/www.24baires.com\/wp-content\/uploads\/2012\/11\/madres-abuelas-circuito-camps.jpg?resize=350%2C200","width":350,"height":200,"srcset":"https:\/\/i0.wp.com\/www.24baires.com\/wp-content\/uploads\/2012\/11\/madres-abuelas-circuito-camps.jpg?resize=350%2C200 1x, https:\/\/i0.wp.com\/www.24baires.com\/wp-content\/uploads\/2012\/11\/madres-abuelas-circuito-camps.jpg?resize=525%2C300 1.5x"},"classes":[]}],"jetpack_sharing_enabled":true,"jetpack_likes_enabled":true,"_links":{"self":[{"href":"https:\/\/www.24baires.com\/index.php?rest_route=\/wp\/v2\/posts\/52316","targetHints":{"allow":["GET"]}}],"collection":[{"href":"https:\/\/www.24baires.com\/index.php?rest_route=\/wp\/v2\/posts"}],"about":[{"href":"https:\/\/www.24baires.com\/index.php?rest_route=\/wp\/v2\/types\/post"}],"author":[{"embeddable":true,"href":"https:\/\/www.24baires.com\/index.php?rest_route=\/wp\/v2\/users\/8"}],"replies":[{"embeddable":true,"href":"https:\/\/www.24baires.com\/index.php?rest_route=%2Fwp%2Fv2%2Fcomments&post=52316"}],"version-history":[{"count":1,"href":"https:\/\/www.24baires.com\/index.php?rest_route=\/wp\/v2\/posts\/52316\/revisions"}],"predecessor-version":[{"id":52318,"href":"https:\/\/www.24baires.com\/index.php?rest_route=\/wp\/v2\/posts\/52316\/revisions\/52318"}],"wp:attachment":[{"href":"https:\/\/www.24baires.com\/index.php?rest_route=%2Fwp%2Fv2%2Fmedia&parent=52316"}],"wp:term":[{"taxonomy":"category","embeddable":true,"href":"https:\/\/www.24baires.com\/index.php?rest_route=%2Fwp%2Fv2%2Fcategories&post=52316"},{"taxonomy":"post_tag","embeddable":true,"href":"https:\/\/www.24baires.com\/index.php?rest_route=%2Fwp%2Fv2%2Ftags&post=52316"}],"curies":[{"name":"wp","href":"https:\/\/api.w.org\/{rel}","templated":true}]}}