{"id":5218,"date":"2012-11-13T10:50:48","date_gmt":"2012-11-13T13:50:48","guid":{"rendered":"http:\/\/www.24baires.com\/?p=5218"},"modified":"2012-11-13T10:52:54","modified_gmt":"2012-11-13T13:52:54","slug":"desde-el-proximo-lunes-el-dni-se-renueva-a-los-14-anos","status":"publish","type":"post","link":"https:\/\/www.24baires.com\/?p=5218","title":{"rendered":"Desde el pr\u00f3ximo lunes el DNI se renovar\u00e1 a los 14 a\u00f1os"},"content":{"rendered":"<p><img data-recalc-dims=\"1\" loading=\"lazy\" decoding=\"async\" class=\"alignleft size-medium wp-image-5219\" title=\"dni\" src=\"https:\/\/i0.wp.com\/www.24baires.com\/wp-content\/uploads\/2012\/11\/dni.jpg?resize=300%2C224\" alt=\"\" width=\"300\" height=\"224\" srcset=\"https:\/\/i0.wp.com\/www.24baires.com\/wp-content\/uploads\/2012\/11\/dni.jpg?resize=300%2C224&amp;ssl=1 300w, https:\/\/i0.wp.com\/www.24baires.com\/wp-content\/uploads\/2012\/11\/dni.jpg?w=560&amp;ssl=1 560w\" sizes=\"auto, (max-width: 300px) 100vw, 300px\" \/>Debido a la modificaci\u00f3n del C\u00f3digo Electoral, el documento de identidad deber\u00e1 renovarse dos a\u00f1os antes de lo establecido en la actualidad, a los 16, para habilitar a los nuevos votantes. Hay tiempo hasta abril<!--more--><br \/>\nEl Congreso nacional sancion\u00f3 d\u00edas atr\u00e1s la ley que habilita el voto optativo para los j\u00f3venes de 16 y 17 a\u00f1os. En consonancia con ese nuevo derecho, el Registro Nacional de las Personas (Renaper) adecu\u00f3 sus sistemas para que los adolescentes, a partir de los 14 a\u00f1os, puedan hacer la renovaci\u00f3n del DNI que hasta ahora se realizaba a los 16.<br \/>\nEn esa l\u00ednea, corresponde aclarar que, para ingresar al padr\u00f3n electoral de 2013, los interesados en sufragar tienen que hacer la renovaci\u00f3n del DNI antes del 30 de abril del a\u00f1o que viene. La Justicia Electoral, con esa incorporaci\u00f3n, tiene que abrir un n\u00famero mayor de mesas.<br \/>\nEn tanto, los j\u00f3venes que ya hayan cumplido los 16 y a\u00fan no tengan iniciado el tr\u00e1mite tendr\u00e1n tiempo hasta el d\u00eda que cumplan 17 para comenzar a gestionarlo.<br \/>\nEn los DNI que surjan de la renovaci\u00f3n que se realiza entre los 5 y 8 a\u00f1os de edad, se imprimir\u00e1 a partir de este lunes la leyenda \u201cv\u00e1lido hasta los 15 a\u00f1os\u201d.<br \/>\nDe este modo, una vez cumplidos los 14 a\u00f1os, los j\u00f3venes tienen un a\u00f1o para realizar el tr\u00e1mite de la actualizaci\u00f3n antes de ser multados. Los DNI emitidos despu\u00e9s de esa edad tienen una vigencia de 15 a\u00f1os. Luego ser\u00e1 necesaria una renovaci\u00f3n.<\/p>\n","protected":false},"excerpt":{"rendered":"<p>Debido a la modificaci\u00f3n del C\u00f3digo Electoral, el documento de identidad deber\u00e1 renovarse dos a\u00f1os antes de lo establecido en la actualidad, a los 16, para habilitar a los nuevos votantes. Hay tiempo hasta abril<\/p>\n","protected":false},"author":4,"featured_media":0,"comment_status":"open","ping_status":"open","sticky":false,"template":"","format":"standard","meta":{"_jetpack_newsletter_access":"","_jetpack_dont_email_post_to_subs":false,"_jetpack_newsletter_tier_id":0,"_jetpack_memberships_contains_paywalled_content":false,"_jetpack_memberships_contains_paid_content":false,"footnotes":""},"categories":[1],"tags":[],"class_list":["post-5218","post","type-post","status-publish","format-standard","hentry","category-sociedad"],"jetpack_featured_media_url":"","jetpack_shortlink":"https:\/\/wp.me\/p2JWE0-1ma","jetpack-related-posts":[{"id":22175,"url":"https:\/\/www.24baires.com\/?p=22175","url_meta":{"origin":5218,"position":0},"title":"Ma\u00f1ana martes es el \u00faltimo d\u00eda para que los j\u00f3venes renueven su DNI para votar","author":"AF","date":"29\/04\/2013","format":false,"excerpt":"Cerca de un mill\u00f3n y medio de j\u00f3venes est\u00e1n en condiciones de votar por primera vez y quienes quieran hacerlo tienen tiempo hasta ma\u00f1ana, fecha en la que cierra el Registro de Electores para armar el padr\u00f3n, para realizar el tr\u00e1mite de actualizaci\u00f3n. Para realizar el tr\u00e1mite de actualizaci\u00f3n (o\u2026","rel":"","context":"En \u00abSociedad\u00bb","block_context":{"text":"Sociedad","link":"https:\/\/www.24baires.com\/?cat=1"},"img":{"alt_text":"","src":"","width":0,"height":0},"classes":[]},{"id":17723,"url":"https:\/\/www.24baires.com\/?p=17723","url_meta":{"origin":5218,"position":1},"title":"La Provincia reglament\u00f3 el voto optativo de los j\u00f3venes de 16 y 17 a\u00f1os","author":"AF","date":"07\/03\/2013","format":false,"excerpt":"Adem\u00e1s se impulsa una campa\u00f1a de renovaci\u00f3n de DNI desde los 14 a\u00f1os. Los nuevos votantes tendr\u00e1n que cumplir con los requisitos establecidos por el Colegio Electoral. Anunciaron capacitaciones en las escuelas provinciales que se realizar\u00e1n a partir de abril. El gobierno bonaerense reglament\u00f3, a trav\u00e9s de la ley 14.456,\u2026","rel":"","context":"En \u00abSociedad\u00bb","block_context":{"text":"Sociedad","link":"https:\/\/www.24baires.com\/?cat=1"},"img":{"alt_text":"","src":"","width":0,"height":0},"classes":[]},{"id":62861,"url":"https:\/\/www.24baires.com\/?p=62861","url_meta":{"origin":5218,"position":2},"title":"J\u00f3venes que cumplan 16 a\u00f1os hasta el 25 de octubre podr\u00e1n votar en las primarias de agosto","author":"AF","date":"09\/03\/2015","format":false,"excerpt":"La Direcci\u00f3n de Informaci\u00f3n y Capacitaci\u00f3n Electoral de la Direcci\u00f3n Nacional Electoral inform\u00f3 que para sufragar, no es necesario inscribirse y podr\u00e1n hacerlo \"siempre y cuando hayan renovado su DNI antes del 28 de abril del 2015\". Los j\u00f3venes que tengan 15 a\u00f1os y cumplan 16 hasta el 25 de\u2026","rel":"","context":"En \u00abSociedad\u00bb","block_context":{"text":"Sociedad","link":"https:\/\/www.24baires.com\/?cat=1"},"img":{"alt_text":"","src":"","width":0,"height":0},"classes":[]},{"id":21784,"url":"https:\/\/www.24baires.com\/?p=21784","url_meta":{"origin":5218,"position":3},"title":"660 mil j\u00f3venes de 16 y 17 a\u00f1os renovaron su DNI para poder votar","author":"AF","date":"24\/04\/2013","format":false,"excerpt":"El ministro de Interior y Transporte, Florencio Randazzo, inform\u00f3 que hasta el momento \"660 mil j\u00f3venes de 1 mill\u00f3n 165 mil ya han actualizado el documento\" y que son m\u00e1s de 3 mil doscientos los lugares habilitados para realizar la renovaci\u00f3n que vence el 30 de abril. \"El 30 de\u2026","rel":"","context":"En \u00abSociedad\u00bb","block_context":{"text":"Sociedad","link":"https:\/\/www.24baires.com\/?cat=1"},"img":{"alt_text":"voto joven","src":"https:\/\/i0.wp.com\/www.24baires.com\/wp-content\/uploads\/2013\/04\/voto-joven.jpg?resize=350%2C200","width":350,"height":200},"classes":[]},{"id":9489,"url":"https:\/\/www.24baires.com\/?p=9489","url_meta":{"origin":5218,"position":4},"title":"Los j\u00f3venes pueden tramitar tambi\u00e9n los s\u00e1bados el nuevo DNI","author":"AF","date":"17\/12\/2012","format":false,"excerpt":"La Jefatura de Gabinete provincial, a cargo de Alberto P\u00e9rez, record\u00f3 que permanecen abiertos los d\u00edas s\u00e1bado los 10 centros de documentaci\u00f3n r\u00e1pida y 10 registros civiles del conurbano, para tramitar el nuevo DNI 14 a\u00f1os. Lo hizo en el marco de la aprobaci\u00f3n de la ley que habilita a\u2026","rel":"","context":"En \u00abSociedad\u00bb","block_context":{"text":"Sociedad","link":"https:\/\/www.24baires.com\/?cat=1"},"img":{"alt_text":"DNI 14","src":"https:\/\/i0.wp.com\/www.24baires.com\/wp-content\/uploads\/2012\/12\/DNI-14-300x199.jpg?resize=350%2C200","width":350,"height":200},"classes":[]},{"id":108570,"url":"https:\/\/www.24baires.com\/?p=108570","url_meta":{"origin":5218,"position":5},"title":"Incorporan al padr\u00f3n a un mill\u00f3n y medio de electores","author":"AF","date":"04\/06\/2019","format":false,"excerpt":"El plazo para reclamar por la no inclusi\u00f3n en el padr\u00f3n debi\u00f3 ampliarse ante la gran cantidad de j\u00f3venes que no figuraban en el listado publicado el 10 de mayo. El Registro Nacional de las Personas (Renaper) inform\u00f3 este martes que incorpor\u00f3 al padr\u00f3n electoral a un mill\u00f3n y medio\u2026","rel":"","context":"En \u00abSociedad\u00bb","block_context":{"text":"Sociedad","link":"https:\/\/www.24baires.com\/?cat=1"},"img":{"alt_text":"","src":"https:\/\/i0.wp.com\/www.24baires.com\/wp-content\/uploads\/2013\/05\/padr%C3%B3n-electoral.jpg?resize=350%2C200","width":350,"height":200,"srcset":"https:\/\/i0.wp.com\/www.24baires.com\/wp-content\/uploads\/2013\/05\/padr%C3%B3n-electoral.jpg?resize=350%2C200 1x, https:\/\/i0.wp.com\/www.24baires.com\/wp-content\/uploads\/2013\/05\/padr%C3%B3n-electoral.jpg?resize=525%2C300 1.5x"},"classes":[]}],"jetpack_sharing_enabled":true,"jetpack_likes_enabled":true,"_links":{"self":[{"href":"https:\/\/www.24baires.com\/index.php?rest_route=\/wp\/v2\/posts\/5218","targetHints":{"allow":["GET"]}}],"collection":[{"href":"https:\/\/www.24baires.com\/index.php?rest_route=\/wp\/v2\/posts"}],"about":[{"href":"https:\/\/www.24baires.com\/index.php?rest_route=\/wp\/v2\/types\/post"}],"author":[{"embeddable":true,"href":"https:\/\/www.24baires.com\/index.php?rest_route=\/wp\/v2\/users\/4"}],"replies":[{"embeddable":true,"href":"https:\/\/www.24baires.com\/index.php?rest_route=%2Fwp%2Fv2%2Fcomments&post=5218"}],"version-history":[{"count":2,"href":"https:\/\/www.24baires.com\/index.php?rest_route=\/wp\/v2\/posts\/5218\/revisions"}],"predecessor-version":[{"id":5221,"href":"https:\/\/www.24baires.com\/index.php?rest_route=\/wp\/v2\/posts\/5218\/revisions\/5221"}],"wp:attachment":[{"href":"https:\/\/www.24baires.com\/index.php?rest_route=%2Fwp%2Fv2%2Fmedia&parent=5218"}],"wp:term":[{"taxonomy":"category","embeddable":true,"href":"https:\/\/www.24baires.com\/index.php?rest_route=%2Fwp%2Fv2%2Fcategories&post=5218"},{"taxonomy":"post_tag","embeddable":true,"href":"https:\/\/www.24baires.com\/index.php?rest_route=%2Fwp%2Fv2%2Ftags&post=5218"}],"curies":[{"name":"wp","href":"https:\/\/api.w.org\/{rel}","templated":true}]}}