{"id":52136,"date":"2014-08-20T15:00:07","date_gmt":"2014-08-20T18:00:07","guid":{"rendered":"http:\/\/www.24baires.com\/?p=52136"},"modified":"2014-08-20T14:54:22","modified_gmt":"2014-08-20T17:54:22","slug":"las-copycat-de-carrio","status":"publish","type":"post","link":"https:\/\/www.24baires.com\/?p=52136","title":{"rendered":"Las copycat de Carri\u00f3"},"content":{"rendered":"<p><img data-recalc-dims=\"1\" loading=\"lazy\" decoding=\"async\" class=\"aligncenter size-full wp-image-2388\" src=\"https:\/\/i0.wp.com\/www.24baires.com\/wp-content\/uploads\/2012\/10\/carrio.jpg?resize=560%2C248\" alt=\"carrio\" width=\"560\" height=\"248\" srcset=\"https:\/\/i0.wp.com\/www.24baires.com\/wp-content\/uploads\/2012\/10\/carrio.jpg?w=560&amp;ssl=1 560w, https:\/\/i0.wp.com\/www.24baires.com\/wp-content\/uploads\/2012\/10\/carrio.jpg?resize=300%2C132&amp;ssl=1 300w\" sizes=\"auto, (max-width: 560px) 100vw, 560px\" \/>Cuando pensamos en el delirio o la insan\u00eda en la pol\u00edtica, -si es que nos proponemos tan nociva tarea-, de seguro el primer nombre propio que se nos cruza por la mente es el de Elisa Carri\u00f3, ya que ella ha hecho una descomunal tarea para que as\u00ed sea. <!--more--><\/p>\n<p>Ha reforzado con incoherencias magistrales sus argumentos de los \u00faltimos diez a\u00f1os para destacar en la arena pol\u00edtica argentina como un sinsentido, como una m\u00e1quina expendedora de desvar\u00edos mesi\u00e1nicos, un chiste viejo que, de lo repetido, ya no hace ni sonre\u00edr. Y ah\u00ed est\u00e1, escupiendo necedades, como esas ancianas extraviadas que se encerraban en altillos en el medioevo.<br \/>\nPero parece que Carri\u00f3 tiene lo que la polic\u00eda de investigaci\u00f3n criminal denomina como \u2018copycat\u2019, un t\u00e9rmino ingl\u00e9s que se refiere a la tendencia de algunas personas a copiar las conductas y acciones de otras. Seguramente lo han o\u00eddo en las pel\u00edculas donde se\u00f1alan con esa palabra a asesinos seriales que imitan a otros asesinos para que, usualmente, se culpe de sus cr\u00edmenes al homicida original. Podr\u00eda traducirse para nuestros fines como \u2018imitador\u2019.<br \/>\nY resulta que Carri\u00f3 tiene copycats. Para argentinizarlo, podr\u00edamos hablar de \u2018las Salieris de Carri\u00f3\u2019. \u00bfQui\u00e9n imaginar\u00eda que ese modus operandi de Lilita, que est\u00e1 ya tan lejano a convencer a alguien podr\u00eda querer ser copiado? Bueno, tenemos pruebas contundentes de que en la pol\u00edtica de nuestro pa\u00eds hay gente imitando el discurso perturbador e inconexo de la fundadora y destructora de la Coalici\u00f3n C\u00edvica.<br \/>\n\u201cDificil! Que acepten el cambio de jurisdicci\u00f3n, o sea, que juzgue Oyarbide, pague Boudou con billetes de Vandenbroele. Control Gils Carbo\u201d, escribi\u00f3 Margarita Stolbizer en su cuenta de Twitter. M\u00e1s all\u00e1 de la horrenda redacci\u00f3n, hay varios componentes psic\u00f3ticos en estos casi 140 caracteres. Parece algo escrito por Carri\u00f3, \u00bfa que no? S\u00ed. Plantear que Argentina pagar\u00e1 sus compromisos econ\u00f3micos con los tenedores de deuda, como viene haciendo hasta ahora, con \u201cbilletes de Vandenbroele\u201d, intentando sugerir alguna especie de impresi\u00f3n fraudulenta de moneda para pagar esas deudas\u2026 Sumarle lo de Oyarbide y Gils Carb\u00f3, bueno, como poco no es nada serio.<br \/>\nUna cosa es la iron\u00eda o el sarcasmo y otra muy distinta es el disparate. Si no les sale la iron\u00eda, no la intenten, y menos en Twitter, que permite poco espacio para explayarse en explicaciones. Mejor, aun, si no saben usar esa red social, no lo hagan y punto. Carri\u00f3, que sabe usarla, podr\u00eda ense\u00f1arle algunos consejos pr\u00e1cticos para que el rid\u00edculo sea la intenci\u00f3n del mensaje y no el resultado no buscado.<br \/>\nOtra que gusta de expresarse a lo Carri\u00f3 es Patricia Bullrich. La jugadora multi equipos no duda en opinar sobre todo, aunque nadie sepa de qu\u00e9 est\u00e1 hablando. De hecho ayer, mientras la Presidenta informaba en cadena nacional del env\u00edo al Parlamento de un proyecto de ley para cambiar el lugar de pago a los bonistas y trasladarlo a la Argentina, -cosa clave en esta batalla contra los Fondos Buitres-, la ex Ministra de Trabajo de la Alianza, escribi\u00f3: \u201cUna Ley Antiterrorista como esta fue aplicada en la Chile de Pinochet contra la comunidad Mapuche\u201d. M\u00e1s all\u00e1 del poco timming de la ahora macrista Bullrich, no se sabe muy bien de qu\u00e9 estaba hablando\u2026 Un rato despu\u00e9s, agreg\u00f3 \u201cEl Gobierno tiene que terminar de emitir\u201d. Ah\u00e1. \u00bfDe emitir? De emitir, \u00bfqu\u00e9? \u00bfMoneda? \u00bfLa habr\u00e1 le\u00eddo a Stolbizer con lo de Vanderbroele? \u00bfHabr\u00e1 querido poner \u2018mentir\u2019 como una generalidad para se\u00f1alar su disconformidad con el cambio de locaci\u00f3n de pago? Misterio.<br \/>\nSepamos algo, hay imitadores aficionados, por ah\u00ed. Hay \u00e9mulos de bajo presupuesto y hay grandes artistas de imitaci\u00f3n. Yo me inclino por ubicar a las copycats de Carri\u00f3 entre estos \u00faltimos. Es s\u00ed, que los nuevos muertos de estas dos legisladoras no le caigan a Lilita, la original, que ella va sola, como Legisamo, dejando su propio tendal.<\/p>\n<p>&nbsp;<\/p>\n<p>&nbsp;<\/p>\n<p>&nbsp;<\/p>\n<p>&nbsp;<\/p>\n<p>&nbsp;<\/p>\n<p>&nbsp;<\/p>\n<p>&nbsp;<\/p>\n<p>&nbsp;<\/p>\n<p>&nbsp;<\/p>\n","protected":false},"excerpt":{"rendered":"<p>Cuando pensamos en el delirio o la insan\u00eda en la pol\u00edtica, -si es que nos proponemos tan nociva tarea-, de seguro el primer nombre propio que se nos cruza por la mente es el de Elisa Carri\u00f3, ya que ella ha hecho una descomunal tarea para que as\u00ed sea.<\/p>\n","protected":false},"author":8,"featured_media":0,"comment_status":"open","ping_status":"open","sticky":false,"template":"","format":"standard","meta":{"_jetpack_newsletter_access":"","_jetpack_dont_email_post_to_subs":false,"_jetpack_newsletter_tier_id":0,"_jetpack_memberships_contains_paywalled_content":false,"_jetpack_memberships_contains_paid_content":false,"footnotes":""},"categories":[64],"tags":[],"class_list":["post-52136","post","type-post","status-publish","format-standard","hentry","category-opinion"],"jetpack_featured_media_url":"","jetpack_shortlink":"https:\/\/wp.me\/p2JWE0-dyU","jetpack-related-posts":[{"id":112755,"url":"https:\/\/www.24baires.com\/?p=112755","url_meta":{"origin":52136,"position":0},"title":"Carri\u00f3 anunci\u00f3 su retiro de la pol\u00edtica","author":"AF","date":"28\/10\/2019","format":false,"excerpt":"Elisa Carri\u00f3 asisti\u00f3 al encuentro de la Mesa de Acci\u00f3n Pol\u00edtica de Juntos por el Cambio posterior a la elecci\u00f3n. Ya de por s\u00ed era una conversaci\u00f3n dif\u00edcil y cargada de derrota. Pero la dirigente eligi\u00f3 ese momento para tirar una bomba y luego se retir\u00f3 temprano. \"El a\u00f1o que\u2026","rel":"","context":"En \u00abPol\u00edtica\u00bb","block_context":{"text":"Pol\u00edtica","link":"https:\/\/www.24baires.com\/?cat=51"},"img":{"alt_text":"","src":"https:\/\/i0.wp.com\/www.24baires.com\/wp-content\/uploads\/2018\/07\/carri%C3%B3.jpg?resize=350%2C200","width":350,"height":200,"srcset":"https:\/\/i0.wp.com\/www.24baires.com\/wp-content\/uploads\/2018\/07\/carri%C3%B3.jpg?resize=350%2C200 1x, https:\/\/i0.wp.com\/www.24baires.com\/wp-content\/uploads\/2018\/07\/carri%C3%B3.jpg?resize=525%2C300 1.5x"},"classes":[]},{"id":103209,"url":"https:\/\/www.24baires.com\/?p=103209","url_meta":{"origin":52136,"position":1},"title":"La UCR dispar\u00f3 contra Carri\u00f3: \u00abHoy le aporta menos a Cambiemos que las propinas que deja\u00bb","author":"AF","date":"06\/07\/2018","format":false,"excerpt":"La Uni\u00f3n C\u00edvica Radical, que comparte la Alianza Cambiemos con el PRO, emiti\u00f3 un dur\u00edsimo comunicado con la diputada Elisa Carri\u00f3. Deslizaron que la pol\u00e9mica legisladora utiliza al partido como \"proyecto personal\" y \"liderazgo mesi\u00e1nico\". La UCR le respondi\u00f3 con un comunicado a Elisa Carri\u00f3 y desde el partido, no\u2026","rel":"","context":"En \u00abPol\u00edtica\u00bb","block_context":{"text":"Pol\u00edtica","link":"https:\/\/www.24baires.com\/?cat=51"},"img":{"alt_text":"","src":"https:\/\/i0.wp.com\/www.24baires.com\/wp-content\/uploads\/2018\/07\/carri%C3%B3.jpg?resize=350%2C200","width":350,"height":200,"srcset":"https:\/\/i0.wp.com\/www.24baires.com\/wp-content\/uploads\/2018\/07\/carri%C3%B3.jpg?resize=350%2C200 1x, https:\/\/i0.wp.com\/www.24baires.com\/wp-content\/uploads\/2018\/07\/carri%C3%B3.jpg?resize=525%2C300 1.5x"},"classes":[]},{"id":105772,"url":"https:\/\/www.24baires.com\/?p=105772","url_meta":{"origin":52136,"position":2},"title":"Carri\u00f3 pide que el decreto de Bullrich sobre el uso de armas pase por el Congreso","author":"AF","date":"05\/12\/2018","format":false,"excerpt":"La socia de Macri dice que busca \"darle un marco legal\" a lo firmado por la ministra de Seguridad. Lo hizo a trav\u00e9s de un extenso escrito en sus redes sociales. La diputada nacional y socia de Mauricio Macri en Cambiemos, Elisa Carri\u00f3, propuso este mi\u00e9rcoles analizar la resoluci\u00f3n que\u2026","rel":"","context":"En \u00abPol\u00edtica\u00bb","block_context":{"text":"Pol\u00edtica","link":"https:\/\/www.24baires.com\/?cat=51"},"img":{"alt_text":"","src":"https:\/\/i0.wp.com\/www.24baires.com\/wp-content\/uploads\/2018\/07\/carri%C3%B3.jpg?resize=350%2C200","width":350,"height":200,"srcset":"https:\/\/i0.wp.com\/www.24baires.com\/wp-content\/uploads\/2018\/07\/carri%C3%B3.jpg?resize=350%2C200 1x, https:\/\/i0.wp.com\/www.24baires.com\/wp-content\/uploads\/2018\/07\/carri%C3%B3.jpg?resize=525%2C300 1.5x"},"classes":[]},{"id":108185,"url":"https:\/\/www.24baires.com\/?p=108185","url_meta":{"origin":52136,"position":3},"title":"Cambiemos al rojo vivo: cruces violentos entre Carri\u00f3 y Marcos Pe\u00f1a","author":"AF","date":"15\/05\/2019","format":false,"excerpt":"La diputada cuestion\u00f3 con dureza a Frigerio y Bullrich tras la derrota en C\u00f3rdoba. Solo reconoci\u00f3 a Rodr\u00edguez Larreta y Vidal. En Cambiemos siguieron comiendo facturas. Pases de factura. La l\u00edder de la Coalici\u00f3n C\u00edvica, Elisa Carri\u00f3, respondi\u00f3 al Gobierno por el malestar con sus cr\u00edticas tras la elecci\u00f3n de\u2026","rel":"","context":"En \u00abPol\u00edtica\u00bb","block_context":{"text":"Pol\u00edtica","link":"https:\/\/www.24baires.com\/?cat=51"},"img":{"alt_text":"","src":"https:\/\/i0.wp.com\/www.24baires.com\/wp-content\/uploads\/2019\/05\/carrio-pe%C3%B1a.jpg?resize=350%2C200","width":350,"height":200,"srcset":"https:\/\/i0.wp.com\/www.24baires.com\/wp-content\/uploads\/2019\/05\/carrio-pe%C3%B1a.jpg?resize=350%2C200 1x, https:\/\/i0.wp.com\/www.24baires.com\/wp-content\/uploads\/2019\/05\/carrio-pe%C3%B1a.jpg?resize=525%2C300 1.5x"},"classes":[]},{"id":93884,"url":"https:\/\/www.24baires.com\/?p=93884","url_meta":{"origin":52136,"position":4},"title":"Lorenzetti iniciar\u00e1 juicio contra Carri\u00f3 por \u00abda\u00f1os\u00bb","author":"AF","date":"18\/04\/2017","format":false,"excerpt":"El presidente de la Corte Suprema de Justicia Ricardo Lorenzetti le envi\u00f3 una nueva carta documento a la diputada Elisa Carri\u00f3 en la que le notific\u00f3 que le iniciar\u00e1 juicio de \"responsabilidad civil por da\u00f1os\". El presidente de la Corte Suprema de Justicia Ricardo Lorenzetti le envi\u00f3 una nueva carta\u2026","rel":"","context":"En \u00abPol\u00edtica\u00bb","block_context":{"text":"Pol\u00edtica","link":"https:\/\/www.24baires.com\/?cat=51"},"img":{"alt_text":"","src":"https:\/\/i0.wp.com\/www.24baires.com\/wp-content\/uploads\/2014\/04\/carri%C3%B3.jpg?resize=350%2C200","width":350,"height":200,"srcset":"https:\/\/i0.wp.com\/www.24baires.com\/wp-content\/uploads\/2014\/04\/carri%C3%B3.jpg?resize=350%2C200 1x, https:\/\/i0.wp.com\/www.24baires.com\/wp-content\/uploads\/2014\/04\/carri%C3%B3.jpg?resize=525%2C300 1.5x"},"classes":[]},{"id":104939,"url":"https:\/\/www.24baires.com\/?p=104939","url_meta":{"origin":52136,"position":5},"title":"\u00abLo de Carri\u00f3 fue una amenaza, es su responsabilidad\u00bb","author":"AF","date":"15\/10\/2018","format":false,"excerpt":"As\u00ed lo dijo el pol\u00e9mico diputado de Cambiemos Eduardo Amadeo en referencia al pedido de juicio pol\u00edtico realizado por la diputada Elisa Carri\u00f3 contra el ministro de Justicia, Germ\u00e1n Garavano. Adelant\u00f3 que \u00e9l no va a apoyar la medida. El pol\u00e9mico diputado de Cambiemos Eduardo Amadeo, cruz\u00f3 a su par\u2026","rel":"","context":"En \u00abPol\u00edtica\u00bb","block_context":{"text":"Pol\u00edtica","link":"https:\/\/www.24baires.com\/?cat=51"},"img":{"alt_text":"","src":"https:\/\/i0.wp.com\/www.24baires.com\/wp-content\/uploads\/2014\/04\/carri%C3%B3.jpg?resize=350%2C200","width":350,"height":200,"srcset":"https:\/\/i0.wp.com\/www.24baires.com\/wp-content\/uploads\/2014\/04\/carri%C3%B3.jpg?resize=350%2C200 1x, https:\/\/i0.wp.com\/www.24baires.com\/wp-content\/uploads\/2014\/04\/carri%C3%B3.jpg?resize=525%2C300 1.5x"},"classes":[]}],"jetpack_sharing_enabled":true,"jetpack_likes_enabled":true,"_links":{"self":[{"href":"https:\/\/www.24baires.com\/index.php?rest_route=\/wp\/v2\/posts\/52136","targetHints":{"allow":["GET"]}}],"collection":[{"href":"https:\/\/www.24baires.com\/index.php?rest_route=\/wp\/v2\/posts"}],"about":[{"href":"https:\/\/www.24baires.com\/index.php?rest_route=\/wp\/v2\/types\/post"}],"author":[{"embeddable":true,"href":"https:\/\/www.24baires.com\/index.php?rest_route=\/wp\/v2\/users\/8"}],"replies":[{"embeddable":true,"href":"https:\/\/www.24baires.com\/index.php?rest_route=%2Fwp%2Fv2%2Fcomments&post=52136"}],"version-history":[{"count":1,"href":"https:\/\/www.24baires.com\/index.php?rest_route=\/wp\/v2\/posts\/52136\/revisions"}],"predecessor-version":[{"id":52137,"href":"https:\/\/www.24baires.com\/index.php?rest_route=\/wp\/v2\/posts\/52136\/revisions\/52137"}],"wp:attachment":[{"href":"https:\/\/www.24baires.com\/index.php?rest_route=%2Fwp%2Fv2%2Fmedia&parent=52136"}],"wp:term":[{"taxonomy":"category","embeddable":true,"href":"https:\/\/www.24baires.com\/index.php?rest_route=%2Fwp%2Fv2%2Fcategories&post=52136"},{"taxonomy":"post_tag","embeddable":true,"href":"https:\/\/www.24baires.com\/index.php?rest_route=%2Fwp%2Fv2%2Ftags&post=52136"}],"curies":[{"name":"wp","href":"https:\/\/api.w.org\/{rel}","templated":true}]}}