{"id":5211,"date":"2012-11-13T10:32:45","date_gmt":"2012-11-13T13:32:45","guid":{"rendered":"http:\/\/www.24baires.com\/?p=5211"},"modified":"2012-11-13T10:32:45","modified_gmt":"2012-11-13T13:32:45","slug":"espinoza-participo-del-acto-de-asuncion-de-la-defensora-del-pueblo-de-la-matanza","status":"publish","type":"post","link":"https:\/\/www.24baires.com\/?p=5211","title":{"rendered":"Espinoza particip\u00f3 del acto de asunci\u00f3n de la Defensora del Pueblo de La Matanza"},"content":{"rendered":"<p><img data-recalc-dims=\"1\" loading=\"lazy\" decoding=\"async\" class=\"alignleft size-medium wp-image-5212\" title=\"caprino\" src=\"https:\/\/i0.wp.com\/www.24baires.com\/wp-content\/uploads\/2012\/11\/caprino.jpg?resize=300%2C199\" alt=\"\" width=\"300\" height=\"199\" srcset=\"https:\/\/i0.wp.com\/www.24baires.com\/wp-content\/uploads\/2012\/11\/caprino.jpg?resize=300%2C199&amp;ssl=1 300w, https:\/\/i0.wp.com\/www.24baires.com\/wp-content\/uploads\/2012\/11\/caprino.jpg?w=560&amp;ssl=1 560w\" sizes=\"auto, (max-width: 300px) 100vw, 300px\" \/>El intendente de La Matanza, Fernando Espinoza, particip\u00f3 este lunes de la sesi\u00f3n especial del Concejo Deliberante, que se realiz\u00f3 para tomarle juramento a Silvia Caprino como Defensora del Pueblo de La Matanza, para el que ser\u00e1 su tercer mandato consecutivo.<!--more--><\/p>\n<p>\u201cHoy es un d\u00eda de fiesta c\u00edvica, porque la asunci\u00f3n de un defensor del pueblo, es una reafirmaci\u00f3n de la Democracia. Su tarea es muy importante para todos, en ella est\u00e1n representados todos los sectores del Distrito, porque cualquier entidad, vecino y sector que tenga un inconveniente puede acercarse para buscar la soluci\u00f3n\u201d, se\u00f1al\u00f3 Fernando Espinoza, despu\u00e9s de felicitar a Silvia Caprino.<\/p>\n<p>Por su parte el titular del bloque oficialista, Ricardo Rolleri, record\u00f3 que \u201cla Defensor\u00eda del Pueblo de La Matanza fue creada, hace ocho a\u00f1os, cuando era intendente Alberto Balestrini. Fuimos el tercer Municipio de la provincia de Buenos Aires en tener esa Entidad tan importante para los ciudadanos\u201d.<\/p>\n<p>\u201cHa ido creciendo en estos a\u00f1os e instal\u00e1ndose en la sociedad como una verdadera referente de la democracia argentina. Por esto, a la hora de decidir la designaci\u00f3n del Defensor del Pueblo, hemos sido sumamente cuidadoso en la selecci\u00f3n de los postulantes, porque qui\u00e9n ocupa ese cargo debe defender a los m\u00e1s humildes\u201d, afirm\u00f3 Rolleri.<\/p>\n<p>El juramento<\/p>\n<p>Momentos despu\u00e9s, la titular del HCD, Ver\u00f3nica Magario, tom\u00f3 juramento a Caprino. En ese marco, la flamante titular de la Defensor\u00eda del Pueblo agradeci\u00f3 a todo el Cuerpo de Concejales por haber votado su designaci\u00f3n y renov\u00f3 su compromiso \u201ccon esta amplia y dif\u00edcil tarea de trabajar en la resoluci\u00f3n de los distintos problemas que se presentan en la Defensor\u00eda a diario. Y destac\u00f3 que su objetivo es seguir ayudando a los vecinos de La Matanza\u201d.<\/p>\n<p>La Defensora, tuvo un p\u00e1rrafo aparte para recordar y \u201chomenajear en vida\u201d a Alberto Balestrini, porque no s\u00f3lo confi\u00f3 en mi hace ocho a\u00f1os para que ocupara este cargo, sino que es el conductor indiscutido del Pueblo de La Matanza\u201d. Y m\u00e1s adelante en su conmemoraci\u00f3n record\u00f3 que \u00e9l siempre la dec\u00eda que \u201cm\u00e1s all\u00e1 de los partidos pol\u00edticos y de las organizaciones est\u00e1 primero La Matanza\u201d.<\/p>\n<p>Tambi\u00e9n participaron de la ceremonia los diputados nacionales Carlos Gdansky y Mar\u00eda Ester Balcedo, quienes tuvieron a su cargo el izamiento de la Bandera Nacional; el Defensor del Pueblo de la provincia de Buenos Aires, Carlos Bonicatto; el vicerrector de la Universidad Nacional de La Matanza, Ren\u00e9 Nicoletti, secretarios y subsecretarios del gabinete comunal y autoridades y representantes de distintas entidades locales, provinciales y nacionales.<\/p>\n","protected":false},"excerpt":{"rendered":"<p>El intendente de La Matanza, Fernando Espinoza, particip\u00f3 este lunes de la sesi\u00f3n especial del Concejo Deliberante, que se realiz\u00f3 para tomarle juramento a Silvia Caprino como Defensora del Pueblo de La Matanza, para el que ser\u00e1 su tercer mandato consecutivo.<\/p>\n","protected":false},"author":4,"featured_media":0,"comment_status":"open","ping_status":"open","sticky":false,"template":"","format":"standard","meta":{"_jetpack_newsletter_access":"","_jetpack_dont_email_post_to_subs":false,"_jetpack_newsletter_tier_id":0,"_jetpack_memberships_contains_paywalled_content":false,"_jetpack_memberships_contains_paid_content":false,"footnotes":""},"categories":[38],"tags":[],"class_list":["post-5211","post","type-post","status-publish","format-standard","hentry","category-locales"],"jetpack_featured_media_url":"","jetpack_shortlink":"https:\/\/wp.me\/p2JWE0-1m3","jetpack-related-posts":[{"id":121126,"url":"https:\/\/www.24baires.com\/?p=121126","url_meta":{"origin":5211,"position":0},"title":"El 80% de las industrias en La Matanza suspendieron o despidieron personal","author":"GB","date":"19\/03\/2024","format":false,"excerpt":"El alcalde de La Matanza, Fernando Espinoza, abri\u00f3 las sesiones del Deliberante local con un fuerte discurso contra Javier Milei en el que destac\u00f3 el impacto de las pol\u00edticas del libertario en el territorio. En el marco de la apertura de sesiones ordinarias del Honorable Concejo Deliberante, el intendente de\u2026","rel":"","context":"En \u00abMunicipios\u00bb","block_context":{"text":"Municipios","link":"https:\/\/www.24baires.com\/?cat=44"},"img":{"alt_text":"","src":"https:\/\/i0.wp.com\/www.24baires.com\/wp-content\/uploads\/2024\/03\/espinoza.webp?resize=350%2C200","width":350,"height":200,"srcset":"https:\/\/i0.wp.com\/www.24baires.com\/wp-content\/uploads\/2024\/03\/espinoza.webp?resize=350%2C200 1x, https:\/\/i0.wp.com\/www.24baires.com\/wp-content\/uploads\/2024\/03\/espinoza.webp?resize=525%2C300 1.5x, https:\/\/i0.wp.com\/www.24baires.com\/wp-content\/uploads\/2024\/03\/espinoza.webp?resize=700%2C400 2x"},"classes":[]},{"id":121361,"url":"https:\/\/www.24baires.com\/?p=121361","url_meta":{"origin":5211,"position":1},"title":"Fernando Espinoza, fue procesado por abuso sexual","author":"GB","date":"21\/05\/2024","format":false,"excerpt":"El dirigente peronista y alcalde de La Matanza, Fernando Espinoza, fue procesado por la justicia por el supuesto abuso sexual de una de sus secretarias. Recibi\u00f3 un embargo por m\u00e1s de $1 mill\u00f3n, pero sigue en libertad. El intendente de La Matanza, Fernando Espinoza, fue procesado por la justicia por\u2026","rel":"","context":"En \u00abJUDICIALES\u00bb","block_context":{"text":"JUDICIALES","link":"https:\/\/www.24baires.com\/?cat=68"},"img":{"alt_text":"","src":"https:\/\/i0.wp.com\/www.24baires.com\/wp-content\/uploads\/2024\/05\/fernando-espinoza.webp?resize=350%2C200","width":350,"height":200,"srcset":"https:\/\/i0.wp.com\/www.24baires.com\/wp-content\/uploads\/2024\/05\/fernando-espinoza.webp?resize=350%2C200 1x, https:\/\/i0.wp.com\/www.24baires.com\/wp-content\/uploads\/2024\/05\/fernando-espinoza.webp?resize=525%2C300 1.5x, https:\/\/i0.wp.com\/www.24baires.com\/wp-content\/uploads\/2024\/05\/fernando-espinoza.webp?resize=700%2C400 2x"},"classes":[]},{"id":115451,"url":"https:\/\/www.24baires.com\/?p=115451","url_meta":{"origin":5211,"position":2},"title":"La Matanza: personal de salud y de emergencia abocados a la pandemia cobrar\u00e1n un bono","author":"AF","date":"24\/06\/2020","format":false,"excerpt":"Se comenzar\u00e1 a pagar en La Matanza junto al salario de junio en tres cuotas de $4.000. El intendente de La Matanza, Fernando Espinoza, firm\u00f3 un decreto que dispone un ingreso adicional de 12.000 pesos para el personal de salud y de todos los servicios de emergencia municipales que est\u00e1n\u2026","rel":"","context":"En \u00abLocales\u00bb","block_context":{"text":"Locales","link":"https:\/\/www.24baires.com\/?cat=38"},"img":{"alt_text":"","src":"https:\/\/i0.wp.com\/www.24baires.com\/wp-content\/uploads\/2020\/06\/la-matanza.jpg?resize=350%2C200","width":350,"height":200,"srcset":"https:\/\/i0.wp.com\/www.24baires.com\/wp-content\/uploads\/2020\/06\/la-matanza.jpg?resize=350%2C200 1x, https:\/\/i0.wp.com\/www.24baires.com\/wp-content\/uploads\/2020\/06\/la-matanza.jpg?resize=525%2C300 1.5x"},"classes":[]},{"id":7014,"url":"https:\/\/www.24baires.com\/?p=7014","url_meta":{"origin":5211,"position":3},"title":"Fernando Lugo visit\u00f3 el partido de La Matanza","author":"AF","date":"27\/11\/2012","format":false,"excerpt":"El intendente de La Matanza, Fernando Espinoza, recibi\u00f3 en su despacho del Palacio Comunal a Fernando Lugo, el presidente constitucional de la rep\u00fablica de Paraguay, destituido hace cinco meses en lo que fue denominado como un golpe institucional. Lugo, que visit\u00f3 el Distrito junto al candidato a presidente por el\u2026","rel":"","context":"En \u00abPol\u00edtica\u00bb","block_context":{"text":"Pol\u00edtica","link":"https:\/\/www.24baires.com\/?cat=51"},"img":{"alt_text":"","src":"https:\/\/i0.wp.com\/www.24baires.com\/wp-content\/uploads\/2012\/11\/lugo-fernando.jpg?resize=350%2C200","width":350,"height":200,"srcset":"https:\/\/i0.wp.com\/www.24baires.com\/wp-content\/uploads\/2012\/11\/lugo-fernando.jpg?resize=350%2C200 1x, https:\/\/i0.wp.com\/www.24baires.com\/wp-content\/uploads\/2012\/11\/lugo-fernando.jpg?resize=525%2C300 1.5x"},"classes":[]},{"id":3721,"url":"https:\/\/www.24baires.com\/?p=3721","url_meta":{"origin":5211,"position":4},"title":"Los Pericos cerraron el Festival de Reggae en La Matanza ante 15 mil espectadores","author":"AF","date":"29\/10\/2012","format":false,"excerpt":"Con un show gratuito y ante m\u00e1s de 15 mil personas, el grupo musical Los Pericos dio cierre al Festival de Reggae organizado por la Intendencia Fernando Espinoza, en el marco del Programa Nacional Igualdad Cultural. La presentaci\u00f3n de esta banda emblem\u00e1tica del Reggae en la Argentina fue transmitida en\u2026","rel":"","context":"En \u00abLocales\u00bb","block_context":{"text":"Locales","link":"https:\/\/www.24baires.com\/?cat=38"},"img":{"alt_text":"","src":"https:\/\/i0.wp.com\/www.24baires.com\/wp-content\/uploads\/2012\/10\/pericos-la-matanza-300x196.jpg?resize=350%2C200","width":350,"height":200},"classes":[]},{"id":108582,"url":"https:\/\/www.24baires.com\/?p=108582","url_meta":{"origin":5211,"position":5},"title":"Fernando Espinoza confirm\u00f3 que ser\u00e1 candidato a intendente de La Matanza","author":"GB","date":"05\/06\/2019","format":false,"excerpt":"El diputado nacional anuncio que volver\u00e1 a competir por la intendencia en su distrito. Pese a una de las opciones era continuar en el Congreso, en el Plenario de la Militancia de La Matanza los representantes de su espacio le pidieron que vaya por el municipio en las pr\u00f3ximas elecciones.\u2026","rel":"","context":"En \u00abMunicipios\u00bb","block_context":{"text":"Municipios","link":"https:\/\/www.24baires.com\/?cat=44"},"img":{"alt_text":"","src":"https:\/\/i0.wp.com\/www.24baires.com\/wp-content\/uploads\/2013\/10\/espinoza.jpg?resize=350%2C200","width":350,"height":200,"srcset":"https:\/\/i0.wp.com\/www.24baires.com\/wp-content\/uploads\/2013\/10\/espinoza.jpg?resize=350%2C200 1x, https:\/\/i0.wp.com\/www.24baires.com\/wp-content\/uploads\/2013\/10\/espinoza.jpg?resize=525%2C300 1.5x"},"classes":[]}],"jetpack_sharing_enabled":true,"jetpack_likes_enabled":true,"_links":{"self":[{"href":"https:\/\/www.24baires.com\/index.php?rest_route=\/wp\/v2\/posts\/5211","targetHints":{"allow":["GET"]}}],"collection":[{"href":"https:\/\/www.24baires.com\/index.php?rest_route=\/wp\/v2\/posts"}],"about":[{"href":"https:\/\/www.24baires.com\/index.php?rest_route=\/wp\/v2\/types\/post"}],"author":[{"embeddable":true,"href":"https:\/\/www.24baires.com\/index.php?rest_route=\/wp\/v2\/users\/4"}],"replies":[{"embeddable":true,"href":"https:\/\/www.24baires.com\/index.php?rest_route=%2Fwp%2Fv2%2Fcomments&post=5211"}],"version-history":[{"count":1,"href":"https:\/\/www.24baires.com\/index.php?rest_route=\/wp\/v2\/posts\/5211\/revisions"}],"predecessor-version":[{"id":5213,"href":"https:\/\/www.24baires.com\/index.php?rest_route=\/wp\/v2\/posts\/5211\/revisions\/5213"}],"wp:attachment":[{"href":"https:\/\/www.24baires.com\/index.php?rest_route=%2Fwp%2Fv2%2Fmedia&parent=5211"}],"wp:term":[{"taxonomy":"category","embeddable":true,"href":"https:\/\/www.24baires.com\/index.php?rest_route=%2Fwp%2Fv2%2Fcategories&post=5211"},{"taxonomy":"post_tag","embeddable":true,"href":"https:\/\/www.24baires.com\/index.php?rest_route=%2Fwp%2Fv2%2Ftags&post=5211"}],"curies":[{"name":"wp","href":"https:\/\/api.w.org\/{rel}","templated":true}]}}