{"id":5209,"date":"2012-11-13T10:22:33","date_gmt":"2012-11-13T13:22:33","guid":{"rendered":"http:\/\/www.24baires.com\/?p=5209"},"modified":"2012-11-13T10:22:33","modified_gmt":"2012-11-13T13:22:33","slug":"desde-el-senado-reclaman-por-el-estado-deplorable-de-las-rutas","status":"publish","type":"post","link":"https:\/\/www.24baires.com\/?p=5209","title":{"rendered":"Desde el Senado reclaman por el estado deplorable de las rutas"},"content":{"rendered":"<p>La C\u00e1mara Alta provincial aprob\u00f3 dos reclamos del senador Orlando Costa (UCR), para que el Ejecutivo bonaerense realice trabajos de reparaci\u00f3n, bacheo, demarcaci\u00f3n y se\u00f1alizaci\u00f3n de varias rutas bonaerenses.<!--more--><\/p>\n<p>El senador bragadense reiter\u00f3 su reclamo por las rutas provinciales N\u00ba 46, entre Jun\u00edn y Saladillo; N\u00ba 61, entre Saladillo y Las Flores; N\u00ba 30, entre Las Flores y Rauch; N\u00ba 50, entre Rauch y Ayacucho; y N\u00ba 74, entre Ayacucho y Las Armas.<\/p>\n<p>La iniciativa aprobada por unanimidad se fundamenta en el marcado deterioro de las citadas rutas provinciales, que coincide en verano con el incremento del tr\u00e1nsito vehicular hacia la costa atl\u00e1ntica desde distintas procedencias de la Provincia de Buenos Aires, as\u00ed como tambi\u00e9n de otras localidades del interior nacional; con el objetivo de vacacionar en las costas bonaerenses.<\/p>\n<p>En este sentido se\u00f1al\u00f3 Costa que \u201clos enormes baches que se encuentran en algunos lugares y el mal estado en general de las rutas constituyen riesgos para el tr\u00e1nsito y las personas que se trasladan en distintos medios debiendo esquivar estos obst\u00e1culos a velocidad\u201d. \u201cAsimismo la falta de pintura demarcatoria y se\u00f1alizaci\u00f3n en muchos tramos, se suman a una situaci\u00f3n contradictoria con las campa\u00f1as preventivas que lleva adelante la Agencia Nacional de Seguridad Vial\u201d, agreg\u00f3.<\/p>\n<p>Adem\u00e1s el legislador radical enfatiz\u00f3 que esta petici\u00f3n puntual puede repetirse para muchas otras rutas provinciales que \u201cmuestran un gran deterioro y requieren una urgente intervenci\u00f3n con trabajos de mantenimiento, bacheo, reparaciones y repavimentaciones\u201d.<\/p>\n<p>\u201cEs necesaria la implementaci\u00f3n de pol\u00edticas p\u00fablicas e inversiones para resolver un viejo problema en la provincia m\u00e1s importante del pa\u00eds en cuanto a movimiento econ\u00f3mico, pero que carece de la infraestructura para una log\u00edstica adecuada del transporte, generando riesgos y accidentes viales, a la vez que le quita competitividad a los sectores productivos\u201d, concluy\u00f3 Costa.<\/p>\n","protected":false},"excerpt":{"rendered":"<p>La C\u00e1mara Alta provincial aprob\u00f3 dos reclamos del senador Orlando Costa (UCR), para que el Ejecutivo bonaerense realice trabajos de reparaci\u00f3n, bacheo, demarcaci\u00f3n y se\u00f1alizaci\u00f3n de varias rutas bonaerenses.<\/p>\n","protected":false},"author":4,"featured_media":0,"comment_status":"open","ping_status":"open","sticky":false,"template":"","format":"standard","meta":{"_jetpack_newsletter_access":"","_jetpack_dont_email_post_to_subs":false,"_jetpack_newsletter_tier_id":0,"_jetpack_memberships_contains_paywalled_content":false,"_jetpack_memberships_contains_paid_content":false,"footnotes":""},"categories":[1],"tags":[],"class_list":["post-5209","post","type-post","status-publish","format-standard","hentry","category-sociedad"],"jetpack_featured_media_url":"","jetpack_shortlink":"https:\/\/wp.me\/p2JWE0-1m1","jetpack-related-posts":[{"id":43781,"url":"https:\/\/www.24baires.com\/?p=43781","url_meta":{"origin":5209,"position":0},"title":"Licitaron nuevas obras viales para seis municipios bonaerenses","author":"GB","date":"13\/04\/2014","format":false,"excerpt":"AYACUCHO-Con una inversi\u00f3n de m\u00e1s de 28 millones de pesos el Gobierno provincial, a trav\u00e9s de la Direcci\u00f3n de Vialidad \u2013dependiente de Infraestructura-, licit\u00f3 ayer, en Ayacucho, la obra \u201cRehabilitaci\u00f3n y conservaci\u00f3n de capas de rodamiento para las rutas provinciales 57, 74, 41 y 29\u201d para los partidos de Pila,\u2026","rel":"","context":"En \u00abMunicipios\u00bb","block_context":{"text":"Municipios","link":"https:\/\/www.24baires.com\/?cat=44"},"img":{"alt_text":"muni ayacucho","src":"https:\/\/i0.wp.com\/www.24baires.com\/wp-content\/uploads\/2014\/04\/muni-ayacucho.jpg?resize=350%2C200","width":350,"height":200,"srcset":"https:\/\/i0.wp.com\/www.24baires.com\/wp-content\/uploads\/2014\/04\/muni-ayacucho.jpg?resize=350%2C200 1x, https:\/\/i0.wp.com\/www.24baires.com\/wp-content\/uploads\/2014\/04\/muni-ayacucho.jpg?resize=525%2C300 1.5x"},"classes":[]},{"id":48070,"url":"https:\/\/www.24baires.com\/?p=48070","url_meta":{"origin":5209,"position":1},"title":"Licitaron obras viales para la Ruta provincial 55","author":"AF","date":"15\/06\/2014","format":false,"excerpt":"Con una inversi\u00f3n de m\u00e1s de 34 millones de pesos el Gobierno provincial, a trav\u00e9s de la Direcci\u00f3n de Vialidad \u2013dependiente de Infraestructura-, licit\u00f3 obras viales para intervenir rutas provinciales que atraviesan seis municipios bonaerenses, entre ellos el Partido de Mar Chiquita, en el marco de la obra \u201cRehabilitaci\u00f3n y\u2026","rel":"","context":"En \u00abLocales\u00bb","block_context":{"text":"Locales","link":"https:\/\/www.24baires.com\/?cat=38"},"img":{"alt_text":"ruta","src":"https:\/\/i0.wp.com\/www.24baires.com\/wp-content\/uploads\/2013\/12\/ruta.jpg?resize=350%2C200","width":350,"height":200,"srcset":"https:\/\/i0.wp.com\/www.24baires.com\/wp-content\/uploads\/2013\/12\/ruta.jpg?resize=350%2C200 1x, https:\/\/i0.wp.com\/www.24baires.com\/wp-content\/uploads\/2013\/12\/ruta.jpg?resize=525%2C300 1.5x"},"classes":[]},{"id":47259,"url":"https:\/\/www.24baires.com\/?p=47259","url_meta":{"origin":5209,"position":2},"title":"Licitaron obras para las Rutas Provinciales 30, 51, 76 y 80","author":"AF","date":"03\/06\/2014","format":false,"excerpt":"Con un presupuesto oficial de casi 100 millones de pesos, el ministerio de Infraestructura bonaerense licit\u00f3 este lunes obras viales de rehabilitaci\u00f3n y mejoramiento para las rutas provinciales que atraviesan los partidos de Olavarr\u00eda, Gral. La Madrid, Azul, Rauch, Tapalqu\u00e9, Saladillo, Laprida y Gral. Alvear. En tanto, el titular de\u2026","rel":"","context":"En \u00abLocales\u00bb","block_context":{"text":"Locales","link":"https:\/\/www.24baires.com\/?cat=38"},"img":{"alt_text":"ruta partida","src":"https:\/\/i0.wp.com\/www.24baires.com\/wp-content\/uploads\/2012\/11\/ruta-50.jpg?resize=350%2C200","width":350,"height":200,"srcset":"https:\/\/i0.wp.com\/www.24baires.com\/wp-content\/uploads\/2012\/11\/ruta-50.jpg?resize=350%2C200 1x, https:\/\/i0.wp.com\/www.24baires.com\/wp-content\/uploads\/2012\/11\/ruta-50.jpg?resize=525%2C300 1.5x"},"classes":[]},{"id":60285,"url":"https:\/\/www.24baires.com\/?p=60285","url_meta":{"origin":5209,"position":3},"title":"Alerta por tormentas en la provincia","author":"Grupo Sierra","date":"18\/01\/2015","format":false,"excerpt":"El Servicio Meteorol\u00f3gico Nacional actualiz\u00f3 el aviso a muy corto plazo por \u201ctormentas severas, lluvias intensas con r\u00e1fagas y ca\u00edda de granizo\u201d . El parte emitido indica que las zonas m\u00e1s afectadas por las lluvias fuertes ser\u00e1n\u00a0los partidos 25 de Mayo, 9 de Julio, Alberti, Arrecifes, Ayacucho, Azul, Baradero, Bol\u00edvar,\u2026","rel":"","context":"En \u00abLocales\u00bb","block_context":{"text":"Locales","link":"https:\/\/www.24baires.com\/?cat=38"},"img":{"alt_text":"","src":"","width":0,"height":0},"classes":[]},{"id":46010,"url":"https:\/\/www.24baires.com\/?p=46010","url_meta":{"origin":5209,"position":4},"title":"El ministro Arl\u00eda se reuni\u00f3 con el intendente de Rauch por obras viales","author":"GB","date":"14\/05\/2014","format":false,"excerpt":"El ministro de Infraestructura bonaerense, Alejandro Arl\u00eda, recibi\u00f3 este mi\u00e9rcoles junto a parte de su gabinete al intendente de Rauch, Jorge Mario Ram\u00f3n Ugarte, con el objetivo de llevar adelante un repaso integral a las obras en ejecuci\u00f3n y las previstas en el presupuesto vigente. Seg\u00fan se inform\u00f3 desde esa\u2026","rel":"","context":"En \u00abMunicipios\u00bb","block_context":{"text":"Municipios","link":"https:\/\/www.24baires.com\/?cat=44"},"img":{"alt_text":"arlia y ugarte","src":"https:\/\/i0.wp.com\/www.24baires.com\/wp-content\/uploads\/2014\/05\/arlia-y-ugarte.png?resize=350%2C200","width":350,"height":200},"classes":[]},{"id":115678,"url":"https:\/\/www.24baires.com\/?p=115678","url_meta":{"origin":5209,"position":5},"title":"Comienza una nueva etapa de la cuarentena para los bonaerenses","author":"GB","date":"20\/07\/2020","format":false,"excerpt":"Del total de los 135 municipios que tiene la provincia, 59 est\u00e1n en la fase 5 del aislamiento, con la mayor\u00eda de sus actividades habilitadas, mientras que las 38 ciudades que integran el AMBA y se encuentran en la fase 3 inician hoy una flexibilizaci\u00f3n escalonada. Un total de 59\u2026","rel":"","context":"En \u00abProvincia\u00bb","block_context":{"text":"Provincia","link":"https:\/\/www.24baires.com\/?cat=40"},"img":{"alt_text":"","src":"https:\/\/i0.wp.com\/www.24baires.com\/wp-content\/uploads\/2020\/05\/cuarentena.jpeg?resize=350%2C200","width":350,"height":200,"srcset":"https:\/\/i0.wp.com\/www.24baires.com\/wp-content\/uploads\/2020\/05\/cuarentena.jpeg?resize=350%2C200 1x, https:\/\/i0.wp.com\/www.24baires.com\/wp-content\/uploads\/2020\/05\/cuarentena.jpeg?resize=525%2C300 1.5x"},"classes":[]}],"jetpack_sharing_enabled":true,"jetpack_likes_enabled":true,"_links":{"self":[{"href":"https:\/\/www.24baires.com\/index.php?rest_route=\/wp\/v2\/posts\/5209","targetHints":{"allow":["GET"]}}],"collection":[{"href":"https:\/\/www.24baires.com\/index.php?rest_route=\/wp\/v2\/posts"}],"about":[{"href":"https:\/\/www.24baires.com\/index.php?rest_route=\/wp\/v2\/types\/post"}],"author":[{"embeddable":true,"href":"https:\/\/www.24baires.com\/index.php?rest_route=\/wp\/v2\/users\/4"}],"replies":[{"embeddable":true,"href":"https:\/\/www.24baires.com\/index.php?rest_route=%2Fwp%2Fv2%2Fcomments&post=5209"}],"version-history":[{"count":1,"href":"https:\/\/www.24baires.com\/index.php?rest_route=\/wp\/v2\/posts\/5209\/revisions"}],"predecessor-version":[{"id":5210,"href":"https:\/\/www.24baires.com\/index.php?rest_route=\/wp\/v2\/posts\/5209\/revisions\/5210"}],"wp:attachment":[{"href":"https:\/\/www.24baires.com\/index.php?rest_route=%2Fwp%2Fv2%2Fmedia&parent=5209"}],"wp:term":[{"taxonomy":"category","embeddable":true,"href":"https:\/\/www.24baires.com\/index.php?rest_route=%2Fwp%2Fv2%2Fcategories&post=5209"},{"taxonomy":"post_tag","embeddable":true,"href":"https:\/\/www.24baires.com\/index.php?rest_route=%2Fwp%2Fv2%2Ftags&post=5209"}],"curies":[{"name":"wp","href":"https:\/\/api.w.org\/{rel}","templated":true}]}}