{"id":5189,"date":"2012-11-12T21:44:28","date_gmt":"2012-11-13T00:44:28","guid":{"rendered":"http:\/\/www.24baires.com\/?p=5189"},"modified":"2012-11-12T21:44:28","modified_gmt":"2012-11-13T00:44:28","slug":"toda-la-pasion-del-speedway-se-vivio-en-bahia-blanca-este-fin-de-semana","status":"publish","type":"post","link":"https:\/\/www.24baires.com\/?p=5189","title":{"rendered":"Toda la pasi\u00f3n del Speedway se vivi\u00f3 en Bah\u00eda Blanca este fin de semana"},"content":{"rendered":"<p><img data-recalc-dims=\"1\" loading=\"lazy\" decoding=\"async\" class=\"aligncenter size-full wp-image-5194\" title=\"speedway\" src=\"https:\/\/i0.wp.com\/www.24baires.com\/wp-content\/uploads\/2012\/11\/speedway.jpg?resize=560%2C318\" alt=\"\" width=\"560\" height=\"318\" srcset=\"https:\/\/i0.wp.com\/www.24baires.com\/wp-content\/uploads\/2012\/11\/speedway.jpg?w=560&amp;ssl=1 560w, https:\/\/i0.wp.com\/www.24baires.com\/wp-content\/uploads\/2012\/11\/speedway.jpg?resize=300%2C170&amp;ssl=1 300w\" sizes=\"auto, (max-width: 560px) 100vw, 560px\" \/><\/p>\n<p>El campe\u00f3n Michael Jepsen Jensen redonde\u00f3 un a\u00f1o que jam\u00e1s olvidar\u00e1. Y que ser\u00e1 dif\u00edcil de equiparar. El espect\u00e1culo se brind\u00f3 este fin de semana en el circuito de Aldea Romana, cercano a Bah\u00eda Blanca.\u00a0<!--more--><br \/>\nSu 2012 incluye la victoria en el Grand Prix N\u00f3rdico de Speedway al que acudi\u00f3 en condici\u00f3n de invitado, el t\u00edtulo mundial por equipos logrado junto al representativo dan\u00e9s y, desde la antev\u00edspera, el dominio absoluto entre todos los menores de 21 del planeta.<br \/>\nC\u00f3mo no iba a apartarse por un momento de la conducta ultra profesional que mostr\u00f3 durante toda su estad\u00eda en Bah\u00eda Blanca para darle lugar a un desenvolvimiento acorde a sus escasos 20 a\u00f1os.<br \/>\nLiglad se consagr\u00f3 con el segundo puesto en la vig\u00e9sima y \u00faltima serie ganada por su compinche Mikkel Bech Jensen &#8211;tercero en la jornada y en el campeonato&#8211; y se relaj\u00f3 al punto de mostrarse tal cual es. Chicane\u00f3 en el podio, persigui\u00f3 a su mec\u00e1nico para ba\u00f1arlo en sidra y se prendi\u00f3 a las saludables travesuras que encabezaron sus connacionales en plena recta principal.<br \/>\n\u00abEstaba pensando en esto desde el inicio de la temporada. Tuve algunas lesiones y eso hizo que el a\u00f1o sea muy exigente. Al final un hubo s\u00f3lo punto de diferencia con respecto a Maciej (Janowski), lo cual hizo que el t\u00edtulo se disfrute un poco m\u00e1s\u00bb, admiti\u00f3 el nacido en Esbjerg, el 18 de febrero de 1992.<br \/>\n\u00abLa pista estaba un poco diferente en comparaci\u00f3n a la fecha pasada, pero no quise cambiar demasiado la configuraci\u00f3n de la moto\u00bb, agreg\u00f3 Jepsen Jensen, quien en 2009 fue compa\u00f1ero de equipo de Lisandro Husman en el club Vojens de la segunda divisi\u00f3n danesa.<\/p>\n<p>El otro campe\u00f3n. \u00abDi lo mejor de m\u00ed pero no fue suficiente. Mis felicitaciones para Michael porque esta temporada fue muy veloz\u00bb.<br \/>\nMaciej Janowski tuvo que desprenderse del cintur\u00f3n de campe\u00f3n. A\u00fan as\u00ed, jam\u00e1s perdi\u00f3 la sonrisa. Algunos motivos tuvo: cosech\u00f3 todos los puntos de la s\u00e9ptima fecha, result\u00f3 indiscutible ganador de la misma, y qued\u00f3 a s\u00f3lo una unidad de Liglad.<br \/>\nMagic no dej\u00f3 dudas en cuanto a su innata capacidad de lucha y firme personalidad en las dif\u00edciles. De hecho, se plant\u00f3 con fiereza ante la legi\u00f3n danesa y ofreci\u00f3 dura resistencia pese a que sus pares polacos (los Pawlicki, Dudek, Musielak y Zmarzlik), por diferentes motivos, se quedaron en Europa.<br \/>\n\u00abFue una buena carrera, muy dura. Al ser el \u00fanico polaco fue muy dif\u00edcil pelear contra cinco daneses, por eso estoy muy feliz de haber ganando y de s\u00f3lo haber dejado en el camino dos puntos en dos carreras\u00bb, evalu\u00f3.<br \/>\nJanowski logr\u00f3 un gran feeling con el p\u00fablico, al punto de lanzar sus guantes hacia la tribuna.<br \/>\n\u00abMe voy contento de haber podido correr ac\u00e1, ante un p\u00fablico excelente y en un circuito muy agradable. Espero alg\u00fan d\u00eda poder volver\u00bb, concluy\u00f3.<\/p>\n<p>Casi un calco. La producci\u00f3n argentina result\u00f3 muy similar a la de la sexta jornada.<br \/>\nA Facundo Alb\u00edn le falt\u00f3 poco para equiparar la l\u00ednea de algunos for\u00e1neos, Facundo Cuello contin\u00fao sorprendiendo y confirm\u00f3 &#8211;a los 16 a\u00f1os&#8211; ser un enorme proyecto, mientras que Fernando Garc\u00eda, Sebasti\u00e1n Clemente y Alejandro Iglesias sumaron roce de primer nivel pensando en lo que vendr\u00e1.<\/p>\n<p><strong>Alejandro Ruiz dio el zarpazo<\/strong><br \/>\nSe mantuvo agazapado y aprovech\u00f3 su oportunidad. Alejandro Ruiz se adjudic\u00f3 la Copa Ciudad de Bah\u00eda Blanca luego de prevalecer en la final ante Maximiliano Westdorp y Santiago Mart\u00ednez.<br \/>\nEl Gatito aprovech\u00f3 que Lisandro Husman qued\u00f3 dolorido en su pierna izquierda y no volvi\u00f3 a correr luego de un m\u00faltiple accidente del que tambi\u00e9n participaron Julio Romano, Daniel Keegan y Jonatan Iturre.<\/p>\n<p><strong>\u00abTodo sali\u00f3 muy bien\u00bb<\/strong><br \/>\nCuando hace unos a\u00f1os se coment\u00f3 la posibilidad de que un campeonato del mundo recale en Bah\u00eda Blanca, no pareci\u00f3 cierto. Tampoco parece cierto que ya haya transcurrido.<br \/>\nUn aprobado con menci\u00f3n se llev\u00f3 la Federaci\u00f3n Bonaerense de Motociclismo (Febom) en cuanto a la organizaci\u00f3n deportiva del evento, id\u00e9ntica calificaci\u00f3n que el Club Midgistas del Sur en cuanto a la \u00f3ptima presentaci\u00f3n del escenario.<br \/>\nEstas cuestiones fueron valoradas por los visitantes, y gener\u00f3 cierta tranquilidad en Armando Castagna, autoridad FIM y pieza importante en la realizaci\u00f3n de estas competencias en nuestro medio.<br \/>\n\u00abTal como lo esper\u00e1bamos, todo sali\u00f3 muy bien. Puedo asegurar que la organizaci\u00f3n de estas dos \u00faltimas fechas fue muy buena. Puedo adelantar que el saldo es positivo, pero ma\u00f1ana (por ayer) nos vamos a juntar para hacer los n\u00fameros, ver todo lo relativo a la organizaci\u00f3n y analizar con la Camod y la Febom la posibilidad de volver a realizar este tipo de competencias en el futuro, lo cual seguramente se decidir\u00e1 en los pr\u00f3ximos d\u00edas\u00bb, se\u00f1al\u00f3 la exgloria italiana.<br \/>\nCrist\u00f3bal Mulet, presidente de la Febom, coincidi\u00f3 con Castagna.<br \/>\n\u00abLa parte deportiva sali\u00f3 perfecta. Estoy muy contento por la gente que entendi\u00f3 que esto es un campeonato del mundo. Lo hab\u00edamos prometido hace cinco a\u00f1os y lo cumplimos. De ahora en m\u00e1s no s\u00e9, habr\u00e1 que ver\u00bb, indic\u00f3 Lito.<\/p>\n<p><strong>Argentina, en la pista<\/strong><br \/>\n\u00abTuve un par de fallas en la moto durante algunas series, pero me sent\u00ed mejor que la otra noche. Fue una gran definici\u00f3n, con pilotos de muy alto nivel. Por suerte pude estar a la par de ellos y ahora nos tenemos el objetivo de mejorar a\u00fan mas\u00bb. Facundo Alb\u00edn.<\/p>\n<p>\u00abEstoy content\u00edsimo con los tres puntos que sum\u00e9. Le pusimos garra. La verdad, la principal idea con la que encaramos esta participaci\u00f3n era sumar experiencia junto a los mejores del mundo, para que me sirva para el pr\u00f3ximo campeonato de verano. Pienso que lo logramos\u00bb, Facundo Cuello.<\/p>\n<p>\u00abEl balance es positivo y qued\u00e9 conforme con lo pude hacer. Aprend\u00ed mucho m\u00e1s all\u00e1 de no estar a la altura desde el punto de vista mec\u00e1nico. Por suerte me dieron una mano para mejorar el motor y arrimarme un poco\u00bb. Fernando Garc\u00eda.<\/p>\n<p>\u00abNos dimos el gusto de correr junto a estos campeones, que viven del Speedway. El motor se me vino muy abajo, pero el ritmo lo tenemos. La diferencia es mucha en cuanto a largada, lo cual me cuesta much\u00edsimo. Me resultaba dif\u00edcil largar en el verano pasado, y ahora, al lado de ellos, se not\u00f3 el triple\u00bb. Sebasti\u00e1n Clemente.<\/p>\n<p>\u00abFue un sue\u00f1o. Todav\u00eda no termino de caer porque no me lo esperaba. Correr junto a ellos significa un salto muy importante para m\u00ed. Es muy complicado alcanzarlos, m\u00e1s a\u00fan con el medio mec\u00e1nico que tenemos. Incorporamos mucha experiencia\u00bb, Alejandro Iglesias.<\/p>\n<p>&nbsp;<\/p>\n<p>&nbsp;<\/p>\n<p>&nbsp;<\/p>\n","protected":false},"excerpt":{"rendered":"<p>El campe\u00f3n Michael Jepsen Jensen redonde\u00f3 un a\u00f1o que jam\u00e1s olvidar\u00e1. Y que ser\u00e1 dif\u00edcil de equiparar. El espect\u00e1culo se brind\u00f3 este fin de semana en el circuito de Aldea Romana, cercano a Bah\u00eda Blanca.\u00a0<\/p>\n","protected":false},"author":11,"featured_media":0,"comment_status":"open","ping_status":"open","sticky":false,"template":"","format":"standard","meta":{"_jetpack_newsletter_access":"","_jetpack_dont_email_post_to_subs":false,"_jetpack_newsletter_tier_id":0,"_jetpack_memberships_contains_paywalled_content":false,"_jetpack_memberships_contains_paid_content":false,"footnotes":""},"categories":[12],"tags":[],"class_list":["post-5189","post","type-post","status-publish","format-standard","hentry","category-deportes"],"jetpack_featured_media_url":"","jetpack_shortlink":"https:\/\/wp.me\/p2JWE0-1lH","jetpack-related-posts":[{"id":114899,"url":"https:\/\/www.24baires.com\/?p=114899","url_meta":{"origin":5189,"position":0},"title":"Juez revoc\u00f3 el arresto domiciliario a un violador al que hab\u00eda beneficiado a principios de abril","author":"GB","date":"04\/05\/2020","format":false,"excerpt":"BAH\u00cdA BLANCA-Se trata del magistrado Claudio Brun, quien enfrentar\u00eda un juicio pol\u00edtico por la prisi\u00f3n domiciliaria que le otorg\u00f3 al abusador sexual. El preso, N\u00e9stor Ibars, fue repudiado por los vecinos en su casa de Punta Alta. Este fin de semana fue alojado nuevamente en la c\u00e1rcel El juez de\u2026","rel":"","context":"En \u00abMunicipios\u00bb","block_context":{"text":"Municipios","link":"https:\/\/www.24baires.com\/?cat=44"},"img":{"alt_text":"","src":"https:\/\/i0.wp.com\/www.24baires.com\/wp-content\/uploads\/2020\/05\/juez-bahia.jpg?resize=350%2C200","width":350,"height":200,"srcset":"https:\/\/i0.wp.com\/www.24baires.com\/wp-content\/uploads\/2020\/05\/juez-bahia.jpg?resize=350%2C200 1x, https:\/\/i0.wp.com\/www.24baires.com\/wp-content\/uploads\/2020\/05\/juez-bahia.jpg?resize=525%2C300 1.5x"},"classes":[]},{"id":115005,"url":"https:\/\/www.24baires.com\/?p=115005","url_meta":{"origin":5189,"position":1},"title":"Bah\u00eda Blanca: pidieron autorizaci\u00f3n para las \u00absalidas recreativas\u00bb","author":"GB","date":"13\/05\/2020","format":false,"excerpt":"El intendente de Bah\u00eda Blanca, H\u00e9ctor Gay confirm\u00f3 que el municipio va a solicitarle al gobierno provincial que se autoricen las salidas recreativas en el distrito, como parte de las medidas de apertura que se vienen desarrollando en la nueva etapa del aislamiento \"Ser\u00eda por una o dos horas, en\u2026","rel":"","context":"En \u00abMunicipios\u00bb","block_context":{"text":"Municipios","link":"https:\/\/www.24baires.com\/?cat=44"},"img":{"alt_text":"","src":"https:\/\/i0.wp.com\/www.24baires.com\/wp-content\/uploads\/2016\/06\/gay-bah%C3%ACa-blanca.jpg?resize=350%2C200","width":350,"height":200,"srcset":"https:\/\/i0.wp.com\/www.24baires.com\/wp-content\/uploads\/2016\/06\/gay-bah%C3%ACa-blanca.jpg?resize=350%2C200 1x, https:\/\/i0.wp.com\/www.24baires.com\/wp-content\/uploads\/2016\/06\/gay-bah%C3%ACa-blanca.jpg?resize=525%2C300 1.5x"},"classes":[]},{"id":107588,"url":"https:\/\/www.24baires.com\/?p=107588","url_meta":{"origin":5189,"position":2},"title":"Bah\u00eda Blanca: cerr\u00f3 una de las cadenas electrodom\u00e9sticas m\u00e1s importantes del pa\u00eds","author":"GB","date":"09\/04\/2019","format":false,"excerpt":"En Bah\u00eda Blanca, m\u00e1s de 145 personas se quedaron sin trabajo por el cierre de la cadena de electrodom\u00e9sticos Lucaioli. Hace una semana, el cierre de un call center dej\u00f3 otros cientos de despidos. La crisis que no para. Una de las cadenas de electrodom\u00e9sticos m\u00e1s importante del pa\u00eds cerr\u00f3\u2026","rel":"","context":"En \u00abSociedad\u00bb","block_context":{"text":"Sociedad","link":"https:\/\/www.24baires.com\/?cat=1"},"img":{"alt_text":"","src":"https:\/\/i0.wp.com\/www.24baires.com\/wp-content\/uploads\/2019\/04\/lucaioli.jpg?resize=350%2C200","width":350,"height":200,"srcset":"https:\/\/i0.wp.com\/www.24baires.com\/wp-content\/uploads\/2019\/04\/lucaioli.jpg?resize=350%2C200 1x, https:\/\/i0.wp.com\/www.24baires.com\/wp-content\/uploads\/2019\/04\/lucaioli.jpg?resize=525%2C300 1.5x"},"classes":[]},{"id":115854,"url":"https:\/\/www.24baires.com\/?p=115854","url_meta":{"origin":5189,"position":3},"title":"Bah\u00eda Blanca: Piden un cambio de horario comercial para favorecer el consumo","author":"GB","date":"05\/08\/2020","format":false,"excerpt":"Durante la primera semana funcionaron correctamente los protocolos sanitarios, pero la concurrencia de clientes no fue la esperada por los propietarios de bares y restaurantes Gastron\u00f3micos de Bah\u00eda Blanca destacaron que durante la primera semana de reapertura de sus locales se pudo cumplir sin problemas con los protocolos sanitarios, pero\u2026","rel":"","context":"En \u00abMunicipios\u00bb","block_context":{"text":"Municipios","link":"https:\/\/www.24baires.com\/?cat=44"},"img":{"alt_text":"","src":"https:\/\/i0.wp.com\/www.24baires.com\/wp-content\/uploads\/2020\/08\/resto.jpg?resize=350%2C200","width":350,"height":200,"srcset":"https:\/\/i0.wp.com\/www.24baires.com\/wp-content\/uploads\/2020\/08\/resto.jpg?resize=350%2C200 1x, https:\/\/i0.wp.com\/www.24baires.com\/wp-content\/uploads\/2020\/08\/resto.jpg?resize=525%2C300 1.5x"},"classes":[]},{"id":118267,"url":"https:\/\/www.24baires.com\/?p=118267","url_meta":{"origin":5189,"position":4},"title":"Bah\u00eda Blanca: paro y movilizaci\u00f3n de m\u00e9dicos municipales","author":"GB","date":"29\/11\/2021","format":false,"excerpt":"Por primera vez, en los 130 a\u00f1os del hospital, no hubo guardia cl\u00ednica por la movilizaci\u00f3n ante reclamos de los m\u00e9dicos. Los profesionales del Hospital municipal de Bah\u00eda Blanca, realizaron un paro y movilizaci\u00f3n por reclamos urgentes del entorno laboral, luego de notar una crisis en el sistema. En este\u2026","rel":"","context":"En \u00abMunicipios\u00bb","block_context":{"text":"Municipios","link":"https:\/\/www.24baires.com\/?cat=44"},"img":{"alt_text":"","src":"https:\/\/i0.wp.com\/www.24baires.com\/wp-content\/uploads\/2021\/11\/medicos-bahia.jpeg?resize=350%2C200","width":350,"height":200,"srcset":"https:\/\/i0.wp.com\/www.24baires.com\/wp-content\/uploads\/2021\/11\/medicos-bahia.jpeg?resize=350%2C200 1x, https:\/\/i0.wp.com\/www.24baires.com\/wp-content\/uploads\/2021\/11\/medicos-bahia.jpeg?resize=525%2C300 1.5x"},"classes":[]},{"id":110796,"url":"https:\/\/www.24baires.com\/?p=110796","url_meta":{"origin":5189,"position":5},"title":"Bah\u00eda Blanca: suspenden por 90 d\u00edas a un juez acusado de haber asistido a un prost\u00edbulo","author":"GB","date":"14\/06\/2019","format":false,"excerpt":"La medida la dispuso la Suprema Corte bonaerense. El caso trascendi\u00f3 porque en la Casa de Citas le robaron dinero y tarjetas de cr\u00e9dito y el magistrado radic\u00f3 la denuncia. Se trata de Onildo Osvaldo Sthempelet, titular del juzgado de Ejecuci\u00f3n Penal 2 del Departamento Judicial de Bah\u00eda Blanca La\u2026","rel":"","context":"En \u00abMunicipios\u00bb","block_context":{"text":"Municipios","link":"https:\/\/www.24baires.com\/?cat=44"},"img":{"alt_text":"","src":"https:\/\/i0.wp.com\/www.24baires.com\/wp-content\/uploads\/2019\/06\/juez.jpg?resize=350%2C200","width":350,"height":200,"srcset":"https:\/\/i0.wp.com\/www.24baires.com\/wp-content\/uploads\/2019\/06\/juez.jpg?resize=350%2C200 1x, https:\/\/i0.wp.com\/www.24baires.com\/wp-content\/uploads\/2019\/06\/juez.jpg?resize=525%2C300 1.5x"},"classes":[]}],"jetpack_sharing_enabled":true,"jetpack_likes_enabled":true,"_links":{"self":[{"href":"https:\/\/www.24baires.com\/index.php?rest_route=\/wp\/v2\/posts\/5189","targetHints":{"allow":["GET"]}}],"collection":[{"href":"https:\/\/www.24baires.com\/index.php?rest_route=\/wp\/v2\/posts"}],"about":[{"href":"https:\/\/www.24baires.com\/index.php?rest_route=\/wp\/v2\/types\/post"}],"author":[{"embeddable":true,"href":"https:\/\/www.24baires.com\/index.php?rest_route=\/wp\/v2\/users\/11"}],"replies":[{"embeddable":true,"href":"https:\/\/www.24baires.com\/index.php?rest_route=%2Fwp%2Fv2%2Fcomments&post=5189"}],"version-history":[{"count":3,"href":"https:\/\/www.24baires.com\/index.php?rest_route=\/wp\/v2\/posts\/5189\/revisions"}],"predecessor-version":[{"id":5199,"href":"https:\/\/www.24baires.com\/index.php?rest_route=\/wp\/v2\/posts\/5189\/revisions\/5199"}],"wp:attachment":[{"href":"https:\/\/www.24baires.com\/index.php?rest_route=%2Fwp%2Fv2%2Fmedia&parent=5189"}],"wp:term":[{"taxonomy":"category","embeddable":true,"href":"https:\/\/www.24baires.com\/index.php?rest_route=%2Fwp%2Fv2%2Fcategories&post=5189"},{"taxonomy":"post_tag","embeddable":true,"href":"https:\/\/www.24baires.com\/index.php?rest_route=%2Fwp%2Fv2%2Ftags&post=5189"}],"curies":[{"name":"wp","href":"https:\/\/api.w.org\/{rel}","templated":true}]}}