{"id":51785,"date":"2014-08-14T13:00:09","date_gmt":"2014-08-14T16:00:09","guid":{"rendered":"http:\/\/www.24baires.com\/?p=51785"},"modified":"2014-08-14T11:15:53","modified_gmt":"2014-08-14T14:15:53","slug":"los-adversarios","status":"publish","type":"post","link":"https:\/\/www.24baires.com\/?p=51785","title":{"rendered":"Los adversarios"},"content":{"rendered":"<p><img data-recalc-dims=\"1\" loading=\"lazy\" decoding=\"async\" class=\"aligncenter size-full wp-image-51786\" src=\"https:\/\/i0.wp.com\/www.24baires.com\/wp-content\/uploads\/2014\/08\/cristina-kicillof.jpg?resize=560%2C314\" alt=\"cristina kicillof\" width=\"560\" height=\"314\" srcset=\"https:\/\/i0.wp.com\/www.24baires.com\/wp-content\/uploads\/2014\/08\/cristina-kicillof.jpg?w=560&amp;ssl=1 560w, https:\/\/i0.wp.com\/www.24baires.com\/wp-content\/uploads\/2014\/08\/cristina-kicillof.jpg?resize=300%2C168&amp;ssl=1 300w\" sizes=\"auto, (max-width: 560px) 100vw, 560px\" \/>El Kirchnerismo siempre eligi\u00f3 a sus enemigos. Siempre coloc\u00f3 adversarios contra quienes disputar pol\u00edtica e ideol\u00f3gicamente. A veces, los busc\u00f3 hasta que los encontr\u00f3, como Clar\u00edn, la Ley de Medios Audiovisuales, la batalla con los medios que a\u00fan contin\u00faa. Otras veces llegaron solos y el gobierno capitaliz\u00f3 la oportunidad, como sucedi\u00f3 con los sectores econ\u00f3micos concentrados del Campo, all\u00e1 por el 2008. Esa es una forma de construcci\u00f3n y acumulaci\u00f3n pol\u00edtica. Una muy dif\u00edcil, compleja, que no cualquiera puede llevar adelante con \u00e9xito durante tanto tiempo. De hecho, nadie lo hab\u00eda hecho as\u00ed hasta la llegada del Kirchnerismo en 2003.<!--more--><\/p>\n<p>La oposici\u00f3n o, mejor dicho, los diferentes grupos opositores que se han ido sucediendo uno a otros, armando y desarm\u00e1ndose en estos m\u00e1s de once a\u00f1os de gobierno, no acertaron nunca a producir pol\u00edticas que se contrastaran con las grandes batallas que dio el Kirchnerismo y s\u00f3lo atinaron desde hace a\u00f1os a apelar a la l\u00f3gica incipiente del fin de ciclo, que no se estar\u00eda dando, como vemos. Y llamamos grandes batallas a dos que ya nombramos m\u00e1s arriba, como la disputada contra los grandes grupos econ\u00f3micos del Campo, iniciada con la famosa 125, as\u00ed como tambi\u00e9n a la pulseada permanente contra el Grupo Clar\u00edn y otros medios hegem\u00f3nicos.<br \/>\nPero ahora surge un nuevo adversario, uno que, quiz\u00e1, no fue elegido por el gobierno, pero contra quien no va a esconderse en la trinchera, ni mucho menos, primero porque no lo hizo nunca, contra nada ni nadie y, segundo, porque tambi\u00e9n puede capitalizarse pol\u00edtica e ideol\u00f3gicamente esta batalla.<br \/>\nY esta es probablemente la m\u00e1s grande disputada dada hasta ahora, cualitativamente hablando. La que excede a la pol\u00edtica y a la econom\u00eda dom\u00e9stica, la que apunta a cambiar la historia, pero no s\u00f3lo la propia (la fallida 125 y la Ley de Medios, por ejemplo, tambi\u00e9n cambiaron nuestra historia), sino la de todos los pa\u00edses en desarrollo. Es la batalla contra los Fondos Buitres.<br \/>\nYa hemos escrito en esta columna sobre este tema, comentando y opinando sobre los avances y retrocesos que las gestiones del gobierno han obtenido, pero ya es tiempo de ubicar esta causa en el exacto lugar que tiene que es, justamente, el que el Kirchnerismo quiere darle: el de batalla \u00e9pica. Aqu\u00ed se decide donde se para cada uno, ac\u00e1 se dejan en evidencia los intereses individuales y colectivos de los pol\u00edticos y los economistas del pa\u00eds. No hay lugar para los tibios, como nunca lo hubo en las otras disputas que marcaron hitos en el proceso de gobierno kirchnerista.<br \/>\nEste ser\u00e1, sin dudas, uno de los ejes que impulse el candidato de Cristina que, me arriesgo, va a existir y no ser\u00e1 el Gobernador de Buenos Aires. Este ser\u00e1 el filtro por donde se tamicen todas las ideas fuerza de aqu\u00ed en adelante. La lucha contra los Fondos Buitres lleg\u00f3 para instalarse como una causa nacional. Esta pulseada obligar\u00e1 a posicionarse a los que aun no lo han hecho, forzar\u00e1 tomar decisiones: o se elegir\u00e1 por la patria y sus intereses que son de todos, o se elegir\u00e1 por las corporaciones y sus intereses, que son de pocos. Siempre se plante\u00f3 esta dicotom\u00eda y ha funcionado con anterioridad y esta vez tambi\u00e9n ser\u00e1 el colch\u00f3n ideol\u00f3gico que impulse una nueva campa\u00f1a electoral. Ser\u00e1 la cruz en el escenario pol\u00edtico donde se aposentar\u00e1 la estrategia kirchnerista, que ubicar\u00e1 uno a uno, a los de un lado y a los del otro. Patria o Buitres, porque en la vida siempre hay que elegir.<\/p>\n","protected":false},"excerpt":{"rendered":"<p>El Kirchnerismo siempre eligi\u00f3 a sus enemigos. Siempre coloc\u00f3 adversarios contra quienes disputar pol\u00edtica e ideol\u00f3gicamente. A veces, los busc\u00f3 hasta que los encontr\u00f3, como Clar\u00edn, la Ley de Medios Audiovisuales, la batalla con los medios que a\u00fan contin\u00faa. Otras veces llegaron solos y el gobierno capitaliz\u00f3 la oportunidad, como sucedi\u00f3 con los sectores econ\u00f3micos concentrados del Campo, all\u00e1 por [&#8230;]<\/p>\n","protected":false},"author":4,"featured_media":0,"comment_status":"open","ping_status":"open","sticky":false,"template":"","format":"standard","meta":{"_jetpack_newsletter_access":"","_jetpack_dont_email_post_to_subs":false,"_jetpack_newsletter_tier_id":0,"_jetpack_memberships_contains_paywalled_content":false,"_jetpack_memberships_contains_paid_content":false,"footnotes":""},"categories":[64],"tags":[],"class_list":["post-51785","post","type-post","status-publish","format-standard","hentry","category-opinion"],"jetpack_featured_media_url":"","jetpack_shortlink":"https:\/\/wp.me\/p2JWE0-dtf","jetpack-related-posts":[{"id":120104,"url":"https:\/\/www.24baires.com\/?p=120104","url_meta":{"origin":51785,"position":0},"title":"Cristina ratific\u00f3 que no ser\u00e1 candidata","author":"AF","date":"16\/05\/2023","format":false,"excerpt":"La vicepresidenta ratific\u00f3 su decisi\u00f3n, en una carta que public\u00f3 en sus redes sociales. La situaci\u00f3n econ\u00f3mica del Gobierno, el Partido Judicial, el Lawfare y la necesidad de un plan de gobierno, los ejes de la misiva. La vicepresidenta Cristina Fern\u00e1ndez de Kirchner ratific\u00f3 que no ser\u00e1 \"mascota del poder\u2026","rel":"","context":"En \u00abPol\u00edtica\u00bb","block_context":{"text":"Pol\u00edtica","link":"https:\/\/www.24baires.com\/?cat=51"},"img":{"alt_text":"","src":"https:\/\/i0.wp.com\/www.24baires.com\/wp-content\/uploads\/2022\/09\/cristinakirchnerjpg.jpg?resize=350%2C200","width":350,"height":200,"srcset":"https:\/\/i0.wp.com\/www.24baires.com\/wp-content\/uploads\/2022\/09\/cristinakirchnerjpg.jpg?resize=350%2C200 1x, https:\/\/i0.wp.com\/www.24baires.com\/wp-content\/uploads\/2022\/09\/cristinakirchnerjpg.jpg?resize=525%2C300 1.5x, https:\/\/i0.wp.com\/www.24baires.com\/wp-content\/uploads\/2022\/09\/cristinakirchnerjpg.jpg?resize=700%2C400 2x"},"classes":[]},{"id":111697,"url":"https:\/\/www.24baires.com\/?p=111697","url_meta":{"origin":51785,"position":1},"title":"El New York Times responsabiliza a Macri por la crisis","author":"AF","date":"19\/08\/2019","format":false,"excerpt":"Mark Weisbrot, codirector del Centro de Investigaci\u00f3n Econ\u00f3mica y Pol\u00edtica en Washington y presidente de Just Foreign Policy, afirma que un triunfo de Alberto Fern\u00e1ndez en las pr\u00f3ximas elecciones presidenciales del 27 de octubre \u201cno es algo inherentemente negativo para la econom\u00eda\u201d. \u201cSi se observan los indicadores econ\u00f3micos y sociales\u2026","rel":"","context":"En \u00abPol\u00edtica\u00bb","block_context":{"text":"Pol\u00edtica","link":"https:\/\/www.24baires.com\/?cat=51"},"img":{"alt_text":"","src":"https:\/\/i0.wp.com\/www.24baires.com\/wp-content\/uploads\/2019\/08\/macri.png?resize=350%2C200","width":350,"height":200,"srcset":"https:\/\/i0.wp.com\/www.24baires.com\/wp-content\/uploads\/2019\/08\/macri.png?resize=350%2C200 1x, https:\/\/i0.wp.com\/www.24baires.com\/wp-content\/uploads\/2019\/08\/macri.png?resize=525%2C300 1.5x"},"classes":[]},{"id":108646,"url":"https:\/\/www.24baires.com\/?p=108646","url_meta":{"origin":51785,"position":2},"title":"Cama\u00f1o reconoce que \u00abuna gran cantidad de concejales\u00bb massistas quiere aliarse al kirchnerismo","author":"AF","date":"09\/06\/2019","format":false,"excerpt":"Si bien se mostr\u00f3 contraria a arreglar con la f\u00f3rmula Fern\u00e1ndez - Fern\u00e1ndez, la diputada del Frente Renovador dijo que muchos integrantes de su espacio \"se inclinan por esa posibilidad\". En ese sentido, afirm\u00f3: \"Un 50% de argentinos no optan ni por el pasado ni por el presente\". La diputada\u2026","rel":"","context":"En \u00abPol\u00edtica\u00bb","block_context":{"text":"Pol\u00edtica","link":"https:\/\/www.24baires.com\/?cat=51"},"img":{"alt_text":"","src":"https:\/\/i0.wp.com\/www.24baires.com\/wp-content\/uploads\/2019\/06\/cama%C3%B1o.jpg?resize=350%2C200","width":350,"height":200,"srcset":"https:\/\/i0.wp.com\/www.24baires.com\/wp-content\/uploads\/2019\/06\/cama%C3%B1o.jpg?resize=350%2C200 1x, https:\/\/i0.wp.com\/www.24baires.com\/wp-content\/uploads\/2019\/06\/cama%C3%B1o.jpg?resize=525%2C300 1.5x"},"classes":[]},{"id":98439,"url":"https:\/\/www.24baires.com\/?p=98439","url_meta":{"origin":51785,"position":3},"title":"Cambiemos cree que la renuncia de Gils Carb\u00f3 es esencial para \u201cavanzar en una justicia independiente\u201d","author":"GB","date":"31\/10\/2017","format":false,"excerpt":"La renuncia de la titular del Ministerio P\u00fablico Fiscal no pas\u00f3 desapercibida para los legisladores del oficialismo, que celebraron en los medios porque, dicen, mejorara \u201cde manera notoria\u201d el funcionamiento de la Procuraci\u00f3n. La renuncia de Alejandra Gils Carb\u00f3 al frente del Ministerio P\u00fablico Fiscal, tras notorias presiones del oficialismo,\u2026","rel":"","context":"En \u00abPol\u00edtica\u00bb","block_context":{"text":"Pol\u00edtica","link":"https:\/\/www.24baires.com\/?cat=51"},"img":{"alt_text":"","src":"https:\/\/i0.wp.com\/www.24baires.com\/wp-content\/uploads\/2012\/11\/gils_carbo_senado_070812_12_ef_47659.jpg?resize=350%2C200","width":350,"height":200,"srcset":"https:\/\/i0.wp.com\/www.24baires.com\/wp-content\/uploads\/2012\/11\/gils_carbo_senado_070812_12_ef_47659.jpg?resize=350%2C200 1x, https:\/\/i0.wp.com\/www.24baires.com\/wp-content\/uploads\/2012\/11\/gils_carbo_senado_070812_12_ef_47659.jpg?resize=525%2C300 1.5x"},"classes":[]},{"id":108530,"url":"https:\/\/www.24baires.com\/?p=108530","url_meta":{"origin":51785,"position":4},"title":"Gioja: la unidad del peronismo, la relaci\u00f3n con Massa y la elecci\u00f3n en San Juan","author":"AF","date":"01\/06\/2019","format":false,"excerpt":"El diputado y presidente del PJ destac\u00f3 el renovado v\u00ednculo entre el partido Justicialista y Unidad Ciudadana, respald\u00f3 la f\u00f3rmula Kicillof-Magario y advirti\u00f3 que quienes dividan a la oposici\u00f3n son funcionales al macrismo. Desde San Juan El tres veces gobernador de San Juan, diputado nacional por esa provincia y presidente\u2026","rel":"","context":"En \u00abPol\u00edtica\u00bb","block_context":{"text":"Pol\u00edtica","link":"https:\/\/www.24baires.com\/?cat=51"},"img":{"alt_text":"","src":"https:\/\/i0.wp.com\/www.24baires.com\/wp-content\/uploads\/2013\/10\/gioja.jpg?resize=350%2C200","width":350,"height":200,"srcset":"https:\/\/i0.wp.com\/www.24baires.com\/wp-content\/uploads\/2013\/10\/gioja.jpg?resize=350%2C200 1x, https:\/\/i0.wp.com\/www.24baires.com\/wp-content\/uploads\/2013\/10\/gioja.jpg?resize=525%2C300 1.5x"},"classes":[]},{"id":111122,"url":"https:\/\/www.24baires.com\/?p=111122","url_meta":{"origin":51785,"position":5},"title":"Los pilotos acusaron al Gobierno y a empresarios de querer \u00abimponer la reforma laboral\u00bb","author":"AF","date":"10\/07\/2019","format":false,"excerpt":"El secretario general de APLA, Pablo Bir\u00f3, dijo: \"Cuando atacan el derecho a huelga no lo hacen inocentemente. No es un derecho m\u00e1s, es el pilar para defender el resto de los derechos\". El secretario general de la Asociaci\u00f3n de Pilotos de L\u00edneas A\u00e9reas (APLA), Pablo Bir\u00f3, cruz\u00f3 al Gobierno\u2026","rel":"","context":"En \u00abSociedad\u00bb","block_context":{"text":"Sociedad","link":"https:\/\/www.24baires.com\/?cat=1"},"img":{"alt_text":"","src":"https:\/\/i0.wp.com\/www.24baires.com\/wp-content\/uploads\/2019\/06\/macri-y-vida%C3%B1.jpg?resize=350%2C200","width":350,"height":200,"srcset":"https:\/\/i0.wp.com\/www.24baires.com\/wp-content\/uploads\/2019\/06\/macri-y-vida%C3%B1.jpg?resize=350%2C200 1x, https:\/\/i0.wp.com\/www.24baires.com\/wp-content\/uploads\/2019\/06\/macri-y-vida%C3%B1.jpg?resize=525%2C300 1.5x"},"classes":[]}],"jetpack_sharing_enabled":true,"jetpack_likes_enabled":true,"_links":{"self":[{"href":"https:\/\/www.24baires.com\/index.php?rest_route=\/wp\/v2\/posts\/51785","targetHints":{"allow":["GET"]}}],"collection":[{"href":"https:\/\/www.24baires.com\/index.php?rest_route=\/wp\/v2\/posts"}],"about":[{"href":"https:\/\/www.24baires.com\/index.php?rest_route=\/wp\/v2\/types\/post"}],"author":[{"embeddable":true,"href":"https:\/\/www.24baires.com\/index.php?rest_route=\/wp\/v2\/users\/4"}],"replies":[{"embeddable":true,"href":"https:\/\/www.24baires.com\/index.php?rest_route=%2Fwp%2Fv2%2Fcomments&post=51785"}],"version-history":[{"count":1,"href":"https:\/\/www.24baires.com\/index.php?rest_route=\/wp\/v2\/posts\/51785\/revisions"}],"predecessor-version":[{"id":51787,"href":"https:\/\/www.24baires.com\/index.php?rest_route=\/wp\/v2\/posts\/51785\/revisions\/51787"}],"wp:attachment":[{"href":"https:\/\/www.24baires.com\/index.php?rest_route=%2Fwp%2Fv2%2Fmedia&parent=51785"}],"wp:term":[{"taxonomy":"category","embeddable":true,"href":"https:\/\/www.24baires.com\/index.php?rest_route=%2Fwp%2Fv2%2Fcategories&post=51785"},{"taxonomy":"post_tag","embeddable":true,"href":"https:\/\/www.24baires.com\/index.php?rest_route=%2Fwp%2Fv2%2Ftags&post=51785"}],"curies":[{"name":"wp","href":"https:\/\/api.w.org\/{rel}","templated":true}]}}