{"id":5170,"date":"2012-11-12T20:28:39","date_gmt":"2012-11-12T23:28:39","guid":{"rendered":"http:\/\/www.24baires.com\/?p=5170"},"modified":"2012-11-13T18:04:25","modified_gmt":"2012-11-13T21:04:25","slug":"convocan-a-un-apagon-de-celulares-para-el-14-de-noviembre","status":"publish","type":"post","link":"https:\/\/www.24baires.com\/?p=5170","title":{"rendered":"Convocan a un apag\u00f3n de celulares para el 14 de noviembre"},"content":{"rendered":"<p><img data-recalc-dims=\"1\" loading=\"lazy\" decoding=\"async\" class=\"alignleft size-full wp-image-5171\" title=\"celular\" src=\"https:\/\/i0.wp.com\/www.24baires.com\/wp-content\/uploads\/2012\/11\/celular.jpg?resize=300%2C205\" alt=\"\" width=\"300\" height=\"205\" \/>Diversas organizaciones y usuarios convocan a un apag\u00f3n generalizado de celulares para el pr\u00f3ximo 14 de noviembre de 16 a 17 horas. En las redes sociales ya existe el hashtag #14N para utilizar en <strong>Twitter<\/strong> y un grupo en <strong>Facebook<\/strong> denominado \u00abapagoncelular\u00bb.<!--more--><\/p>\n<p>Desde Consumidores Responsales adhieren y convocan al apag\u00f3n de celulares convocado por distintas organizaciones y usuarios para el 14 de noviembre de 16 a 17 horas. \u201cConvocamos a todos los usuarios de celulares a demostrarles a las empresas que estamos cansados de que nos cobren por servicios que no nos prestan o que no hemos solicitado\u201d, expres\u00f3 su titular, Henry Stegmayer.<\/p>\n<p>La asociaci\u00f3n viene denunciando la precariedad del servicio, a la par que reclama por el fraccionamiento (esto es el cobro por segundo, en vez de por minutos) y la declaraci\u00f3n de Servicio P\u00fablico a la telefon\u00eda celular.<\/p>\n<p>\u201cQueremos que nos facturen las llamadas fraccionadas por segundos, que no nos gusta que no nos atiendan cuando tenemos un reclamo para hacer y todas las cuestiones que a diario sufrimos por el mal servicio que prestan todas las empresas sin excepci\u00f3n\u00bb, agreg\u00f3 Stegmayer.<br \/>\nAdem\u00e1s explic\u00f3 que \u201ces el gobierno quien debe sancionar una resoluci\u00f3n para que las compa\u00f1\u00edas est\u00e9n obligadas a fraccionar las llamadas por segundo y no por minuto, como ocurre actualmente al momento de facturar\u00bb.<\/p>\n<p>Para el ex diputado provincial, \u201cla facturaci\u00f3n actual es una vulgar estafa porque nos cobran por un servicio que no nos prestan. Esta resoluci\u00f3n deber\u00e1 contener adem\u00e1s la devoluci\u00f3n de los montos mal cobrados en los \u00faltimos diez a\u00f1os\u00bb.<\/p>\n<p>Otras de las medidas que se busca implementar es la declaraci\u00f3n de Servicio P\u00fablico a la telefon\u00eda m\u00f3vil. Para Stegmayer \u00abesto implicar\u00e1 establecer un r\u00e9gimen de protecci\u00f3n al m\u00e1s d\u00e9bil, que es el usuario. Y obligar\u00e1 a las empresas a someterse a un marco regulatorio que asegure los caracteres de todo servicio p\u00fablico: Esto es generalidad, uniformidad, regularidad, obligatoriedad y continuidad\u00bb.<\/p>\n<p>Desde Consumidores Responsables aseguraron que la convocatoria al apag\u00f3n se realizar\u00e1 mediante diversos medios de difusi\u00f3n. Entre las redes sociales donde ya existe el hashtag #14N para utilizar en Twitter y un grupo en Facebook denominado \u00abapagoncelular\u00bb.<\/p>\n","protected":false},"excerpt":{"rendered":"<p>Diversas organizaciones y usuarios convocan a un apag\u00f3n generalizado de celulares para el pr\u00f3ximo 14 de noviembre de 16 a 17 horas. En las redes sociales ya existe el hashtag #14N para utilizar en Twitter y un grupo en Facebook denominado \u00abapagoncelular\u00bb.<\/p>\n","protected":false},"author":11,"featured_media":0,"comment_status":"open","ping_status":"open","sticky":false,"template":"","format":"standard","meta":{"_jetpack_newsletter_access":"","_jetpack_dont_email_post_to_subs":false,"_jetpack_newsletter_tier_id":0,"_jetpack_memberships_contains_paywalled_content":false,"_jetpack_memberships_contains_paid_content":false,"footnotes":""},"categories":[45],"tags":[],"class_list":["post-5170","post","type-post","status-publish","format-standard","hentry","category-economia"],"jetpack_featured_media_url":"","jetpack_shortlink":"https:\/\/wp.me\/p2JWE0-1lo","jetpack-related-posts":[{"id":81449,"url":"https:\/\/www.24baires.com\/?p=81449","url_meta":{"origin":5170,"position":0},"title":"En Jun\u00edn impulsan un apag\u00f3n de luz en protesta por los tarifazos del servicio","author":"GB","date":"14\/04\/2016","format":false,"excerpt":"Numerosos bloques del Concejo Deliberante, sumados a organizaciones sociales y sindicales, impulsan un apag\u00f3n de luz para el pr\u00f3ximo 29 de abril en protesta por los aumentos de tarifas en el servicio. \u201cLos vecinos nos muestran su preocupaci\u00f3n y dificultad para pagar las tarifas de la luz y el gas,\u2026","rel":"","context":"En \u00abSociedad\u00bb","block_context":{"text":"Sociedad","link":"https:\/\/www.24baires.com\/?cat=1"},"img":{"alt_text":"corte luz","src":"https:\/\/i0.wp.com\/www.24baires.com\/wp-content\/uploads\/2015\/06\/corte-luz.jpg?resize=350%2C200","width":350,"height":200,"srcset":"https:\/\/i0.wp.com\/www.24baires.com\/wp-content\/uploads\/2015\/06\/corte-luz.jpg?resize=350%2C200 1x, https:\/\/i0.wp.com\/www.24baires.com\/wp-content\/uploads\/2015\/06\/corte-luz.jpg?resize=525%2C300 1.5x"},"classes":[]},{"id":86368,"url":"https:\/\/www.24baires.com\/?p=86368","url_meta":{"origin":5170,"position":1},"title":"Amenazan con despidos en el Ministerio de Energ\u00eda","author":"GB","date":"17\/08\/2016","format":false,"excerpt":"Mientras se define el futuro del aumento de tarifas, un \u00e1rea encargada de recibir reclamos y controlar a las empresas podr\u00eda dejar de existir. Mientras el ministro de Energ\u00eda, Juan Jos\u00e9 Aranguren, prosigue en su defensa del tarifazo, casi 300 trabajadores de esa cartera podr\u00edan ser despedidos, encargados de recibir\u2026","rel":"","context":"En \u00abSociedad\u00bb","block_context":{"text":"Sociedad","link":"https:\/\/www.24baires.com\/?cat=1"},"img":{"alt_text":"","src":"","width":0,"height":0},"classes":[]},{"id":32842,"url":"https:\/\/www.24baires.com\/?p=32842","url_meta":{"origin":5170,"position":2},"title":"Se podr\u00e1 optar por no recibir mensajes ni llamadas publicitarias en la Provincia","author":"GB","date":"01\/10\/2013","format":false,"excerpt":"Los usuarios de tel\u00e9fonos fijos o celulares de la provincia de Buenos Aires que no deseen recibir mensajes de texto o llamadas publicitarias de ventas, promociones y publicidades podr\u00e1n anotarse en el \"Registro no llamar\". La norma fija que la inscripci\u00f3n ser\u00e1 gratuita y por tiempo indefinido. Los usuarios de\u2026","rel":"","context":"En \u00abSociedad\u00bb","block_context":{"text":"Sociedad","link":"https:\/\/www.24baires.com\/?cat=1"},"img":{"alt_text":"Celulares","src":"https:\/\/i0.wp.com\/www.24baires.com\/wp-content\/uploads\/2013\/09\/Celulares-300x190.jpg?resize=350%2C200","width":350,"height":200},"classes":[]},{"id":110953,"url":"https:\/\/www.24baires.com\/?p=110953","url_meta":{"origin":5170,"position":3},"title":"La Plata: vecinos afectados por el apag\u00f3n no pagar\u00e1n la tarifa de junio","author":"AF","date":"26\/06\/2019","format":false,"excerpt":"El vicegobernador bonaerense, Daniel Salvador, anunci\u00f3 las fuertes multas para Edelap por el corte de energ\u00eda que ya lleva cuatro d\u00edas. El vicegobernador de la provincia de Buenos Aires, Daniel Salvador, anunci\u00f3 este jueves que los usuarios afectados por el apag\u00f3n en la ciudad de La Plata, que ya lleva\u2026","rel":"","context":"En \u00abSociedad\u00bb","block_context":{"text":"Sociedad","link":"https:\/\/www.24baires.com\/?cat=1"},"img":{"alt_text":"","src":"https:\/\/i0.wp.com\/www.24baires.com\/wp-content\/uploads\/2015\/06\/corte-luz.jpg?resize=350%2C200","width":350,"height":200,"srcset":"https:\/\/i0.wp.com\/www.24baires.com\/wp-content\/uploads\/2015\/06\/corte-luz.jpg?resize=350%2C200 1x, https:\/\/i0.wp.com\/www.24baires.com\/wp-content\/uploads\/2015\/06\/corte-luz.jpg?resize=525%2C300 1.5x"},"classes":[]},{"id":33432,"url":"https:\/\/www.24baires.com\/?p=33432","url_meta":{"origin":5170,"position":4},"title":"Proponen aplicar \u00abm\u00e1ximas sanciones\u00bb a Movistar por desperfectos en el servicio","author":"AF","date":"12\/10\/2013","format":false,"excerpt":"La Defensor\u00eda del Pueblo de la provincia de Buenos pide aplicar las m\u00e1ximas sanciones a Movistar por las fallas en el servicio de telefon\u00eda m\u00f3vil que se registraron el \u00faltimo jueves, e imponer a la empresa una indemnizaci\u00f3n que deber\u00e1n percibir los usuarios afectados, es el pedido que el Defensor\u2026","rel":"","context":"En \u00abSociedad\u00bb","block_context":{"text":"Sociedad","link":"https:\/\/www.24baires.com\/?cat=1"},"img":{"alt_text":"celulares cooperativos","src":"https:\/\/i0.wp.com\/www.24baires.com\/wp-content\/uploads\/2012\/09\/celulares-cooperativos.jpg?resize=350%2C200","width":350,"height":200,"srcset":"https:\/\/i0.wp.com\/www.24baires.com\/wp-content\/uploads\/2012\/09\/celulares-cooperativos.jpg?resize=350%2C200 1x, https:\/\/i0.wp.com\/www.24baires.com\/wp-content\/uploads\/2012\/09\/celulares-cooperativos.jpg?resize=525%2C300 1.5x"},"classes":[]},{"id":82983,"url":"https:\/\/www.24baires.com\/?p=82983","url_meta":{"origin":5170,"position":5},"title":"Teatros organizan un \u00abapag\u00f3n cultural\u00bb contra los tarifazos","author":"GB","date":"20\/05\/2016","format":false,"excerpt":"Cerca de 800 teatros, centros culturales y clubes de m\u00fasica interrumpir\u00e1n por un minuto sus actividades en rechazo de los aumentos de hasta 700 por ciento en los servicios. Cerca de 800 teatros independientes, centros culturales , clubes de m\u00fasica, pe\u00f1as y milongas se sumar\u00e1n este s\u00e1bado al \"apag\u00f3n cultura\"\u2026","rel":"","context":"En \u00abSociedad\u00bb","block_context":{"text":"Sociedad","link":"https:\/\/www.24baires.com\/?cat=1"},"img":{"alt_text":"teatro","src":"https:\/\/i0.wp.com\/www.24baires.com\/wp-content\/uploads\/2014\/03\/teatro.jpg?resize=350%2C200","width":350,"height":200},"classes":[]}],"jetpack_sharing_enabled":true,"jetpack_likes_enabled":true,"_links":{"self":[{"href":"https:\/\/www.24baires.com\/index.php?rest_route=\/wp\/v2\/posts\/5170","targetHints":{"allow":["GET"]}}],"collection":[{"href":"https:\/\/www.24baires.com\/index.php?rest_route=\/wp\/v2\/posts"}],"about":[{"href":"https:\/\/www.24baires.com\/index.php?rest_route=\/wp\/v2\/types\/post"}],"author":[{"embeddable":true,"href":"https:\/\/www.24baires.com\/index.php?rest_route=\/wp\/v2\/users\/11"}],"replies":[{"embeddable":true,"href":"https:\/\/www.24baires.com\/index.php?rest_route=%2Fwp%2Fv2%2Fcomments&post=5170"}],"version-history":[{"count":3,"href":"https:\/\/www.24baires.com\/index.php?rest_route=\/wp\/v2\/posts\/5170\/revisions"}],"predecessor-version":[{"id":5308,"href":"https:\/\/www.24baires.com\/index.php?rest_route=\/wp\/v2\/posts\/5170\/revisions\/5308"}],"wp:attachment":[{"href":"https:\/\/www.24baires.com\/index.php?rest_route=%2Fwp%2Fv2%2Fmedia&parent=5170"}],"wp:term":[{"taxonomy":"category","embeddable":true,"href":"https:\/\/www.24baires.com\/index.php?rest_route=%2Fwp%2Fv2%2Fcategories&post=5170"},{"taxonomy":"post_tag","embeddable":true,"href":"https:\/\/www.24baires.com\/index.php?rest_route=%2Fwp%2Fv2%2Ftags&post=5170"}],"curies":[{"name":"wp","href":"https:\/\/api.w.org\/{rel}","templated":true}]}}