{"id":5148,"date":"2012-11-12T16:12:38","date_gmt":"2012-11-12T19:12:38","guid":{"rendered":"http:\/\/www.24baires.com\/?p=5148"},"modified":"2012-11-12T16:12:38","modified_gmt":"2012-11-12T19:12:38","slug":"el-estado-no-viene-ni-a-estatizar-ni-a-expropiar-a-nadie-lo-que-viene-a-hacer-es-cumplir-la-ley","status":"publish","type":"post","link":"https:\/\/www.24baires.com\/?p=5148","title":{"rendered":"\u00abEl Estado no viene ni a estatizar ni a expropiar a nadie, lo que viene a hacer es cumplir la ley\u00bb"},"content":{"rendered":"<div class=\"alignleft\"><object width=\"280\" height=\"210\" classid=\"clsid:d27cdb6e-ae6d-11cf-96b8-444553540000\" codebase=\"http:\/\/download.macromedia.com\/pub\/shockwave\/cabs\/flash\/swflash.cab#version=6,0,40,0\"><param name=\"allowFullScreen\" value=\"true\" \/><param name=\"allowscriptaccess\" value=\"always\" \/><param name=\"src\" value=\"http:\/\/www.youtube.com\/v\/zL6i2vGCdTE?version=3&amp;hl=es_ES;rel=0;showinfo=0;controls=0\" \/><param name=\"allowfullscreen\" value=\"true\" \/><\/object><\/div>\n<p>El presidente de la Afsca, Mart\u00edn Sabbatella, asegur\u00f3 que el Estado \u00abviene a cumplir con la ley\u00bb y \u00abgarantizar el servicio y las fuentes de trabajo del conjunto de los trabajadores\u00bb, as\u00ed como tambi\u00e9n \u00abla libertad de expresi\u00f3n y el derecho a estar informados\u00bb.<!--more--><\/p>\n<p>\u00abEl Estado no viene ni a estatizar ni a expropiar a nadie, lo que viene a hacer es cumplir la ley y garantizar el servicio y las fuentes de trabajo del conjunto de los trabajadores\u00bb, dijo el presidente de la Autoridad Federal de Servicios de Comunicaci\u00f3n Audiovisual al ser consultado sobre el 7 de diciembre, fecha establecida por la Corte Suprema de Justicia para que todos los grupos econ\u00f3micos se adecuen a la Ley de Medios.<\/p>\n<p>Sabbatella hizo estas declaraciones en el edificio de la ex Esma, donde este lunes particip\u00f3 junto con el ministro de Educaci\u00f3n, Alberto Sileoni, del \u201cPrimer Encuentro de Intercambio y Producci\u00f3n Multimedia\u201d, que organiz\u00f3 la cartera educativa con el Canal Encuentro, para estudiantes de tercer y cuarto a\u00f1o del secundario.<\/p>\n<p>En el mismo encuentro, que contin\u00faa ma\u00f1ana en el Auditorio Haroldo Conti de la ex Esma, el ministro de Educaci\u00f3n asegur\u00f3 que con la ley de medios se est\u00e1 \u00abrompiendo con un sentido com\u00fan que no era objetivo\u00bb, y se est\u00e1 \u00abreconociendo que no hay miradas ingenuas ni neutrales\u00bb.<\/p>\n<p>Sabbatella se expres\u00f3 en el mismo sentido, y se\u00f1al\u00f3 que la ley de Medios \u00abes una ley de la democracia, que vot\u00f3 el Congreso, y que garantiza la libertad de expresi\u00f3n y el derecho a estar informado\u00bb.<\/p>\n<p>\u00abLa ley no es para un grupo ni para tres, es para todos\u00bb, advirti\u00f3 el funcionario y ex diputado, que admiti\u00f3 que Clar\u00edn es el grupo medi\u00e1tico que \u00abm\u00e1s excede lo que prev\u00e9 la ley\u00bb, y tambi\u00e9n \u00abel \u00fanico que dice p\u00fablicamente que no va a cumplir con la ley\u00bb.<\/p>\n<p>\u00abEs cierto que se habla sobre todo de un grupo, y es porque es el que m\u00e1s excede lo que prev\u00e9 la ley, es el que m\u00e1s cantidad de medios tiene, es el m\u00e1s concentrado medi\u00e1ticamente, y el \u00fanico que ha expresado p\u00fablicamente que no va a cumplir la ley\u00bb, dijo Sabbatella.<\/p>\n<p>Enseguida se pregunt\u00f3 porqu\u00e9 un grupo empresario cree que \u00abest\u00e1 por encima de la ley, de la democracia, de los poderes del Estado, de la Justicia, del Parlamento y del Poder Ejecutivo\u00bb, y afirm\u00f3 que consideran eso porque \u00abdurante much\u00edsimos a\u00f1os marcaron el rumbo del pa\u00eds\u00bb.<\/p>\n<p>\u00abLo que no saben, o no quieren saber, lo que no entienden, o no quieren entender, es que desde el 2003 en adelante la Argentina decidi\u00f3 el rumbo del pa\u00eds, y lo decidi\u00f3 democr\u00e1ticamente\u00bb, consign\u00f3.<\/p>\n<p>El presidente de la AFSCA adem\u00e1s reiter\u00f3 que esta semana, entre mi\u00e9rcoles y jueves, va a presentar el cuadro de situaci\u00f3n del conjunto de los grupos de medios que est\u00e1n por encima de lo que la ley establece, tanto en porcentaje de mercado como en cantidad de licencias.<\/p>\n<p>Adem\u00e1s, dijo que en esa conferencia tambi\u00e9n explicar\u00e1 c\u00f3mo ser\u00e1 la acci\u00f3n de oficio para aquellos grupos que no hayan hecho su proceso de adecuaci\u00f3n voluntariamente antes del 7 de diciembre.<\/p>\n<p>La acci\u00f3n de oficio, agreg\u00f3 el titular de la AFSCA, incluye la tasaci\u00f3n y selecci\u00f3n de licencias a licitar y la posterior licitaci\u00f3n de las mismas.<\/p>\n<p>\u00abSabemos que uno de los grupos ha dicho que no va cumplir con la ley, y para ese caso el 8 de diciembre se inicia el proceso de adecuaci\u00f3n de oficio de la AFSCA\u00bb, ejemplific\u00f3 Sabbatella en referencia a Clar\u00edn.<\/p>\n<p>Sabbatella dijo tambi\u00e9n que el grupo Clar\u00edn quiere \u00abgenerar debate\u00bb y por eso dicen que \u00abtal conductor, o tal periodista no van a estar m\u00e1s\u00bb despu\u00e9s del 7 de diciembre.<\/p>\n<p>\u00abNada de eso es verdad, porque la ley no se mete ni con los programas ni con los periodistas, si va a estar (Marcelo) Tinelli o (Adri\u00e1n) Suar. La ley s\u00f3lo discute qui\u00e9n es el titular de los medios, y dice que si hay 30 licencias, no pueden estar en manos de uno, sino de tres. Lo dem\u00e1s sigue siendo la opci\u00f3n del pueblo argentino de ver lo que quiera ver\u00bb, explic\u00f3 el titular del Afsca.<\/p>\n<p>Reiter\u00f3, asimismo, que \u00abla ley garantiza que haya m\u00e1s opciones laborales, porque permite mayor diversidad de unidades productivas en todo el pa\u00eds\u00bb, al mismo tiempo que subray\u00f3 que \u00abes requisito de quien se haga cargo de las licencias (que queden al margen del proceso voluntario de adecuaci\u00f3n) garantizar los puestos de trabajo y el servicio que ofrecen\u00bb.<\/p>\n<p>\u00abNing\u00fan pa\u00eds puede vivir si no se cumple la ley, y no puede haber alguien que cuando se levanta a la ma\u00f1ana decide qu\u00e9 ley va a cumplir y con qu\u00e9 ley no lo va a hacer\u00bb, advirti\u00f3.<\/p>\n<p>El 7 de diciembre los grupos medi\u00e1ticos tienen que haber presentado el plan de adecuaci\u00f3n para estar dentro de la ley.<\/p>\n<p>Para los que no lo hubieran hecho, el Afsca actuar\u00e1 de oficio procediendo a tasar los bienes, seleccionar licencias que excedan lo que determina la ley y luego licitarlas.<\/p>\n<p>\u00abLo que ves hoy por televisi\u00f3n, lo vas a seguir viendo y vas a ver m\u00e1s, nunca menos que eso, porque vas a tener las opciones actuales m\u00e1s otras\u00bb, asever\u00f3.<\/p>\n","protected":false},"excerpt":{"rendered":"<p>El presidente de la Afsca, Mart\u00edn Sabbatella, asegur\u00f3 que el Estado \u00abviene a cumplir con la ley\u00bb y \u00abgarantizar el servicio y las fuentes de trabajo del conjunto de los trabajadores\u00bb, as\u00ed como tambi\u00e9n \u00abla libertad de expresi\u00f3n y el derecho a estar informados\u00bb.<\/p>\n","protected":false},"author":11,"featured_media":0,"comment_status":"open","ping_status":"open","sticky":false,"template":"","format":"standard","meta":{"_jetpack_newsletter_access":"","_jetpack_dont_email_post_to_subs":false,"_jetpack_newsletter_tier_id":0,"_jetpack_memberships_contains_paywalled_content":false,"_jetpack_memberships_contains_paid_content":false,"footnotes":""},"categories":[54],"tags":[],"class_list":["post-5148","post","type-post","status-publish","format-standard","hentry","category-medios"],"jetpack_featured_media_url":"","jetpack_shortlink":"https:\/\/wp.me\/p2JWE0-1l2","jetpack-related-posts":[{"id":2745,"url":"https:\/\/www.24baires.com\/?p=2745","url_meta":{"origin":5148,"position":0},"title":"Sabbatella sostuvo que \u00abquienes quieren evitar la vigencia de la Ley de Medios, buscan sostener sus privilegios\u00bb","author":"Grupo Sierra","date":"20\/10\/2012","format":false,"excerpt":"El titular de la Afsca dijo que \u201cArgentina dej\u00f3 de estar gobernada por las corporaciones\u201d, y explic\u00f3 que los que quieren evitar que la Ley de Medios entre en plena vigencia buscan \"sostener sus privilegios\". \u201cEl debate de fondo, que subyace entre quienes queremos que se respete la ley y\u2026","rel":"","context":"En \u00abMedios\u00bb","block_context":{"text":"Medios","link":"https:\/\/www.24baires.com\/?cat=54"},"img":{"alt_text":"","src":"https:\/\/i0.wp.com\/www.24baires.com\/wp-content\/uploads\/2012\/10\/sabbatella111.jpg?resize=350%2C200","width":350,"height":200,"srcset":"https:\/\/i0.wp.com\/www.24baires.com\/wp-content\/uploads\/2012\/10\/sabbatella111.jpg?resize=350%2C200 1x, https:\/\/i0.wp.com\/www.24baires.com\/wp-content\/uploads\/2012\/10\/sabbatella111.jpg?resize=525%2C300 1.5x"},"classes":[]},{"id":820,"url":"https:\/\/www.24baires.com\/?p=820","url_meta":{"origin":5148,"position":1},"title":"El gobierno \u00abno vino a estatizar, sino a hacer cumplir la ley\u00bb asegur\u00f3 Sabbatella","author":"Grupo Sierra","date":"02\/10\/2012","format":false,"excerpt":"El titular de la Autoridad Federal de Servicios de Comunicaci\u00f3n Audiovisual (AFSCA), Mart\u00edn Sabbatella, reiter\u00f3 que el gobierno \"no vino a estatizar, sino a hacer cumplir la ley\". El moronense se reuni\u00f3 con los titulares de ambas c\u00e1maras legislativas y el presidente del bloque de diputados del FpV.\u00a0 El Congreso\u2026","rel":"","context":"En \u00abMedios\u00bb","block_context":{"text":"Medios","link":"https:\/\/www.24baires.com\/?cat=54"},"img":{"alt_text":"","src":"https:\/\/i0.wp.com\/www.24baires.com\/wp-content\/uploads\/2012\/10\/sabbatella-congreso1.jpg?resize=350%2C200","width":350,"height":200,"srcset":"https:\/\/i0.wp.com\/www.24baires.com\/wp-content\/uploads\/2012\/10\/sabbatella-congreso1.jpg?resize=350%2C200 1x, https:\/\/i0.wp.com\/www.24baires.com\/wp-content\/uploads\/2012\/10\/sabbatella-congreso1.jpg?resize=525%2C300 1.5x"},"classes":[]},{"id":45304,"url":"https:\/\/www.24baires.com\/?p=45304","url_meta":{"origin":5148,"position":2},"title":"\u00abPablo Moyano vino a Berazategui para que contratemos a Covelia\u00bb","author":"AF","date":"05\/05\/2014","format":false,"excerpt":"El intendente Juan Patricio Mussi dijo que con el l\u00edder de Camioneros vivi\u00f3 la misma situaci\u00f3n en su municipio \"hace ocho a\u00f1os\". Fue al explicar el v\u00ednculo entre el sindicato y la empresa de recolecci\u00f3n de residuos. Al explicar c\u00f3mo es la situaci\u00f3n en su distrito, en el programa 678,\u2026","rel":"","context":"En \u00abLocales\u00bb","block_context":{"text":"Locales","link":"https:\/\/www.24baires.com\/?cat=38"},"img":{"alt_text":"moyano pablo","src":"https:\/\/i0.wp.com\/www.24baires.com\/wp-content\/uploads\/2013\/07\/moyano-pablo.jpg?resize=350%2C200","width":350,"height":200,"srcset":"https:\/\/i0.wp.com\/www.24baires.com\/wp-content\/uploads\/2013\/07\/moyano-pablo.jpg?resize=350%2C200 1x, https:\/\/i0.wp.com\/www.24baires.com\/wp-content\/uploads\/2013\/07\/moyano-pablo.jpg?resize=525%2C300 1.5x"},"classes":[]},{"id":55328,"url":"https:\/\/www.24baires.com\/?p=55328","url_meta":{"origin":5148,"position":3},"title":"\u00abCuando Clar\u00edn dice que se dividen, es mentira\u00bb","author":"Grupo Sierra","date":"13\/10\/2014","format":false,"excerpt":"Lo expres\u00f3 Mart\u00edn Sabatella, quien adem\u00e1s agreg\u00f3: \"La Afsca no va a expropiar ni intervenir nada sino que va a hacer cumplir la ley\" Sabbatella asegur\u00f3 que la Afsca no va \u201ca expropiar ni intervenir nada, sino a hacer cumplir la ley\u201d de Servicios de Comunicaci\u00f3n Audiovisual, a partir de\u2026","rel":"","context":"En \u00abMedios\u00bb","block_context":{"text":"Medios","link":"https:\/\/www.24baires.com\/?cat=54"},"img":{"alt_text":"sabbatella","src":"https:\/\/i0.wp.com\/www.24baires.com\/wp-content\/uploads\/2013\/10\/sabbatella.jpg?resize=350%2C200","width":350,"height":200,"srcset":"https:\/\/i0.wp.com\/www.24baires.com\/wp-content\/uploads\/2013\/10\/sabbatella.jpg?resize=350%2C200 1x, https:\/\/i0.wp.com\/www.24baires.com\/wp-content\/uploads\/2013\/10\/sabbatella.jpg?resize=525%2C300 1.5x"},"classes":[]},{"id":4657,"url":"https:\/\/www.24baires.com\/?p=4657","url_meta":{"origin":5148,"position":4},"title":"La casa de Barreda podr\u00eda convertirse en un centro de asistencia para v\u00edctimas de violencia de g\u00e9nero","author":"AF","date":"07\/11\/2012","format":false,"excerpt":"El Senado de la provincia de Buenos Aires podr\u00eda aprobar la semana que viene el proyecto de ley que establece la expropiaci\u00f3n de la casa de Ricardo Barreda, el odont\u00f3logo platense que asesin\u00f3 a sus dos hijas, a su esposa y a su suegra en noviembre de 1992, en su\u2026","rel":"","context":"En \u00abSociedad\u00bb","block_context":{"text":"Sociedad","link":"https:\/\/www.24baires.com\/?cat=1"},"img":{"alt_text":"","src":"https:\/\/i0.wp.com\/www.24baires.com\/wp-content\/uploads\/2012\/11\/casa-barreda.png?resize=350%2C200","width":350,"height":200},"classes":[]},{"id":2204,"url":"https:\/\/www.24baires.com\/?p=2204","url_meta":{"origin":5148,"position":5},"title":"\u00ab\u00bfPor qu\u00e9 alguien se cree que tiene el privilegio de no cumplir la ley?\u201d cuestion\u00f3 Sabbatella","author":"Grupo Sierra","date":"15\/10\/2012","format":false,"excerpt":"El titular de la AFSCA, Mart\u00edn Sabbatella, afirm\u00f3 que hay en marcha en el Consejo de la Magistratura una \"maniobra de sectores de la oposici\u00f3n asociados a intereses concentrados y medi\u00e1ticos de la Argentina\". As\u00ed lo expres\u00f3 Sabbatella en di\u00e1logo con el programa 678 de la TV P\u00fablica, al referirse\u2026","rel":"","context":"En \u00abMedios\u00bb","block_context":{"text":"Medios","link":"https:\/\/www.24baires.com\/?cat=54"},"img":{"alt_text":"","src":"https:\/\/i0.wp.com\/www.24baires.com\/wp-content\/uploads\/2012\/10\/sabbatella678.jpg?resize=350%2C200","width":350,"height":200,"srcset":"https:\/\/i0.wp.com\/www.24baires.com\/wp-content\/uploads\/2012\/10\/sabbatella678.jpg?resize=350%2C200 1x, https:\/\/i0.wp.com\/www.24baires.com\/wp-content\/uploads\/2012\/10\/sabbatella678.jpg?resize=525%2C300 1.5x"},"classes":[]}],"jetpack_sharing_enabled":true,"jetpack_likes_enabled":true,"_links":{"self":[{"href":"https:\/\/www.24baires.com\/index.php?rest_route=\/wp\/v2\/posts\/5148","targetHints":{"allow":["GET"]}}],"collection":[{"href":"https:\/\/www.24baires.com\/index.php?rest_route=\/wp\/v2\/posts"}],"about":[{"href":"https:\/\/www.24baires.com\/index.php?rest_route=\/wp\/v2\/types\/post"}],"author":[{"embeddable":true,"href":"https:\/\/www.24baires.com\/index.php?rest_route=\/wp\/v2\/users\/11"}],"replies":[{"embeddable":true,"href":"https:\/\/www.24baires.com\/index.php?rest_route=%2Fwp%2Fv2%2Fcomments&post=5148"}],"version-history":[{"count":4,"href":"https:\/\/www.24baires.com\/index.php?rest_route=\/wp\/v2\/posts\/5148\/revisions"}],"predecessor-version":[{"id":5153,"href":"https:\/\/www.24baires.com\/index.php?rest_route=\/wp\/v2\/posts\/5148\/revisions\/5153"}],"wp:attachment":[{"href":"https:\/\/www.24baires.com\/index.php?rest_route=%2Fwp%2Fv2%2Fmedia&parent=5148"}],"wp:term":[{"taxonomy":"category","embeddable":true,"href":"https:\/\/www.24baires.com\/index.php?rest_route=%2Fwp%2Fv2%2Fcategories&post=5148"},{"taxonomy":"post_tag","embeddable":true,"href":"https:\/\/www.24baires.com\/index.php?rest_route=%2Fwp%2Fv2%2Ftags&post=5148"}],"curies":[{"name":"wp","href":"https:\/\/api.w.org\/{rel}","templated":true}]}}