{"id":5140,"date":"2012-11-12T14:43:44","date_gmt":"2012-11-12T17:43:44","guid":{"rendered":"http:\/\/www.24baires.com\/?p=5140"},"modified":"2012-11-12T14:43:44","modified_gmt":"2012-11-12T17:43:44","slug":"casbas-continua-celebrando-su-101o-aniversario","status":"publish","type":"post","link":"https:\/\/www.24baires.com\/?p=5140","title":{"rendered":"Casbas contin\u00faa celebrando su 101\u00ba aniversario"},"content":{"rendered":"<p>Algunos de los atractivos fueron las inauguraciones de obras, un almuerzo popular con m\u00e1s de 2 mil personas, y el recital de Abel Pintos.<!--more--><\/p>\n<p>Hasta el mi\u00e9rcoles, se realizan varios shows, inauguraciones y eventos que el gobierno municipal organiz\u00f3 para la celebraci\u00f3n de la fundaci\u00f3n.<\/p>\n<p>Entre las autoridades que asistieron se encontraba el Intendente N\u00e9stor \u00c1lvarez, de la Ministra de Gobierno de la Provincia Cristina \u00c1lvarez Rodr\u00edguez, del Presidente del Servicio Provincial de Agua Potable y Saneamiento Rural, Juan Mar\u00eda Vi\u00f1ales, y dem\u00e1s funcionarios provinciales y municipales.<\/p>\n<p>El Intendente \u00c1lvarez agradeci\u00f3 a todos los empleados Municipales por su labor, donaciones y en particular tanto al Gobierno Nacional, como Provincial, a trav\u00e9s de sus Ministerios y Secretar\u00edas por brindar subsidios con el fin de poder llevar a cabo las gestiones del gobierno municipal.<\/p>\n","protected":false},"excerpt":{"rendered":"<p>Algunos de los atractivos fueron las inauguraciones de obras, un almuerzo popular con m\u00e1s de 2 mil personas, y el recital de Abel Pintos.<\/p>\n","protected":false},"author":4,"featured_media":0,"comment_status":"open","ping_status":"open","sticky":false,"template":"","format":"standard","meta":{"_jetpack_newsletter_access":"","_jetpack_dont_email_post_to_subs":false,"_jetpack_newsletter_tier_id":0,"_jetpack_memberships_contains_paywalled_content":false,"_jetpack_memberships_contains_paid_content":false,"footnotes":""},"categories":[38],"tags":[],"class_list":["post-5140","post","type-post","status-publish","format-standard","hentry","category-locales"],"jetpack_featured_media_url":"","jetpack_shortlink":"https:\/\/wp.me\/p2JWE0-1kU","jetpack-related-posts":[{"id":121331,"url":"https:\/\/www.24baires.com\/?p=121331","url_meta":{"origin":5140,"position":0},"title":"Kicillof anunci\u00f3 el pago del fondo municipal y cruz\u00f3 a Milei : \u00abEl Gobierno de la Provincia no se borra\u00bb","author":"GB","date":"13\/05\/2024","format":false,"excerpt":"Junto a unos 90 intendentes peronistas, UCR y vecinalistas- hubo faltazo PRO-, Axel Kicillof firm\u00f3 la segunda cuota del Fondo de Fortalecimiento Municipal . Axel Kicillof encabez\u00f3 este lunes en Casa de Gobierno el acto de firma para el pago de la Segunda Cuota del Fondo de Fortalecimiento Municipal- ex\u2026","rel":"","context":"En \u00abProvincia\u00bb","block_context":{"text":"Provincia","link":"https:\/\/www.24baires.com\/?cat=40"},"img":{"alt_text":"","src":"https:\/\/i0.wp.com\/www.24baires.com\/wp-content\/uploads\/2024\/05\/axel-gabinete.webp?resize=350%2C200","width":350,"height":200,"srcset":"https:\/\/i0.wp.com\/www.24baires.com\/wp-content\/uploads\/2024\/05\/axel-gabinete.webp?resize=350%2C200 1x, https:\/\/i0.wp.com\/www.24baires.com\/wp-content\/uploads\/2024\/05\/axel-gabinete.webp?resize=525%2C300 1.5x, https:\/\/i0.wp.com\/www.24baires.com\/wp-content\/uploads\/2024\/05\/axel-gabinete.webp?resize=700%2C400 2x"},"classes":[]},{"id":11806,"url":"https:\/\/www.24baires.com\/?p=11806","url_meta":{"origin":5140,"position":1},"title":"Balcarce: inauguran edificio anexo al Palacio Comunal","author":"AF","date":"11\/01\/2013","format":false,"excerpt":"\u201cInaugurar este anexo nos demuestra que somos una gesti\u00f3n en movimiento. Esto es el fruto de todas las gestiones, de todos los viajes a La Plata y Buenos Aires. Siempre digo no son de paseo sino de gesti\u00f3n, no son para viaticar sino para gestionar, que es algo totalmente diferente\u201d\u2026","rel":"","context":"En \u00abSociedad\u00bb","block_context":{"text":"Sociedad","link":"https:\/\/www.24baires.com\/?cat=1"},"img":{"alt_text":"anexo balcarce","src":"https:\/\/i0.wp.com\/www.24baires.com\/wp-content\/uploads\/2013\/01\/anexo-balcarce-300x133.jpg?resize=350%2C200","width":350,"height":200},"classes":[]},{"id":37811,"url":"https:\/\/www.24baires.com\/?p=37811","url_meta":{"origin":5140,"position":2},"title":"Cr\u00edticas al FR: \u00abcuando uno no tiene responsabilidad de gobierno, hablar es gratis\u00bb","author":"GB","date":"02\/01\/2014","format":false,"excerpt":"As\u00ed lo manifest\u00f3 la ministra de Gobierno de la provincia de Buenos Aires, Cristina \u00c1lvarez Rodr\u00edguez, al apuntar contra u grupo de intendentes y legisladores del Frente Renovador que \"critican\" la gesti\u00f3n. \"Nos gustar\u00eda escuchar propuestas constructivas, no quejas de imitaciones\", enfatiz\u00f3. La ministra de Gobierno de la provincia de\u2026","rel":"","context":"En \u00abPol\u00edtica\u00bb","block_context":{"text":"Pol\u00edtica","link":"https:\/\/www.24baires.com\/?cat=51"},"img":{"alt_text":"","src":"","width":0,"height":0},"classes":[]},{"id":50464,"url":"https:\/\/www.24baires.com\/?p=50464","url_meta":{"origin":5140,"position":3},"title":"Ya son 70 los municipios que tienen Comisar\u00eda de la Mujer","author":"AF","date":"24\/07\/2014","format":false,"excerpt":"La ministra de Gobierno y presidenta del Consejo Provincial de las Mujeres, Cristina \u00c1lvarez Rodr\u00edguez, asegur\u00f3 que \u201cel gobierno provincial est\u00e1 comprometido con la promoci\u00f3n de pol\u00edticas en materia de violencia de g\u00e9nero\u201d, al inaugurar hoy la Comisar\u00eda de la Mujer y la Familia de Baradero, la n\u00famero 70 en\u2026","rel":"","context":"En \u00abMunicipios\u00bb","block_context":{"text":"Municipios","link":"https:\/\/www.24baires.com\/?cat=44"},"img":{"alt_text":"comisar\u00eda mujer bragado","src":"https:\/\/i0.wp.com\/www.24baires.com\/wp-content\/uploads\/2014\/07\/comisar%C3%ADa-mujer-bragado.jpg?resize=350%2C200","width":350,"height":200,"srcset":"https:\/\/i0.wp.com\/www.24baires.com\/wp-content\/uploads\/2014\/07\/comisar%C3%ADa-mujer-bragado.jpg?resize=350%2C200 1x, https:\/\/i0.wp.com\/www.24baires.com\/wp-content\/uploads\/2014\/07\/comisar%C3%ADa-mujer-bragado.jpg?resize=525%2C300 1.5x"},"classes":[]},{"id":22914,"url":"https:\/\/www.24baires.com\/?p=22914","url_meta":{"origin":5140,"position":4},"title":"Scioli inaugur\u00f3 dos escuelas de polic\u00edas con Intendentes de numerosos partidos pol\u00edticos","author":"AF","date":"07\/05\/2013","format":false,"excerpt":"El gobernador Daniel Scioli inaugur\u00f3 ayer lunes dos sedes descentralizadas de formaci\u00f3n policial en los distritos de Rojas y Ramallo, donde se reuni\u00f3 con intendentes de distintos signos pol\u00edticos. El Gobernador inaugur\u00f3 dos nuevas escuelas descentralizadas de polic\u00eda con casi 350 aspirantes y en ese marco destac\u00f3 el \u201ccompromiso, la\u2026","rel":"","context":"En \u00abPol\u00edtica\u00bb","block_context":{"text":"Pol\u00edtica","link":"https:\/\/www.24baires.com\/?cat=51"},"img":{"alt_text":"","src":"","width":0,"height":0},"classes":[]},{"id":48627,"url":"https:\/\/www.24baires.com\/?p=48627","url_meta":{"origin":5140,"position":5},"title":"Scioli entreg\u00f3 escrituras en Berazategui","author":"GB","date":"24\/06\/2014","format":false,"excerpt":"El gobernador Daniel Scioli afirm\u00f3 este martes que desde su gesti\u00f3n se busca \"facilitar los objetivos de los municipios\", al desarrollar una intensa agenda en la localidad bonaerense de Berazategui. En ese marco, la actividad que llev\u00f3 adelante el mandatario incluy\u00f3 la entrega de 76 escrituras sociales, apoyo financiero, 82\u2026","rel":"","context":"En \u00abLocales\u00bb","block_context":{"text":"Locales","link":"https:\/\/www.24baires.com\/?cat=38"},"img":{"alt_text":"scioli berazategui","src":"https:\/\/i0.wp.com\/www.24baires.com\/wp-content\/uploads\/2014\/06\/scioli-berazategui.png?resize=350%2C200","width":350,"height":200},"classes":[]}],"jetpack_sharing_enabled":true,"jetpack_likes_enabled":true,"_links":{"self":[{"href":"https:\/\/www.24baires.com\/index.php?rest_route=\/wp\/v2\/posts\/5140","targetHints":{"allow":["GET"]}}],"collection":[{"href":"https:\/\/www.24baires.com\/index.php?rest_route=\/wp\/v2\/posts"}],"about":[{"href":"https:\/\/www.24baires.com\/index.php?rest_route=\/wp\/v2\/types\/post"}],"author":[{"embeddable":true,"href":"https:\/\/www.24baires.com\/index.php?rest_route=\/wp\/v2\/users\/4"}],"replies":[{"embeddable":true,"href":"https:\/\/www.24baires.com\/index.php?rest_route=%2Fwp%2Fv2%2Fcomments&post=5140"}],"version-history":[{"count":2,"href":"https:\/\/www.24baires.com\/index.php?rest_route=\/wp\/v2\/posts\/5140\/revisions"}],"predecessor-version":[{"id":5142,"href":"https:\/\/www.24baires.com\/index.php?rest_route=\/wp\/v2\/posts\/5140\/revisions\/5142"}],"wp:attachment":[{"href":"https:\/\/www.24baires.com\/index.php?rest_route=%2Fwp%2Fv2%2Fmedia&parent=5140"}],"wp:term":[{"taxonomy":"category","embeddable":true,"href":"https:\/\/www.24baires.com\/index.php?rest_route=%2Fwp%2Fv2%2Fcategories&post=5140"},{"taxonomy":"post_tag","embeddable":true,"href":"https:\/\/www.24baires.com\/index.php?rest_route=%2Fwp%2Fv2%2Ftags&post=5140"}],"curies":[{"name":"wp","href":"https:\/\/api.w.org\/{rel}","templated":true}]}}