{"id":51238,"date":"2014-08-05T21:24:25","date_gmt":"2014-08-06T00:24:25","guid":{"rendered":"http:\/\/www.24baires.com\/?p=51238"},"modified":"2014-08-05T21:24:25","modified_gmt":"2014-08-06T00:24:25","slug":"el-amor-vencio-al-odio","status":"publish","type":"post","link":"https:\/\/www.24baires.com\/?p=51238","title":{"rendered":"El amor venci\u00f3 al odio"},"content":{"rendered":"<p><img data-recalc-dims=\"1\" loading=\"lazy\" decoding=\"async\" class=\"aligncenter size-full wp-image-2916\" src=\"https:\/\/i0.wp.com\/www.24baires.com\/wp-content\/uploads\/2012\/10\/carlotto-estela.jpg?resize=560%2C335\" alt=\"carlotto estela\" width=\"560\" height=\"335\" srcset=\"https:\/\/i0.wp.com\/www.24baires.com\/wp-content\/uploads\/2012\/10\/carlotto-estela.jpg?w=560&amp;ssl=1 560w, https:\/\/i0.wp.com\/www.24baires.com\/wp-content\/uploads\/2012\/10\/carlotto-estela.jpg?resize=300%2C179&amp;ssl=1 300w\" sizes=\"auto, (max-width: 560px) 100vw, 560px\" \/>Un d\u00eda fui a ver una pel\u00edcula al Festival de cine de Mar del Plata, Verdades verdaderas. La historia de la lucha de Estella de Carlotto durante la desaparici\u00f3n de su hija Laura, cuando fue a reconocer su cad\u00e1ver, cuando se enter\u00f3 que Laura estaba embarazada de 6 meses al momento del secuestro y su lucha de m\u00e1s de 35 a\u00f1os buscando a Guido, su nieto. Result\u00f3 ser que Estela estaba ah\u00ed. Mientras hac\u00edamos fila para entrar al Col\u00f3n sali\u00f3 de la Municipalidad, empezamos a aplaudirla ni bien la vimos, por reflejo, por emoci\u00f3n, por memoria. <!--more--><\/p>\n<p>Era la primera vez que la ve\u00eda. Vio la pel\u00edcula con nosotros. Yo miraba la pantalla y la miraba a ella, no pod\u00eda dejar de hacerlo, reconociendo sus canas unos metros delante de m\u00ed. Me esforc\u00e9 toda la pel\u00edcula por aguantar las l\u00e1grimas, porque era llanto, y debo decir que lo logr\u00e9 hasta casi el final. Cuando termin\u00f3, ella se levant\u00f3 y fue hasta el escenario, ovacionada de pie. Pidi\u00f3 unos segundos, porque era la segunda vez que ve\u00eda el film y todav\u00eda le afectaba mucho, dijo. Nos habl\u00f3, nos inst\u00f3 a luchar, por supuesto y dijo, levantando un pu\u00f1o, \u201cBueno, a seguir militando\u201d, antes de despedirse. All\u00ed pens\u00e9, me corrijo, sent\u00ed, lo que siento siempre que pienso en ella: \u201cEst\u00e1 es la madre que me queda\u201d.<\/p>\n<p>Ella, siempre tan distinta. Ella, que cuando nos ense\u00f1aban a olvidar hasta lo que no nos hab\u00edan querido ense\u00f1ar (sepan disculpar, pero fui a la escuela en los \u201990), ella segu\u00eda, todas ellas segu\u00edan adelante, batallando contra la imposici\u00f3n del rencor, contra la fr\u00eda y dura cortina de olvido y desprecio que hab\u00edan bajado durante d\u00e9cadas sobre ellas y su lucha. Estela segu\u00eda. Segu\u00eda amando, peleando a las pi\u00f1as contra el odio que todav\u00eda est\u00e1 ah\u00ed, agazapado.<\/p>\n<p>Peleando contra esos molinos de viento que durante a\u00f1os fueron los gigantes de la ignorancia, del no te met\u00e1s, del algo habr\u00e1n hecho.<\/p>\n<p>Ella segu\u00eda, cuando las llamaban locas, cuando las reprim\u00edan en una plaza de sangre en el 2001, cuando los jueves eran tan pocos los que daban la vuelta. Ella segu\u00eda, firme, apoyada en el bast\u00f3n de la verdad, buscando justicia.<\/p>\n<p>Ella, maestra, ha dado las mejores ense\u00f1anzas que podemos aprender.<\/p>\n<p>Ella puso la otra mejilla toda su vida, ella agarr\u00f3 su dolor, el peor dolor de todos que es el de perder a un hijo, y lo hizo bandera. Bandera de amor, sin rencor, sin revanchismo. Ella, como las dem\u00e1s Madres y Abuelas, quiz\u00e1 sin quererlo, tambi\u00e9n nos transmiti\u00f3 ese dolor, un poco de ese dolor. Porque nos duele ese pedazo de nuestra historia, porque nos duele, aun sin haberlo vivido, ese genocidio, la tortura, la violaci\u00f3n, la desaparici\u00f3n sistem\u00e1tica. Nos duele que se hayan robado a los bebitos y despu\u00e9s matados a sus mam\u00e1s y sus pap\u00e1s. Y que los hayan obligado a crecer en la mentira. Nos duele mucho. Lloramos de dolor, porque sabemos.<\/p>\n<p>Porque aprendimos las lecciones que deb\u00edamos, porque no nos quedamos en la comodidad del hip\u00f3crita que dice que hay que dar vuelta la p\u00e1gina, que el pasado est\u00e1 pisado. Porque al pasado lo pisaron, s\u00ed, lo pisaron las botas viles y aplastaron a 30,000, nos aplastaron a todos.<\/p>\n<p>Pero Estela no baj\u00f3 los brazos, no afloj\u00f3 nunca, no perdi\u00f3 la esperanza que parec\u00eda ser una burla cruel a\u00f1o tras a\u00f1o. Muchos estuvieron con ellas, es cierto, pero las generaciones que nacimos despu\u00e9s tuvimos que esperar mucho hasta que algo cambi\u00f3. Y llegaron unos que la reivindicaron, a ella y a todas ellas. Lleg\u00f3 uno que pidi\u00f3 perd\u00f3n en nombre del Estado por ese aberrante genocidio. Y baj\u00f3 los cuadros. Y las puso en el centro de la escena, como estaba ella aquel d\u00eda en el Col\u00f3n, bajo las luces, abrigada con nuestro cari\u00f1o. Y construimos a partir de ah\u00ed. Empezamos a juntar nuestros pedazos, a mirarnos de frente, a decir que no, que nada est\u00e1 olvidado, como ellas dijeron siempre, que si no conocemos el pasado estamos condenados a repetirlo. Y buscamos la verdad, junto a estas viejitas hermosas, porque esto que construimos se llama Memoria. Y la Memoria no descansa, no duerme, no espera. Es urgente. La Memoria es un latido constante, porque est\u00e1 viva. Porque es la sangre derramada, porque pincha, porque lastima si es necesario. Porque a los compa\u00f1eros no se los olvida, nunca.<\/p>\n<p>Hoy es un d\u00eda especial. Hoy apareci\u00f3 Guido. Hoy Laura revive. Hoy encontramos a unos de los bebitos que est\u00e1bamos buscando desde hace tanto, y este es un bebito muy especial. Hoy gritamos el gol m\u00e1s importante del a\u00f1o. Este es el Mundial que hab\u00eda que ganar. Hoy ganamos, argentinos, argentinas. Hoy ganamos todos. Hoy es d\u00eda de Fiesta. Esta alegr\u00eda que nos hace llorar y re\u00edr a la vez, es nuestra, toda nuestra. De todos, de todas. Porque a los nietos los buscamos entre todos. Porque Estela es de todos, porque es la mam\u00e1 de todos. Porque sus hijos, que somos millones, tenemos un sobrino m\u00e1s. Hoy somos todos t\u00edos de Guido, somos millones de t\u00edos. Mir\u00e1 que gran familia armaste con tu lucha, Estela querida, mir\u00e1 qu\u00e9 grande es tu familia. Y la familia no abandona jam\u00e1s. Como Estela, que no abandon\u00f3, que no dio un paso atr\u00e1s nunca, ni para tomar carrera, como Estela, que venci\u00f3 al odio. Hoy, una vez m\u00e1s, hemos vencido a la Muerte. Viva la vida. Vivan todas esas vidas, que est\u00e1n presentes, ahora y siempre. Ahora y siempre.<\/p>\n","protected":false},"excerpt":{"rendered":"<p>Un d\u00eda fui a ver una pel\u00edcula al Festival de cine de Mar del Plata, Verdades verdaderas. La historia de la lucha de Estella de Carlotto durante la desaparici\u00f3n de su hija Laura, cuando fue a reconocer su cad\u00e1ver, cuando se enter\u00f3 que Laura estaba embarazada de 6 meses al momento del secuestro y su lucha de m\u00e1s de 35 [&#8230;]<\/p>\n","protected":false},"author":11,"featured_media":0,"comment_status":"open","ping_status":"open","sticky":false,"template":"","format":"standard","meta":{"_jetpack_newsletter_access":"","_jetpack_dont_email_post_to_subs":false,"_jetpack_newsletter_tier_id":0,"_jetpack_memberships_contains_paywalled_content":false,"_jetpack_memberships_contains_paid_content":false,"footnotes":""},"categories":[64],"tags":[],"class_list":["post-51238","post","type-post","status-publish","format-standard","hentry","category-opinion"],"jetpack_featured_media_url":"","jetpack_shortlink":"https:\/\/wp.me\/p2JWE0-dkq","jetpack-related-posts":[{"id":54512,"url":"https:\/\/www.24baires.com\/?p=54512","url_meta":{"origin":51238,"position":0},"title":"Relatos Salvajes va por los Oscar","author":"Grupo Sierra","date":"30\/09\/2014","format":false,"excerpt":"El tercer largometraje de Dami\u00e1n Szifr\u00f3n que es uno de los m\u00e1ximos hitos de la historia del cine argentino, fue seleccionada por la Academia de las Artes y Ciencias Cinematogr\u00e1ficas de la Argentina para competir por una estatuilla en Los \u00c1ngeles. El filme en episodios que compiti\u00f3 en el Festival\u2026","rel":"","context":"En \u00abEspectaculos\u00bb","block_context":{"text":"Espectaculos","link":"https:\/\/www.24baires.com\/?cat=41"},"img":{"alt_text":"relatos_salvajes-small","src":"https:\/\/i0.wp.com\/www.24baires.com\/wp-content\/uploads\/2014\/09\/relatos_salvajes-small.jpg?resize=350%2C200","width":350,"height":200,"srcset":"https:\/\/i0.wp.com\/www.24baires.com\/wp-content\/uploads\/2014\/09\/relatos_salvajes-small.jpg?resize=350%2C200 1x, https:\/\/i0.wp.com\/www.24baires.com\/wp-content\/uploads\/2014\/09\/relatos_salvajes-small.jpg?resize=525%2C300 1.5x"},"classes":[]},{"id":76964,"url":"https:\/\/www.24baires.com\/?p=76964","url_meta":{"origin":51238,"position":1},"title":"Laura Alonso fue designada titular de la secretar\u00eda de \u00c9tica P\u00fablica y Lucha contra la Corrupci\u00f3n","author":"AF","date":"29\/12\/2015","format":false,"excerpt":"La licenciada Laura Alonso fue designada al frente de la Secretar\u00eda de \u00c9tica P\u00fablica, Transparencia y Lucha contra la Corrupci\u00f3n, que funciona en el \u00e1mbito de la ex Oficina Anticorrupci\u00f3n del Ministerio de Justicia y Derechos Humanos, seg\u00fan publica el Bolet\u00edn Oficial a trav\u00e9s del decreto 252\/15. Con la firma\u2026","rel":"","context":"En \u00abPol\u00edtica\u00bb","block_context":{"text":"Pol\u00edtica","link":"https:\/\/www.24baires.com\/?cat=51"},"img":{"alt_text":"","src":"","width":0,"height":0},"classes":[]},{"id":59714,"url":"https:\/\/www.24baires.com\/?p=59714","url_meta":{"origin":51238,"position":2},"title":"\u00abRelatos salvajes\u00bb tiene nueve nominaciones en los premios Goya","author":"GB","date":"07\/01\/2015","format":false,"excerpt":"El film de Dami\u00e1n Szifr\u00f3n, devenido en el m\u00e1s visto en la historia del cine argentino, acapar\u00f3 nueve nominaciones a los espa\u00f1oles Premios Goya, entre ellas las de los rubros correspondientes a pel\u00edcula, director, actor y pel\u00edcula iberoamericana, convirti\u00e9ndose en la tercera mejor posicionada de todo el listado anunciado por\u2026","rel":"","context":"En \u00abEspectaculos\u00bb","block_context":{"text":"Espectaculos","link":"https:\/\/www.24baires.com\/?cat=41"},"img":{"alt_text":"relatos_salvajes-small","src":"https:\/\/i0.wp.com\/www.24baires.com\/wp-content\/uploads\/2014\/09\/relatos_salvajes-small.jpg?resize=350%2C200","width":350,"height":200,"srcset":"https:\/\/i0.wp.com\/www.24baires.com\/wp-content\/uploads\/2014\/09\/relatos_salvajes-small.jpg?resize=350%2C200 1x, https:\/\/i0.wp.com\/www.24baires.com\/wp-content\/uploads\/2014\/09\/relatos_salvajes-small.jpg?resize=525%2C300 1.5x"},"classes":[]},{"id":37234,"url":"https:\/\/www.24baires.com\/?p=37234","url_meta":{"origin":51238,"position":3},"title":"Todos se suben a la \u00abBici Cine\u00bb de Carlos Keen","author":"Grupo Sierra","date":"21\/12\/2013","format":false,"excerpt":"Los viernes de diciembre, enero y febrero se exhiben pel\u00edculas al aire libre en la vieja estaci\u00f3n del ferrocarril de esa localidad lujanense. En la localidad de Carlos Keen, partido de Luj\u00e1n, se desarrolla los viernes de diciembre, enero y febrero el denominado \u201cBici Cine\u201d en donde se ven pel\u00edculas\u2026","rel":"","context":"En \u00abLocales\u00bb","block_context":{"text":"Locales","link":"https:\/\/www.24baires.com\/?cat=38"},"img":{"alt_text":"20130125-bici-cine-2013-en-pueblo-turstico-de-carlos-keen-600x480","src":"https:\/\/i0.wp.com\/www.24baires.com\/wp-content\/uploads\/2013\/12\/20130125-bici-cine-2013-en-pueblo-turstico-de-carlos-keen-600x480-300x191.jpg?resize=350%2C200","width":350,"height":200},"classes":[]},{"id":59016,"url":"https:\/\/www.24baires.com\/?p=59016","url_meta":{"origin":51238,"position":4},"title":"Relatos Salvajes super\u00f3 los 3,4 millones de espectadores","author":"GB","date":"22\/12\/2014","format":false,"excerpt":"\"Relatos Salvajes\", de Dami\u00e1n Szifr\u00f3n, sigue batiendo r\u00e9cords y este fin de semana super\u00f3 los 3,4 millones de espectadores, cifra que la convierte en la pel\u00edcula argentina m\u00e1s vista de todos los tiempos y que la ubica en el tercer lugar entre los filmes con mayor concurrencia de la historia\u2026","rel":"","context":"En \u00abEspectaculos\u00bb","block_context":{"text":"Espectaculos","link":"https:\/\/www.24baires.com\/?cat=41"},"img":{"alt_text":"relatos_salvajes-small","src":"https:\/\/i0.wp.com\/www.24baires.com\/wp-content\/uploads\/2014\/09\/relatos_salvajes-small.jpg?resize=350%2C200","width":350,"height":200,"srcset":"https:\/\/i0.wp.com\/www.24baires.com\/wp-content\/uploads\/2014\/09\/relatos_salvajes-small.jpg?resize=350%2C200 1x, https:\/\/i0.wp.com\/www.24baires.com\/wp-content\/uploads\/2014\/09\/relatos_salvajes-small.jpg?resize=525%2C300 1.5x"},"classes":[]},{"id":663,"url":"https:\/\/www.24baires.com\/?p=663","url_meta":{"origin":51238,"position":5},"title":"Homenajearon a alumnos y docentes desaparecidos del Normal 1 de La Plata","author":"Grupo Sierra","date":"28\/09\/2012","format":false,"excerpt":"El secretario de Derechos Humanos, Guido Carlotto, particip\u00f3 de acto en el que se descubri\u00f3 una placa en homenaje a las v\u00edctimas del terrorismo de Estado 1976-83 del Normal 1, entre las que se encuentra su hermana Laura. Estela de Carlotto cerr\u00f3 la jornada de la que participaron estudiantes, docentes,\u2026","rel":"","context":"En \u00abMemoria\u00bb","block_context":{"text":"Memoria","link":"https:\/\/www.24baires.com\/?cat=50"},"img":{"alt_text":"","src":"","width":0,"height":0},"classes":[]}],"jetpack_sharing_enabled":true,"jetpack_likes_enabled":true,"_links":{"self":[{"href":"https:\/\/www.24baires.com\/index.php?rest_route=\/wp\/v2\/posts\/51238","targetHints":{"allow":["GET"]}}],"collection":[{"href":"https:\/\/www.24baires.com\/index.php?rest_route=\/wp\/v2\/posts"}],"about":[{"href":"https:\/\/www.24baires.com\/index.php?rest_route=\/wp\/v2\/types\/post"}],"author":[{"embeddable":true,"href":"https:\/\/www.24baires.com\/index.php?rest_route=\/wp\/v2\/users\/11"}],"replies":[{"embeddable":true,"href":"https:\/\/www.24baires.com\/index.php?rest_route=%2Fwp%2Fv2%2Fcomments&post=51238"}],"version-history":[{"count":1,"href":"https:\/\/www.24baires.com\/index.php?rest_route=\/wp\/v2\/posts\/51238\/revisions"}],"predecessor-version":[{"id":51239,"href":"https:\/\/www.24baires.com\/index.php?rest_route=\/wp\/v2\/posts\/51238\/revisions\/51239"}],"wp:attachment":[{"href":"https:\/\/www.24baires.com\/index.php?rest_route=%2Fwp%2Fv2%2Fmedia&parent=51238"}],"wp:term":[{"taxonomy":"category","embeddable":true,"href":"https:\/\/www.24baires.com\/index.php?rest_route=%2Fwp%2Fv2%2Fcategories&post=51238"},{"taxonomy":"post_tag","embeddable":true,"href":"https:\/\/www.24baires.com\/index.php?rest_route=%2Fwp%2Fv2%2Ftags&post=51238"}],"curies":[{"name":"wp","href":"https:\/\/api.w.org\/{rel}","templated":true}]}}