{"id":5094,"date":"2012-11-12T11:01:40","date_gmt":"2012-11-12T14:01:40","guid":{"rendered":"http:\/\/www.24baires.com\/?p=5094"},"modified":"2012-11-12T11:01:40","modified_gmt":"2012-11-12T14:01:40","slug":"mercedes-inauguro-su-radio-publica-municipal","status":"publish","type":"post","link":"https:\/\/www.24baires.com\/?p=5094","title":{"rendered":"Mercedes inaugur\u00f3 su radio p\u00fablica municipal"},"content":{"rendered":"<p><img data-recalc-dims=\"1\" loading=\"lazy\" decoding=\"async\" class=\"alignleft size-medium wp-image-5095\" title=\"fm 88.5\" src=\"https:\/\/i0.wp.com\/www.24baires.com\/wp-content\/uploads\/2012\/11\/fm-88.5.jpg?resize=300%2C199\" alt=\"\" width=\"300\" height=\"199\" srcset=\"https:\/\/i0.wp.com\/www.24baires.com\/wp-content\/uploads\/2012\/11\/fm-88.5.jpg?resize=300%2C199&amp;ssl=1 300w, https:\/\/i0.wp.com\/www.24baires.com\/wp-content\/uploads\/2012\/11\/fm-88.5.jpg?w=516&amp;ssl=1 516w\" sizes=\"auto, (max-width: 300px) 100vw, 300px\" \/>\u00abLa 88.5\u00bb surge de un convenio firmado con Radio Provincia. La emisora constituye \u00abuna motivaci\u00f3n social que estimula\u00bb, dijo el intendente.<!--more--><br \/>\nEl partido de Mercedes ya tiene su radio municipal: la Radio P\u00fablica de Mercedes, \u00abLa 88.5\u00bb. La emisora es el resultado de varios meses de trabajo que dieron comienzo con un convenio marco de colaboraci\u00f3n y cooperaci\u00f3n que la Municipalidad firm\u00f3 con Radio Provincia de Buenos Aires. El director de Radio Provincia, Roberto Zarlenga, dijo que por pedido del gobernador Scioli \u00abempezamos a hacer una suerte de asesoramiento y apoyo\u00bb para lograr que todos los municipios puedan tener su radio p\u00fablica. Agreg\u00f3 que esta emisora es el fruto de \u00abun trabajo conjunto y a\u00f1orado\u00bb.<\/p>\n<p>Por su parte, el intendente Carlos Selva, se\u00f1al\u00f3 que la emisora se inaugura hoy por tratarse del D\u00eda del Trabajador Municipal. Respecto de la programaci\u00f3n, indic\u00f3 que habr\u00e1 \u00abmucha informaci\u00f3n, conexiones diarias con Radio Provincia y mucha difusi\u00f3n de las actividades de las instituciones\u00bb. Al respecto, subray\u00f3 que 46 instituciones tendr\u00e1n su propio espacio radial.<br \/>\nPara Selva, tener una radio \u00abes una motivaci\u00f3n social que estimula y empuja para este desaf\u00edo que vamos a afrontar\u00bb y para el Municipio \u00abes una nueva etapa\u00bb.<\/p>\n","protected":false},"excerpt":{"rendered":"<p>\u00abLa 88.5\u00bb surge de un convenio firmado con Radio Provincia. La emisora constituye \u00abuna motivaci\u00f3n social que estimula\u00bb, dijo el intendente.<\/p>\n","protected":false},"author":4,"featured_media":0,"comment_status":"open","ping_status":"open","sticky":false,"template":"","format":"standard","meta":{"_jetpack_newsletter_access":"","_jetpack_dont_email_post_to_subs":false,"_jetpack_newsletter_tier_id":0,"_jetpack_memberships_contains_paywalled_content":false,"_jetpack_memberships_contains_paid_content":false,"footnotes":""},"categories":[38],"tags":[],"class_list":["post-5094","post","type-post","status-publish","format-standard","hentry","category-locales"],"jetpack_featured_media_url":"","jetpack_shortlink":"https:\/\/wp.me\/p2JWE0-1ka","jetpack-related-posts":[{"id":51031,"url":"https:\/\/www.24baires.com\/?p=51031","url_meta":{"origin":5094,"position":0},"title":"Ituzaing\u00f3: ponen en marcha la tercera radio p\u00fablica municipal de la Provincia","author":"AF","date":"02\/08\/2014","format":false,"excerpt":"El municipio pondr\u00e1 en marcha el lunes una radio p\u00fablica propia, con alcance en todo el \u00e1rea del distrito, en el marco de la Ley de Servicios de Comunicaci\u00f3n Audiovisual. \"Hace un tiempo el intendente Alberto Descalzo nos encomend\u00f3 la tarea de crear este espacio y es as\u00ed como nos\u2026","rel":"","context":"En \u00abLocales\u00bb","block_context":{"text":"Locales","link":"https:\/\/www.24baires.com\/?cat=38"},"img":{"alt_text":"","src":"","width":0,"height":0},"classes":[]},{"id":25208,"url":"https:\/\/www.24baires.com\/?p=25208","url_meta":{"origin":5094,"position":1},"title":"Inauguran en Suipacha una radio p\u00fablica","author":"AF","date":"06\/06\/2013","format":false,"excerpt":"Ma\u00f1ana, en el D\u00eda del Periodista, Suipacha inaugura su radio p\u00fablica en el 87.9 de Frecuencia Modulada. El secretario de Prensa de la Municipalidad, Jos\u00e9 Apeztegu\u00eda, dijo que la emisora brindar\u00e1 gratuitamente espacios semanales a los vecinos de comunidad para que se escuchen todas las voces. Resalto que este \u201cacontecimiento\u201d\u2026","rel":"","context":"En \u00abLocales\u00bb","block_context":{"text":"Locales","link":"https:\/\/www.24baires.com\/?cat=38"},"img":{"alt_text":"89.7 suipacha","src":"https:\/\/i0.wp.com\/www.24baires.com\/wp-content\/uploads\/2013\/06\/89.7-suipacha2.jpg?resize=350%2C200","width":350,"height":200,"srcset":"https:\/\/i0.wp.com\/www.24baires.com\/wp-content\/uploads\/2013\/06\/89.7-suipacha2.jpg?resize=350%2C200 1x, https:\/\/i0.wp.com\/www.24baires.com\/wp-content\/uploads\/2013\/06\/89.7-suipacha2.jpg?resize=525%2C300 1.5x"},"classes":[]},{"id":14100,"url":"https:\/\/www.24baires.com\/?p=14100","url_meta":{"origin":5094,"position":2},"title":"Se consolida el Canal 12 de la TV P\u00fablica Regional en el noroeste de la Provincia","author":"Grupo Sierra","date":"30\/01\/2013","format":false,"excerpt":"TRENQUE LAUQUEN.- Este martes se firm\u00f3 un contrato para la adquisici\u00f3n de un transformador de 250 KVA con la Cooperativa de Electricidad de Trenque Lauquen. El Director de la empresa de comunicaci\u00f3n estatal dialog\u00f3 con Las Radios de Trenque Lauquen, AM 1280 y FM 88.5 Una fuerte apuesta realiza Radio\u2026","rel":"","context":"En \u00abMedios\u00bb","block_context":{"text":"Medios","link":"https:\/\/www.24baires.com\/?cat=54"},"img":{"alt_text":"canal 12 trenque lauquen","src":"https:\/\/i0.wp.com\/www.24baires.com\/wp-content\/uploads\/2013\/01\/canal-12-trenque-lauquen.jpg?resize=350%2C200","width":350,"height":200,"srcset":"https:\/\/i0.wp.com\/www.24baires.com\/wp-content\/uploads\/2013\/01\/canal-12-trenque-lauquen.jpg?resize=350%2C200 1x, https:\/\/i0.wp.com\/www.24baires.com\/wp-content\/uploads\/2013\/01\/canal-12-trenque-lauquen.jpg?resize=525%2C300 1.5x"},"classes":[]},{"id":32653,"url":"https:\/\/www.24baires.com\/?p=32653","url_meta":{"origin":5094,"position":3},"title":"El proyecto de Ley de Tarifa Social para Medios PyMes y Comunitarios se present\u00f3 en Azul","author":"Grupo Sierra","date":"29\/09\/2013","format":false,"excerpt":"Organizado por ARBIA y el Gobierno Municipal de Azul, se realiz\u00f3 en el estudio mayor de Radio Azul, en la ciudad del mismo nombre, la presentaci\u00f3n del proyecto de ley denominado \u201ctarifa social de luz y gas para las radios y canales de televisi\u00f3n comunitarias\u201d. El encuentro fue presidido por\u2026","rel":"","context":"En \u00abMedios\u00bb","block_context":{"text":"Medios","link":"https:\/\/www.24baires.com\/?cat=54"},"img":{"alt_text":"arbia azul tarifa","src":"https:\/\/i0.wp.com\/www.24baires.com\/wp-content\/uploads\/2013\/09\/arbia-azul-tarifa.jpg?resize=350%2C200","width":350,"height":200,"srcset":"https:\/\/i0.wp.com\/www.24baires.com\/wp-content\/uploads\/2013\/09\/arbia-azul-tarifa.jpg?resize=350%2C200 1x, https:\/\/i0.wp.com\/www.24baires.com\/wp-content\/uploads\/2013\/09\/arbia-azul-tarifa.jpg?resize=525%2C300 1.5x"},"classes":[]},{"id":51590,"url":"https:\/\/www.24baires.com\/?p=51590","url_meta":{"origin":5094,"position":4},"title":"La Plata: trabajadores de Radio La Provincia iniciaron un paro por falta de pago","author":"GB","date":"11\/08\/2014","format":false,"excerpt":"\u200bLos trabajadores de Radio Provincia iniciaron hoy un paro de 48 horas tras denunciar que desde hace ocho meses el gobierno bonaerense no paga los salarios a los contratados, quienes tienen salarios por debajo del m\u00ednimo, vital y m\u00f3vil, se inform\u00f3. \"Hace ocho meses que los trabajadores contratados de Radio\u2026","rel":"","context":"En \u00abMedios\u00bb","block_context":{"text":"Medios","link":"https:\/\/www.24baires.com\/?cat=54"},"img":{"alt_text":"radio la provincia","src":"https:\/\/i0.wp.com\/www.24baires.com\/wp-content\/uploads\/2014\/08\/radio-la-provincia.jpg?resize=350%2C200","width":350,"height":200,"srcset":"https:\/\/i0.wp.com\/www.24baires.com\/wp-content\/uploads\/2014\/08\/radio-la-provincia.jpg?resize=350%2C200 1x, https:\/\/i0.wp.com\/www.24baires.com\/wp-content\/uploads\/2014\/08\/radio-la-provincia.jpg?resize=525%2C300 1.5x"},"classes":[]},{"id":51473,"url":"https:\/\/www.24baires.com\/?p=51473","url_meta":{"origin":5094,"position":5},"title":"Radio Provincia de paro, denuncia a Scioli tras ocho meses sin sueldo","author":"Grupo Sierra","date":"09\/08\/2014","format":false,"excerpt":"La medida de fuerza es por 48 horas y afecta a todos los trabajadores, quienes adem\u00e1s tienen salarios por debajo del m\u00ednimo, vital y m\u00f3vil, seg\u00fan se inform\u00f3. Los trabajadores de Radio Provincia anunciaron un paro de 48 horas tras denunciar que desde hace ocho meses el gobierno bonaerense no\u2026","rel":"","context":"En \u00abMedios\u00bb","block_context":{"text":"Medios","link":"https:\/\/www.24baires.com\/?cat=54"},"img":{"alt_text":"scioli radio provincia","src":"https:\/\/i0.wp.com\/www.24baires.com\/wp-content\/uploads\/2014\/08\/scioli-radio-provincia.jpg?resize=350%2C200","width":350,"height":200,"srcset":"https:\/\/i0.wp.com\/www.24baires.com\/wp-content\/uploads\/2014\/08\/scioli-radio-provincia.jpg?resize=350%2C200 1x, https:\/\/i0.wp.com\/www.24baires.com\/wp-content\/uploads\/2014\/08\/scioli-radio-provincia.jpg?resize=525%2C300 1.5x"},"classes":[]}],"jetpack_sharing_enabled":true,"jetpack_likes_enabled":true,"_links":{"self":[{"href":"https:\/\/www.24baires.com\/index.php?rest_route=\/wp\/v2\/posts\/5094","targetHints":{"allow":["GET"]}}],"collection":[{"href":"https:\/\/www.24baires.com\/index.php?rest_route=\/wp\/v2\/posts"}],"about":[{"href":"https:\/\/www.24baires.com\/index.php?rest_route=\/wp\/v2\/types\/post"}],"author":[{"embeddable":true,"href":"https:\/\/www.24baires.com\/index.php?rest_route=\/wp\/v2\/users\/4"}],"replies":[{"embeddable":true,"href":"https:\/\/www.24baires.com\/index.php?rest_route=%2Fwp%2Fv2%2Fcomments&post=5094"}],"version-history":[{"count":2,"href":"https:\/\/www.24baires.com\/index.php?rest_route=\/wp\/v2\/posts\/5094\/revisions"}],"predecessor-version":[{"id":5097,"href":"https:\/\/www.24baires.com\/index.php?rest_route=\/wp\/v2\/posts\/5094\/revisions\/5097"}],"wp:attachment":[{"href":"https:\/\/www.24baires.com\/index.php?rest_route=%2Fwp%2Fv2%2Fmedia&parent=5094"}],"wp:term":[{"taxonomy":"category","embeddable":true,"href":"https:\/\/www.24baires.com\/index.php?rest_route=%2Fwp%2Fv2%2Fcategories&post=5094"},{"taxonomy":"post_tag","embeddable":true,"href":"https:\/\/www.24baires.com\/index.php?rest_route=%2Fwp%2Fv2%2Ftags&post=5094"}],"curies":[{"name":"wp","href":"https:\/\/api.w.org\/{rel}","templated":true}]}}