{"id":50883,"date":"2014-07-31T13:00:12","date_gmt":"2014-07-31T16:00:12","guid":{"rendered":"http:\/\/www.24baires.com\/?p=50883"},"modified":"2014-07-31T11:03:00","modified_gmt":"2014-07-31T14:03:00","slug":"sola-brote-de-ira-gritos-escopeta-y-verguenza","status":"publish","type":"post","link":"https:\/\/www.24baires.com\/?p=50883","title":{"rendered":"Sol\u00e1: brote de ira, gritos, escopeta y verg\u00fcenza"},"content":{"rendered":"<p><img data-recalc-dims=\"1\" loading=\"lazy\" decoding=\"async\" class=\"aligncenter size-full wp-image-50884\" src=\"https:\/\/i0.wp.com\/www.24baires.com\/wp-content\/uploads\/2014\/07\/sol%C3%A1-2.jpg?resize=560%2C314\" alt=\"sol\u00e1 2\" width=\"560\" height=\"314\" srcset=\"https:\/\/i0.wp.com\/www.24baires.com\/wp-content\/uploads\/2014\/07\/sol%C3%A1-2.jpg?w=560&amp;ssl=1 560w, https:\/\/i0.wp.com\/www.24baires.com\/wp-content\/uploads\/2014\/07\/sol%C3%A1-2.jpg?resize=300%2C168&amp;ssl=1 300w\" sizes=\"auto, (max-width: 560px) 100vw, 560px\" \/>\u201cYo tengo m\u00e1s bolas que ustedes y por eso hago lo que quiero\u201d, grit\u00f3 el patr\u00f3n de estancia, enojado, escupiendo su rabia. Pero bien custodiado por sus dos roperos armados con escopetas, no vaya a ser cosa que ese pico de valent\u00eda machista lo agarre solo. As\u00ed, bien acompa\u00f1ado, Felipe Sol\u00e1, Diputado Nacional del Frente Renovador, irrumpi\u00f3 en una exhibici\u00f3n solidaria organizada por Citro\u00ebn Argentina para agasajar a los chicos de la Fundaci\u00f3n Baccigalupo y a los pilotos del equipo oficial Citro\u00ebn: S\u00e9bastien Loeb, Yvan Muller y quien adem\u00e1s est\u00e1 pasando un gran momento, Pechito L\u00f3pez.<!--more--><\/p>\n<p>El diputado massista, rabioso con el ruido que generaba el auto a presentar, cruz\u00f3 en la pista el suyo propio y empez\u00f3 a derramar su bronca pidiendo a voz en cuello que terminaran: en el portal del diario La Naci\u00f3n explicaron que Sol\u00e1 se quej\u00f3 porque con el nivel de ruido que hab\u00eda en la muestra sus yeguas no iban a poder dormir y por consecuente no iban a poder \u201centrar en celo\u201d. Luego \u00e9l mismo lo desminti\u00f3 diciendo que no criaba caballos en esa estancia lindera a la pista de veh\u00edculos, pero que s\u00ed vive all\u00ed, en la bonaerense localidad de General Rodr\u00edguez.<br \/>\nAutoritario, violento, energ\u00fameno. Esos son apenas algunos de los ep\u00edtetos que le caben a este sujeto, que siendo Diputado de la Naci\u00f3n deber\u00eda aprender a, al menos, guardar un poco las formas. Este \u2018nuevo Sol\u00e1\u2019 que se afeit\u00f3 el tradicional bigote, intentando mimetizarse con la tropa de Sergio Massa, -que intentan sin \u00e9xito lavarse de las viejas estructuras y de antiguas pr\u00e1cticas-, agredi\u00f3 a periodistas que cubr\u00edan la actividad.<br \/>\nDe hecho, este accionar de Sol\u00e1 lo coloca en el lugar en el que siempre estuvo. Estas formas de intentar avasallar a los dem\u00e1s de acuerdo a necesidades propias, abusar del poder moment\u00e1neo, es una marca registrada de la vieja pol\u00edtica, esa de la que Felipe puede dar c\u00e1tedra.<br \/>\nLuego, por Twitter, el ex gobernador intent\u00f3 una disculpa: \u201cVivo ah\u00ed y acumul\u00e9 mucha rabia. Mis disculpas\u201d, escribi\u00f3. En cuando a sus dos custodios, uno de ellos portador de una escopeta, aclar\u00f3 \u201cTengo custodia desde que sal\u00ed de la gobernaci\u00f3n porque fui amenazado muchas veces. Ech\u00e9 a 3000 polic\u00edas por corrupci\u00f3n y eso no es gratis\u201d. Aunque es raro que se haya sentido en peligro en la organizaci\u00f3n de un evento solidario, con figuras del automovilismo. Ser\u00e1 que se maneja as\u00ed a diario.<br \/>\nLa cosa es que aunque te afeites el bigote, cambies y cambies de espacio pol\u00edtico intentando reciclarte, te borres unos a\u00f1os de la escena pol\u00edtica para que no te peguen mucho por todas las metidas de patas que te mandaste, tarde o temprano, cuando menos se espera\u2026 te crece el bigote, hac\u00e9s lo mismo de siempre y volv\u00e9s a estar en las noticias, pero haciendo un papel\u00f3n.<\/p>\n","protected":false},"excerpt":{"rendered":"<p>\u201cYo tengo m\u00e1s bolas que ustedes y por eso hago lo que quiero\u201d, grit\u00f3 el patr\u00f3n de estancia, enojado, escupiendo su rabia. Pero bien custodiado por sus dos roperos armados con escopetas, no vaya a ser cosa que ese pico de valent\u00eda machista lo agarre solo. As\u00ed, bien acompa\u00f1ado, Felipe Sol\u00e1, Diputado Nacional del Frente Renovador, irrumpi\u00f3 en una exhibici\u00f3n [&#8230;]<\/p>\n","protected":false},"author":4,"featured_media":0,"comment_status":"open","ping_status":"open","sticky":false,"template":"","format":"standard","meta":{"_jetpack_newsletter_access":"","_jetpack_dont_email_post_to_subs":false,"_jetpack_newsletter_tier_id":0,"_jetpack_memberships_contains_paywalled_content":false,"_jetpack_memberships_contains_paid_content":false,"footnotes":""},"categories":[64],"tags":[],"class_list":["post-50883","post","type-post","status-publish","format-standard","hentry","category-opinion"],"jetpack_featured_media_url":"","jetpack_shortlink":"https:\/\/wp.me\/p2JWE0-deH","jetpack-related-posts":[{"id":61530,"url":"https:\/\/www.24baires.com\/?p=61530","url_meta":{"origin":50883,"position":0},"title":"Tras varios allanamientos, desarticulan banda con casi una tonelada de marihuana","author":"AF","date":"10\/02\/2015","format":false,"excerpt":"La Polic\u00eda bonaerense desarticul\u00f3 una banda dedicada a la comercializaci\u00f3n de droga tras varios allanamientos en los que se incaut\u00f3 casi una tonelada de marihuana valuada en casi en 3 millones de pesos, en el marco de un operativo denominado \"Piedras Verdes\". Los procedimientos, 15 en total, se realizaron en\u2026","rel":"","context":"En \u00abPoliciales\u00bb","block_context":{"text":"Policiales","link":"https:\/\/www.24baires.com\/?cat=49"},"img":{"alt_text":"marihuana.23.rbs","src":"https:\/\/i0.wp.com\/www.24baires.com\/wp-content\/uploads\/2013\/12\/marihuana.23.rbs_-300x224.jpg?resize=350%2C200","width":350,"height":200},"classes":[]},{"id":102708,"url":"https:\/\/www.24baires.com\/?p=102708","url_meta":{"origin":50883,"position":1},"title":"La Bonaerense intent\u00f3 desalojar en San Isidro una toma a favor del aborto","author":"GB","date":"13\/06\/2018","format":false,"excerpt":"La Polic\u00eda irrumpi\u00f3 en el Colegio Nacional mientras los estudiantes realizaban una vigilia para adherir al proyecto de despenalizaci\u00f3n del aborto que votar\u00e1 hoy el Congreso. La Polic\u00eda Bonaerense intent\u00f3 desalojar a los estudiantes del colegio Nacional de San Isidro que realizaban una toma y una vigilia para manifestar su\u2026","rel":"","context":"En \u00abMunicipios\u00bb","block_context":{"text":"Municipios","link":"https:\/\/www.24baires.com\/?cat=44"},"img":{"alt_text":"","src":"https:\/\/i0.wp.com\/www.24baires.com\/wp-content\/uploads\/2018\/06\/bonaerense-escuela.jpg?resize=350%2C200","width":350,"height":200,"srcset":"https:\/\/i0.wp.com\/www.24baires.com\/wp-content\/uploads\/2018\/06\/bonaerense-escuela.jpg?resize=350%2C200 1x, https:\/\/i0.wp.com\/www.24baires.com\/wp-content\/uploads\/2018\/06\/bonaerense-escuela.jpg?resize=525%2C300 1.5x"},"classes":[]},{"id":107037,"url":"https:\/\/www.24baires.com\/?p=107037","url_meta":{"origin":50883,"position":2},"title":"Peugeot suspendi\u00f3 a mil trabajadores","author":"AF","date":"28\/02\/2019","format":false,"excerpt":"La automotriz multinacional suspendi\u00f3 a mil trabajadores de su planta de El Palomar, que hace solo dos a\u00f1os fue reinaugurada por el presidente Mauricio Macri. All\u00ed el mandatario hab\u00eda celebrado \u201cla confianza\u201d de Peugeot y lleg\u00f3 a vaticinar que \u201cen 2019, los mismos autos que salgan en Francia van a\u2026","rel":"","context":"En \u00abSociedad\u00bb","block_context":{"text":"Sociedad","link":"https:\/\/www.24baires.com\/?cat=1"},"img":{"alt_text":"","src":"https:\/\/i0.wp.com\/www.24baires.com\/wp-content\/uploads\/2019\/02\/macri.jpg?resize=350%2C200","width":350,"height":200,"srcset":"https:\/\/i0.wp.com\/www.24baires.com\/wp-content\/uploads\/2019\/02\/macri.jpg?resize=350%2C200 1x, https:\/\/i0.wp.com\/www.24baires.com\/wp-content\/uploads\/2019\/02\/macri.jpg?resize=525%2C300 1.5x"},"classes":[]},{"id":102279,"url":"https:\/\/www.24baires.com\/?p=102279","url_meta":{"origin":50883,"position":3},"title":"Feroz represi\u00f3n al paro de subtes: 7 trabajadores detenidos","author":"GB","date":"22\/05\/2018","format":false,"excerpt":"Las discusiones se trasladaron al Anden y termin\u00f3 en una brutal represi\u00f3n. Peligra el servicio total del Subterr\u00e1neo. En medio de las medidas de fuerzas en las l\u00edneas E y H de subterr\u00e1neos realizadas por Metrodelegados, la Polic\u00eda de la Ciudad irrumpi\u00f3, reprimi\u00f3, desaloj\u00f3 los t\u00faneles y se llev\u00f3 detenidos\u2026","rel":"","context":"En \u00abPol\u00edtica\u00bb","block_context":{"text":"Pol\u00edtica","link":"https:\/\/www.24baires.com\/?cat=51"},"img":{"alt_text":"","src":"https:\/\/i0.wp.com\/www.24baires.com\/wp-content\/uploads\/2018\/05\/represion.jpg?resize=350%2C200","width":350,"height":200,"srcset":"https:\/\/i0.wp.com\/www.24baires.com\/wp-content\/uploads\/2018\/05\/represion.jpg?resize=350%2C200 1x, https:\/\/i0.wp.com\/www.24baires.com\/wp-content\/uploads\/2018\/05\/represion.jpg?resize=525%2C300 1.5x"},"classes":[]},{"id":85585,"url":"https:\/\/www.24baires.com\/?p=85585","url_meta":{"origin":50883,"position":4},"title":"Ensenada declar\u00f3 la emergencia en seguridad con cr\u00edticas a Vidal","author":"AF","date":"28\/07\/2016","format":false,"excerpt":"Con fuertes cr\u00edticas al Gobierno bonaerense de Mar\u00eda Eugenia Vidal, el Concejo Deliberante de Ensenada declar\u00f3 la emergencia en materia de seguridad en ese distrito, y entre los argumentos se asegur\u00f3 que \u201chay un s\u00f3lo patrullero para todo el municipio y la Polic\u00eda no tiene escopetas ni cartuchos\u201d. La medida\u2026","rel":"","context":"En \u00abLocales\u00bb","block_context":{"text":"Locales","link":"https:\/\/www.24baires.com\/?cat=38"},"img":{"alt_text":"concejo ensenada","src":"https:\/\/i0.wp.com\/www.24baires.com\/wp-content\/uploads\/2016\/07\/concejo-ensenada.jpg?resize=350%2C200","width":350,"height":200,"srcset":"https:\/\/i0.wp.com\/www.24baires.com\/wp-content\/uploads\/2016\/07\/concejo-ensenada.jpg?resize=350%2C200 1x, https:\/\/i0.wp.com\/www.24baires.com\/wp-content\/uploads\/2016\/07\/concejo-ensenada.jpg?resize=525%2C300 1.5x"},"classes":[]},{"id":105069,"url":"https:\/\/www.24baires.com\/?p=105069","url_meta":{"origin":50883,"position":5},"title":"Gritos e insultos entre diputados por la firma del dictamen del Presupuesto","author":"AF","date":"23\/10\/2018","format":false,"excerpt":"Los opositores estallaron al enterarse de que el oficialismo hab\u00eda convocado a sesi\u00f3n especial para este mi\u00e9rcoles, a las 11, mientras segu\u00edan discutiendo en comisi\u00f3n el proyecto de Presupuesto. El debate del proyecto de ley de Presupuesto 2019 que se lleva a cabo en la Comisi\u00f3n de Presupuesto y Hacienda\u2026","rel":"","context":"En \u00abPol\u00edtica\u00bb","block_context":{"text":"Pol\u00edtica","link":"https:\/\/www.24baires.com\/?cat=51"},"img":{"alt_text":"","src":"https:\/\/i0.wp.com\/www.24baires.com\/wp-content\/uploads\/2018\/10\/DICTAMEN-PRESUPUESTO.jpg?resize=350%2C200","width":350,"height":200,"srcset":"https:\/\/i0.wp.com\/www.24baires.com\/wp-content\/uploads\/2018\/10\/DICTAMEN-PRESUPUESTO.jpg?resize=350%2C200 1x, https:\/\/i0.wp.com\/www.24baires.com\/wp-content\/uploads\/2018\/10\/DICTAMEN-PRESUPUESTO.jpg?resize=525%2C300 1.5x"},"classes":[]}],"jetpack_sharing_enabled":true,"jetpack_likes_enabled":true,"_links":{"self":[{"href":"https:\/\/www.24baires.com\/index.php?rest_route=\/wp\/v2\/posts\/50883","targetHints":{"allow":["GET"]}}],"collection":[{"href":"https:\/\/www.24baires.com\/index.php?rest_route=\/wp\/v2\/posts"}],"about":[{"href":"https:\/\/www.24baires.com\/index.php?rest_route=\/wp\/v2\/types\/post"}],"author":[{"embeddable":true,"href":"https:\/\/www.24baires.com\/index.php?rest_route=\/wp\/v2\/users\/4"}],"replies":[{"embeddable":true,"href":"https:\/\/www.24baires.com\/index.php?rest_route=%2Fwp%2Fv2%2Fcomments&post=50883"}],"version-history":[{"count":1,"href":"https:\/\/www.24baires.com\/index.php?rest_route=\/wp\/v2\/posts\/50883\/revisions"}],"predecessor-version":[{"id":50885,"href":"https:\/\/www.24baires.com\/index.php?rest_route=\/wp\/v2\/posts\/50883\/revisions\/50885"}],"wp:attachment":[{"href":"https:\/\/www.24baires.com\/index.php?rest_route=%2Fwp%2Fv2%2Fmedia&parent=50883"}],"wp:term":[{"taxonomy":"category","embeddable":true,"href":"https:\/\/www.24baires.com\/index.php?rest_route=%2Fwp%2Fv2%2Fcategories&post=50883"},{"taxonomy":"post_tag","embeddable":true,"href":"https:\/\/www.24baires.com\/index.php?rest_route=%2Fwp%2Fv2%2Ftags&post=50883"}],"curies":[{"name":"wp","href":"https:\/\/api.w.org\/{rel}","templated":true}]}}