{"id":5087,"date":"2012-11-12T10:37:15","date_gmt":"2012-11-12T13:37:15","guid":{"rendered":"http:\/\/www.24baires.com\/?p=5087"},"modified":"2012-11-12T10:37:15","modified_gmt":"2012-11-12T13:37:15","slug":"2013-17-feriados-y-7-fines-de-semana-largos","status":"publish","type":"post","link":"https:\/\/www.24baires.com\/?p=5087","title":{"rendered":"2013: 17 feriados y 7 fines de semana largos"},"content":{"rendered":"<p>El calendario de 2013 tendr\u00e1 siete fines de semana largos, dos de cuatro d\u00edas y uno de cinco, y un total de 17 feriados. Al \u00faltimo fin de semana del a\u00f1o se le sumar\u00e1n el feriado del 31 de diciembre y el del 1 de enero que es martes, seg\u00fan datos del Ministerio del Interior.<!--more--><\/p>\n<p>En febrero habr\u00e1 otro fin de semana de cuatro d\u00edas por el Carnaval. Al s\u00e1bado 9 y domingo 10 le seguir\u00e1n los d\u00edas 11 y 12.<\/p>\n<p>En tanto, la C\u00e1mara de Diputados trata un proyecto que busca declarar como feriado el pr\u00f3ximo 31 de enero, que cae jueves, en memoria del Bicentenario de la sesi\u00f3n inaugural de la Asamblea General Constituyente de 1813.<\/p>\n","protected":false},"excerpt":{"rendered":"<p>El calendario de 2013 tendr\u00e1 siete fines de semana largos, dos de cuatro d\u00edas y uno de cinco, y un total de 17 feriados. Al \u00faltimo fin de semana del a\u00f1o se le sumar\u00e1n el feriado del 31 de diciembre y el del 1 de enero que es martes, seg\u00fan datos del Ministerio del Interior.<\/p>\n","protected":false},"author":4,"featured_media":0,"comment_status":"open","ping_status":"open","sticky":false,"template":"","format":"standard","meta":{"_jetpack_newsletter_access":"","_jetpack_dont_email_post_to_subs":false,"_jetpack_newsletter_tier_id":0,"_jetpack_memberships_contains_paywalled_content":false,"_jetpack_memberships_contains_paid_content":false,"footnotes":""},"categories":[1],"tags":[],"class_list":["post-5087","post","type-post","status-publish","format-standard","hentry","category-sociedad"],"jetpack_featured_media_url":"","jetpack_shortlink":"https:\/\/wp.me\/p2JWE0-1k3","jetpack-related-posts":[{"id":112546,"url":"https:\/\/www.24baires.com\/?p=112546","url_meta":{"origin":5087,"position":0},"title":"El gobierno anunci\u00f3 los feriados puente de 2020","author":"GB","date":"18\/10\/2019","format":false,"excerpt":"Los feriados puente en 2020 ser\u00e1n tres y \u00abdestinados a promover la actividad tur\u00edstica\u00bb, seg\u00fan lo confirm\u00f3 el Gobierno, a trav\u00e9s del Decreto 717\/2019 publicado este viernes en el Bolet\u00edn Oficial. El lunes 23 de marzo, el viernes 10 de julio y el lunes 7 de diciembre funcionar\u00e1n como puentes\u2026","rel":"","context":"En \u00abSociedad\u00bb","block_context":{"text":"Sociedad","link":"https:\/\/www.24baires.com\/?cat=1"},"img":{"alt_text":"","src":"https:\/\/i0.wp.com\/www.24baires.com\/wp-content\/uploads\/2017\/01\/feriado-calendario.jpg?resize=350%2C200","width":350,"height":200,"srcset":"https:\/\/i0.wp.com\/www.24baires.com\/wp-content\/uploads\/2017\/01\/feriado-calendario.jpg?resize=350%2C200 1x, https:\/\/i0.wp.com\/www.24baires.com\/wp-content\/uploads\/2017\/01\/feriado-calendario.jpg?resize=525%2C300 1.5x"},"classes":[]},{"id":56752,"url":"https:\/\/www.24baires.com\/?p=56752","url_meta":{"origin":5087,"position":1},"title":"Conoc\u00e9 cu\u00e1les ser\u00e1n los feriados del 2015","author":"Grupo Sierra","date":"07\/11\/2014","format":false,"excerpt":"Habr\u00e1 feriados todos los meses con la excepci\u00f3n de septiembre. \u00bfQuer\u00e9s saber cu\u00e1les son? El Ministerio del Interior y Transporte dio a conocer hoy el cronograma que muchos esperaban. Ser\u00e1n 15 los feriados, 2 feriados puente y habr\u00e1 10 fines de semana largos. Adem\u00e1s, todos los meses tendr\u00e1n, por lo\u2026","rel":"","context":"En \u00abSociedad\u00bb","block_context":{"text":"Sociedad","link":"https:\/\/www.24baires.com\/?cat=1"},"img":{"alt_text":"cenanavidad","src":"https:\/\/i0.wp.com\/www.24baires.com\/wp-content\/uploads\/2012\/12\/cenanavidad.jpg?resize=350%2C200","width":350,"height":200,"srcset":"https:\/\/i0.wp.com\/www.24baires.com\/wp-content\/uploads\/2012\/12\/cenanavidad.jpg?resize=350%2C200 1x, https:\/\/i0.wp.com\/www.24baires.com\/wp-content\/uploads\/2012\/12\/cenanavidad.jpg?resize=525%2C300 1.5x"},"classes":[]},{"id":105965,"url":"https:\/\/www.24baires.com\/?p=105965","url_meta":{"origin":5087,"position":2},"title":"El 24 y 31 de diciembre no habr\u00e1 bancos en Mar del Plata","author":"GB","date":"17\/12\/2018","format":false,"excerpt":"Habr\u00e1 actividad bancaria hasta el viernes 21 retomando la misma el mi\u00e9rcoles 26 de diciembre. Para fin de a\u00f1o los bancos operar\u00e1n hasta el viernes 28 y volver\u00e1n a atender a partir del mi\u00e9rcoles 2 de enero de 2019 La Seccional Mar del Plata de la Asociaci\u00f3n Bancaria inform\u00f3 que\u2026","rel":"","context":"En \u00abMunicipios\u00bb","block_context":{"text":"Municipios","link":"https:\/\/www.24baires.com\/?cat=44"},"img":{"alt_text":"","src":"https:\/\/i0.wp.com\/www.24baires.com\/wp-content\/uploads\/2017\/12\/banco-povincia.jpg?resize=350%2C200","width":350,"height":200,"srcset":"https:\/\/i0.wp.com\/www.24baires.com\/wp-content\/uploads\/2017\/12\/banco-povincia.jpg?resize=350%2C200 1x, https:\/\/i0.wp.com\/www.24baires.com\/wp-content\/uploads\/2017\/12\/banco-povincia.jpg?resize=525%2C300 1.5x"},"classes":[]},{"id":117603,"url":"https:\/\/www.24baires.com\/?p=117603","url_meta":{"origin":5087,"position":3},"title":"Restablecen el feriado puente del 24 de mayo","author":"AF","date":"20\/05\/2021","format":false,"excerpt":"En el contexto del confinamiento estricto que comenzar\u00eda este s\u00e1bado, el feriado puente permitir\u00eda limitar la circulaci\u00f3n durante esos d\u00edas. El presidente Alberto Fern\u00e1ndez dar\u00e1 marcha atr\u00e1s en la decisi\u00f3n de suspender el feriado puente del 24 de mayo. La medida va aparejada con el confinamiento estricto que decretar\u00e1 por\u2026","rel":"","context":"En \u00abSociedad\u00bb","block_context":{"text":"Sociedad","link":"https:\/\/www.24baires.com\/?cat=1"},"img":{"alt_text":"","src":"https:\/\/i0.wp.com\/www.24baires.com\/wp-content\/uploads\/2017\/01\/feriado-calendario.jpg?resize=350%2C200","width":350,"height":200,"srcset":"https:\/\/i0.wp.com\/www.24baires.com\/wp-content\/uploads\/2017\/01\/feriado-calendario.jpg?resize=350%2C200 1x, https:\/\/i0.wp.com\/www.24baires.com\/wp-content\/uploads\/2017\/01\/feriado-calendario.jpg?resize=525%2C300 1.5x"},"classes":[]},{"id":55873,"url":"https:\/\/www.24baires.com\/?p=55873","url_meta":{"origin":5087,"position":4},"title":"A pedido del Citibank, Griesa convoc\u00f3 a una nueva audiencia para el 2 de diciembre","author":"AF","date":"23\/10\/2014","format":false,"excerpt":"El banco le hab\u00eda solicitado al magistrado que llamara a una audiencia en la semana del 17 de noviembre, a fin de evitar que los feriados de diciembre obstaculicen el pago. Busca que se habilite el pago de intereses a bonistas reestructurados que vencen el 31 de diciembre. El juez\u2026","rel":"","context":"En \u00abEconom\u00eda\u00bb","block_context":{"text":"Econom\u00eda","link":"https:\/\/www.24baires.com\/?cat=45"},"img":{"alt_text":"griesa","src":"https:\/\/i0.wp.com\/www.24baires.com\/wp-content\/uploads\/2014\/08\/griesa.jpg?resize=350%2C200","width":350,"height":200,"srcset":"https:\/\/i0.wp.com\/www.24baires.com\/wp-content\/uploads\/2014\/08\/griesa.jpg?resize=350%2C200 1x, https:\/\/i0.wp.com\/www.24baires.com\/wp-content\/uploads\/2014\/08\/griesa.jpg?resize=525%2C300 1.5x"},"classes":[]},{"id":66445,"url":"https:\/\/www.24baires.com\/?p=66445","url_meta":{"origin":5087,"position":5},"title":"Por el turismo, el consumo creci\u00f3 un 15,8% en el fin de semana largo","author":"AF","date":"24\/05\/2015","format":false,"excerpt":"Durante el fin de semana largo por el feriado del 25 de mayo, se gastaron 790 millones de pesos y las ventas crecieron 15,8% m\u00e1s que un fin de semana normal, de acuerdo con informaci\u00f3n de la Confederaci\u00f3n Argentina de la Mediana Empresa. Durante los 3 d\u00edas del feriado largo,\u2026","rel":"","context":"En \u00abEconom\u00eda\u00bb","block_context":{"text":"Econom\u00eda","link":"https:\/\/www.24baires.com\/?cat=45"},"img":{"alt_text":"mdq turismo","src":"https:\/\/i0.wp.com\/www.24baires.com\/wp-content\/uploads\/2012\/12\/mdq-turismo-300x180.jpg?resize=350%2C200","width":350,"height":200},"classes":[]}],"jetpack_sharing_enabled":true,"jetpack_likes_enabled":true,"_links":{"self":[{"href":"https:\/\/www.24baires.com\/index.php?rest_route=\/wp\/v2\/posts\/5087","targetHints":{"allow":["GET"]}}],"collection":[{"href":"https:\/\/www.24baires.com\/index.php?rest_route=\/wp\/v2\/posts"}],"about":[{"href":"https:\/\/www.24baires.com\/index.php?rest_route=\/wp\/v2\/types\/post"}],"author":[{"embeddable":true,"href":"https:\/\/www.24baires.com\/index.php?rest_route=\/wp\/v2\/users\/4"}],"replies":[{"embeddable":true,"href":"https:\/\/www.24baires.com\/index.php?rest_route=%2Fwp%2Fv2%2Fcomments&post=5087"}],"version-history":[{"count":2,"href":"https:\/\/www.24baires.com\/index.php?rest_route=\/wp\/v2\/posts\/5087\/revisions"}],"predecessor-version":[{"id":5089,"href":"https:\/\/www.24baires.com\/index.php?rest_route=\/wp\/v2\/posts\/5087\/revisions\/5089"}],"wp:attachment":[{"href":"https:\/\/www.24baires.com\/index.php?rest_route=%2Fwp%2Fv2%2Fmedia&parent=5087"}],"wp:term":[{"taxonomy":"category","embeddable":true,"href":"https:\/\/www.24baires.com\/index.php?rest_route=%2Fwp%2Fv2%2Fcategories&post=5087"},{"taxonomy":"post_tag","embeddable":true,"href":"https:\/\/www.24baires.com\/index.php?rest_route=%2Fwp%2Fv2%2Ftags&post=5087"}],"curies":[{"name":"wp","href":"https:\/\/api.w.org\/{rel}","templated":true}]}}