{"id":5080,"date":"2012-11-12T10:13:45","date_gmt":"2012-11-12T13:13:45","guid":{"rendered":"http:\/\/www.24baires.com\/?p=5080"},"modified":"2012-11-12T10:13:45","modified_gmt":"2012-11-12T13:13:45","slug":"en-malvinas-si-no-te-sometes-al-intendente-tenes-aprietes-amenazas-palos-y-muerte","status":"publish","type":"post","link":"https:\/\/www.24baires.com\/?p=5080","title":{"rendered":"\u201cEn Malvinas, si no te somet\u00e9s al intendente, ten\u00e9s aprietes amenazas, palos y muerte\u00bb"},"content":{"rendered":"<p><img data-recalc-dims=\"1\" loading=\"lazy\" decoding=\"async\" class=\"alignleft size-medium wp-image-5081\" title=\"Cariglino\" src=\"https:\/\/i0.wp.com\/www.24baires.com\/wp-content\/uploads\/2012\/11\/Cariglino.jpg?resize=300%2C223\" alt=\"\" width=\"300\" height=\"223\" srcset=\"https:\/\/i0.wp.com\/www.24baires.com\/wp-content\/uploads\/2012\/11\/Cariglino.jpg?resize=300%2C223&amp;ssl=1 300w, https:\/\/i0.wp.com\/www.24baires.com\/wp-content\/uploads\/2012\/11\/Cariglino.jpg?w=560&amp;ssl=1 560w\" sizes=\"auto, (max-width: 300px) 100vw, 300px\" \/>As\u00ed lo asegur\u00f3 el abogado Jorge Cancio, quien representa a concejales del Frente para la Victoria de esa localidad y a familiares de las v\u00edctimas de mala praxis del Hospital \u201cClaudio Zin\u201d, que sufrieron la violencia institucional del intendente Jes\u00fas Cariglino.<!--more--><\/p>\n<p>El abogado Jorge Cancio advirti\u00f3 en las \u00faltimas horas sobre la lentitud en las causas por violencia institucional en Malvinas Argentinas que tramita la Justicia de San Mart\u00edn.<\/p>\n<p>El letrado, que defiende a concejales del Frente para la Victoria y a familiares de v\u00edctimas de mala praxis en el distrito gobernado por Jes\u00fas Cariglino, hizo \u00e9nfasis en la denuncia por \u201caprietes\u201d y \u201camenazas\u201d a los ediles opositores que se encuentra en la UFI 9 de San\u00a0Mart\u00edn.<\/p>\n<p>Tambi\u00e9n apunt\u00f3 sobre la lentitud de la causa donde se investiga la inacci\u00f3n de la Polic\u00eda Bonaernese durante la golpiza por parte de patotas al servicio de Cariglino contra familiares, vecinos y periodistas en la marcha del pasado 5 de junio por la muerte de la ni\u00f1a Celeste Morales, una de las tantas v\u00edctimas de mala praxis en el Hospital \u201cClaudio Zin\u201d.<\/p>\n<p>\u201cEn Malvinas, si no te somet\u00e9s al intendente, ten\u00e9s aprietes amenazas, palos y muerte. Y, para colmo, la justicia como siempre, es lenta\u201d, indic\u00f3 Cancio, a trav\u00e9s de un comunicado.<\/p>\n<p>El letrado tambi\u00e9n denunci\u00f3 que en el distrito se restringen los derechos de los concejales del FPV, a quienes se les niega un cuerpo de asesores.<\/p>\n<p>Cancio record\u00f3 que hay 72 asesores en el Honorable Concejo Deliberante, pero \u201clos concejales del FPV no tienen ninguno, a pesar de los continuos reclamos\u201d.<\/p>\n<p>\u201cSe trata de un hecho que obviamente limita y restringe sus derechos como representante del pueblo de Malvinas Argentinas\u201d, explic\u00f3.<\/p>\n<p>El letrado repudi\u00f3 por \u00faltimo la suspensi\u00f3n de la sesi\u00f3n del Concejo Deliberante del mi\u00e9rcoles pasado, donde iban a tratarse seis proyectos del FPV.<\/p>\n<p>Ese d\u00eda, la presidenta del bloque, Mariana Paola Zuccarini, hab\u00eda apuntado contra el cariglinismo al considerar que la maniobra fue \u201cuna manera de cerrarnos la boca, como hacen en las sesiones, que en medio de nuestras exposiciones nos sacan la palabra o nos apagan los micr\u00f3fonos\u201d.<\/p>\n","protected":false},"excerpt":{"rendered":"<p>As\u00ed lo asegur\u00f3 el abogado Jorge Cancio, quien representa a concejales del Frente para la Victoria de esa localidad y a familiares de las v\u00edctimas de mala praxis del Hospital \u201cClaudio Zin\u201d, que sufrieron la violencia institucional del intendente Jes\u00fas Cariglino.<\/p>\n","protected":false},"author":4,"featured_media":0,"comment_status":"open","ping_status":"open","sticky":false,"template":"","format":"standard","meta":{"_jetpack_newsletter_access":"","_jetpack_dont_email_post_to_subs":false,"_jetpack_newsletter_tier_id":0,"_jetpack_memberships_contains_paywalled_content":false,"_jetpack_memberships_contains_paid_content":false,"footnotes":""},"categories":[38],"tags":[],"class_list":["post-5080","post","type-post","status-publish","format-standard","hentry","category-locales"],"jetpack_featured_media_url":"","jetpack_shortlink":"https:\/\/wp.me\/p2JWE0-1jW","jetpack-related-posts":[{"id":22970,"url":"https:\/\/www.24baires.com\/?p=22970","url_meta":{"origin":5080,"position":0},"title":"Malvinas Argentinas: vecinos marchar\u00e1n en repudio a las &#8216;patotas de Cariglino&#8217;","author":"AF","date":"08\/05\/2013","format":false,"excerpt":"Se prev\u00e9 una manifestaci\u00f3n popular hacia las sedes de la fiscal\u00eda en Malvinas Argentinas, contra el accionar represivo del intendente Jes\u00fas Cariglino, la mala praxis m\u00e9dica en el hospital y en repudi\u00f3 de toda pr\u00e1ctica violenta. Los vecinos que organizan la marcha dicen \u201cbasta de violencia PRO\u201d en ese municipio.\u2026","rel":"","context":"En \u00abLocales\u00bb","block_context":{"text":"Locales","link":"https:\/\/www.24baires.com\/?cat=38"},"img":{"alt_text":"","src":"","width":0,"height":0},"classes":[]},{"id":47051,"url":"https:\/\/www.24baires.com\/?p=47051","url_meta":{"origin":5080,"position":1},"title":"La crisis de salud en Malvinas Argentinas lleg\u00f3 al Congreso","author":"Grupo Sierra","date":"30\/05\/2014","format":false,"excerpt":"En el marco de la campa\u00f1a contra la violencia institucional en el distrito comandado por Jes\u00fas Cariglino, se realiz\u00f3 un encuentro en el anexo de la C\u00e1mara de Diputados, organizado por la Comisi\u00f3n de la Memoria de Campo de Mayo. Las denuncias fueron presentadas ante el diputado Leo Grosso, con\u2026","rel":"","context":"En \u00abLocales\u00bb","block_context":{"text":"Locales","link":"https:\/\/www.24baires.com\/?cat=38"},"img":{"alt_text":"mala-praxis-marcha-malvinas-","src":"https:\/\/i0.wp.com\/www.24baires.com\/wp-content\/uploads\/2014\/05\/mala-praxis-marcha-malvinas-.jpg?resize=350%2C200","width":350,"height":200,"srcset":"https:\/\/i0.wp.com\/www.24baires.com\/wp-content\/uploads\/2014\/05\/mala-praxis-marcha-malvinas-.jpg?resize=350%2C200 1x, https:\/\/i0.wp.com\/www.24baires.com\/wp-content\/uploads\/2014\/05\/mala-praxis-marcha-malvinas-.jpg?resize=525%2C300 1.5x"},"classes":[]},{"id":25227,"url":"https:\/\/www.24baires.com\/?p=25227","url_meta":{"origin":5080,"position":2},"title":"Denuncian que \u201cen Malvinas Argentinas reina una situaci\u00f3n de impunidad total\u201d","author":"AF","date":"06\/06\/2013","format":false,"excerpt":"Familiares de v\u00edctimas de mala praxis, periodistas y vecinos encabezaron una multitudinaria marcha hacia el Hospital \u201cClaudio Zin\u201d de Pablo Nogu\u00e9s, donde hace un a\u00f1o fueron brutalmente atacados por las patotas del intendente Jes\u00fas Cariglino. La periodista local Natalia Biazzini, denunci\u00f3 la complicidad entre la justicia y el jefe comunal.\u2026","rel":"","context":"En \u00abLocales\u00bb","block_context":{"text":"Locales","link":"https:\/\/www.24baires.com\/?cat=38"},"img":{"alt_text":"","src":"","width":0,"height":0},"classes":[]},{"id":30433,"url":"https:\/\/www.24baires.com\/?p=30433","url_meta":{"origin":5080,"position":3},"title":"Responsabilizan a Cariglino por el \u201ctrato inhumano\u201d en los hospitales de Malvinas","author":"AF","date":"19\/08\/2013","format":false,"excerpt":"El abogado que representa a familiares de las v\u00edctimas del sistema sanitario local, Jorge Cancio, habl\u00f3 luego de sumar nuevos elementos de prueba a una de las causas por mala praxis en el hospital \u201cClaudio Zin\u201d. Irregularidades, violencia y horror en la gesti\u00f3n del aliado m\u00e1s pol\u00e9mico de Sergio Massa,\u2026","rel":"","context":"En \u00abLocales\u00bb","block_context":{"text":"Locales","link":"https:\/\/www.24baires.com\/?cat=38"},"img":{"alt_text":"cariglino","src":"https:\/\/i0.wp.com\/www.24baires.com\/wp-content\/uploads\/2013\/02\/cariglino.jpg?resize=350%2C200","width":350,"height":200,"srcset":"https:\/\/i0.wp.com\/www.24baires.com\/wp-content\/uploads\/2013\/02\/cariglino.jpg?resize=350%2C200 1x, https:\/\/i0.wp.com\/www.24baires.com\/wp-content\/uploads\/2013\/02\/cariglino.jpg?resize=525%2C300 1.5x"},"classes":[]},{"id":16925,"url":"https:\/\/www.24baires.com\/?p=16925","url_meta":{"origin":5080,"position":4},"title":"Amenazan a familiares de fallecidos por mala praxis en Malvinas. Cariglino en la mira.","author":"Grupo Sierra","date":"27\/02\/2013","format":false,"excerpt":"MALVINAS ARGENTINAS.- Sigue la pol\u00e9mica en ese distrito por las amenazas a la madre de Melanie, una beba de seis meses que presuntamente muri\u00f3 por mala praxis en el hospital \u201cClaudio Zin\u201d, de la localidad de Pablo Nogu\u00e9s. Apuntan a sectores vinculados al intendente Jes\u00fas Cariglino. El abogado Jorge Cancio,\u2026","rel":"","context":"En \u00abLocales\u00bb","block_context":{"text":"Locales","link":"https:\/\/www.24baires.com\/?cat=38"},"img":{"alt_text":"","src":"","width":0,"height":0},"classes":[]},{"id":14644,"url":"https:\/\/www.24baires.com\/?p=14644","url_meta":{"origin":5080,"position":5},"title":"Muerte de Celeste Morales: \u201cLa \u00faltima pericia comprueba que fue mala praxis\u201d","author":"AF","date":"04\/02\/2013","format":false,"excerpt":"MALVINAS ARGENTINAS - Lo asegur\u00f3 el abogado Jorge Cancio, quien representa a la familia de la menor que falleci\u00f3 el a\u00f1o pasado de una presunta mala praxis en el hospital \u201cClaudio Zin\u201d de Malvinas Argentinas. Mientras que el jueves ser\u00e1n citados ante la justicia los m\u00e9dicos que atendieron a Celeste,\u2026","rel":"","context":"En \u00abLocales\u00bb","block_context":{"text":"Locales","link":"https:\/\/www.24baires.com\/?cat=38"},"img":{"alt_text":"","src":"","width":0,"height":0},"classes":[]}],"jetpack_sharing_enabled":true,"jetpack_likes_enabled":true,"_links":{"self":[{"href":"https:\/\/www.24baires.com\/index.php?rest_route=\/wp\/v2\/posts\/5080","targetHints":{"allow":["GET"]}}],"collection":[{"href":"https:\/\/www.24baires.com\/index.php?rest_route=\/wp\/v2\/posts"}],"about":[{"href":"https:\/\/www.24baires.com\/index.php?rest_route=\/wp\/v2\/types\/post"}],"author":[{"embeddable":true,"href":"https:\/\/www.24baires.com\/index.php?rest_route=\/wp\/v2\/users\/4"}],"replies":[{"embeddable":true,"href":"https:\/\/www.24baires.com\/index.php?rest_route=%2Fwp%2Fv2%2Fcomments&post=5080"}],"version-history":[{"count":1,"href":"https:\/\/www.24baires.com\/index.php?rest_route=\/wp\/v2\/posts\/5080\/revisions"}],"predecessor-version":[{"id":5082,"href":"https:\/\/www.24baires.com\/index.php?rest_route=\/wp\/v2\/posts\/5080\/revisions\/5082"}],"wp:attachment":[{"href":"https:\/\/www.24baires.com\/index.php?rest_route=%2Fwp%2Fv2%2Fmedia&parent=5080"}],"wp:term":[{"taxonomy":"category","embeddable":true,"href":"https:\/\/www.24baires.com\/index.php?rest_route=%2Fwp%2Fv2%2Fcategories&post=5080"},{"taxonomy":"post_tag","embeddable":true,"href":"https:\/\/www.24baires.com\/index.php?rest_route=%2Fwp%2Fv2%2Ftags&post=5080"}],"curies":[{"name":"wp","href":"https:\/\/api.w.org\/{rel}","templated":true}]}}