{"id":5077,"date":"2012-11-12T10:00:54","date_gmt":"2012-11-12T13:00:54","guid":{"rendered":"http:\/\/www.24baires.com\/?p=5077"},"modified":"2012-11-12T10:00:54","modified_gmt":"2012-11-12T13:00:54","slug":"municipales-marcharan-reclamando-mejoras-salariales","status":"publish","type":"post","link":"https:\/\/www.24baires.com\/?p=5077","title":{"rendered":"Municipales marchar\u00e1n reclamando mejoras salariales"},"content":{"rendered":"<p>El martes, los trabajadores de San Miguel, Jos\u00e9 C. Paz y Malvinas Argentinas realizar\u00e1n una marcha a la sede comunal en repudio del deterioro y la precarizaci\u00f3n laboral y para exigir \u201cel derecho de negociaci\u00f3n en paritarias\u201d.<!--more--><\/p>\n<p>Trabajadores municipales del distrito de Jos\u00e9 C. Paz marchar\u00e1n a la sede comunal en reclamo de mejoras laborales con el apoyo de dirigentes gremiales que integran la Federaci\u00f3n de Sindicatos Municipales Bonaerense (FeSiMuBo), seg\u00fan informaron en un comunicado.<\/p>\n<p>El martes, el Sindicato de Trabajadores Municipales de San Miguel, Jos\u00e9 C. Paz y Malvinas Argentinas, encabezado por Alberto L\u00f3pez Camelo, junto a dirigentes gremiales de la FeSiMuBo, marchar\u00e1n a la comuna local para exigir la \u00abrestituci\u00f3n de derechos que les quit\u00f3 una Ley de los a\u00f1os \u201890 [Ley 11757], que deterior\u00f3 y precariz\u00f3 el trabajo municipal\u00bb y pedir\u00e1n su derogaci\u00f3n.<\/p>\n<p>Adem\u00e1s, seg\u00fan sostiene el comunicado, los municipales exigir\u00e1n tener el \u201cderecho de negociaci\u00f3n en Paritarias, en un pie de igualdad al resto de los gremios y actividades del pa\u00eds\u201d.<\/p>\n<p>Respecto a la situaci\u00f3n local aseguraron que \u00abmientras trabajadores de otras actividades hoy solicitan subir el m\u00ednimo no imponible para evitar descuentos en sus salarios por Ganancias, los trabajadores de Jos\u00e9 C. Paz cobran sueldos paup\u00e9rrimos de 1.300 de bolsillo, menos de la mitad de lo que se estipula para alcanzar el Salario M\u00ednimo, Vital y M\u00f3vil\u00bb.<\/p>\n<p>La movilizaci\u00f3n se realizar\u00e1 el martes a partir de las 10 horas, y prev\u00e9 cortes de calles y avenidas en direcci\u00f3n hacia la Municipalidad de Jos\u00e9 C Paz.<\/p>\n","protected":false},"excerpt":{"rendered":"<p>El martes, los trabajadores de San Miguel, Jos\u00e9 C. Paz y Malvinas Argentinas realizar\u00e1n una marcha a la sede comunal en repudio del deterioro y la precarizaci\u00f3n laboral y para exigir \u201cel derecho de negociaci\u00f3n en paritarias\u201d.<\/p>\n","protected":false},"author":4,"featured_media":0,"comment_status":"open","ping_status":"open","sticky":false,"template":"","format":"standard","meta":{"_jetpack_newsletter_access":"","_jetpack_dont_email_post_to_subs":false,"_jetpack_newsletter_tier_id":0,"_jetpack_memberships_contains_paywalled_content":false,"_jetpack_memberships_contains_paid_content":false,"footnotes":""},"categories":[1],"tags":[],"class_list":["post-5077","post","type-post","status-publish","format-standard","hentry","category-sociedad"],"jetpack_featured_media_url":"","jetpack_shortlink":"https:\/\/wp.me\/p2JWE0-1jT","jetpack-related-posts":[{"id":113096,"url":"https:\/\/www.24baires.com\/?p=113096","url_meta":{"origin":5077,"position":0},"title":"Municipales advierten que 70 intendentes incumplen la ley de paritarias","author":"GB","date":"22\/11\/2019","format":false,"excerpt":"A cinco a\u00f1os de la sanci\u00f3n que reglamenta la discusi\u00f3n salarial de los trabajadores comunales, Fesimubo pidi\u00f3 por la plena implementaci\u00f3n Este 20 de noviembre se cumplieron cinco a\u00f1os de la sanci\u00f3n de la ley provincial 14.656 que regula la relaci\u00f3n laboral entre el Municipio y sus trabajadores, el titular\u2026","rel":"","context":"En \u00abMunicipios\u00bb","block_context":{"text":"Municipios","link":"https:\/\/www.24baires.com\/?cat=44"},"img":{"alt_text":"","src":"https:\/\/i0.wp.com\/www.24baires.com\/wp-content\/uploads\/2019\/11\/municipales.jpg?resize=350%2C200","width":350,"height":200,"srcset":"https:\/\/i0.wp.com\/www.24baires.com\/wp-content\/uploads\/2019\/11\/municipales.jpg?resize=350%2C200 1x, https:\/\/i0.wp.com\/www.24baires.com\/wp-content\/uploads\/2019\/11\/municipales.jpg?resize=525%2C300 1.5x"},"classes":[]},{"id":51699,"url":"https:\/\/www.24baires.com\/?p=51699","url_meta":{"origin":5077,"position":1},"title":"Municipales marchar\u00e1n a la Legislatura bonaerense","author":"AF","date":"13\/08\/2014","format":false,"excerpt":"Trabajadores municipales marchar\u00e1n este mi\u00e9rcoles a la Legislatura provincial para solicitar la derogaci\u00f3n del \u201cEstatuto para el personal de las municipalidades\u201d (ley 11.757) que \u201cmantiene precarizado al empleado comunal\u201d, sostuvo el representante de Fesimubo (Federaci\u00f3n de Sindicatos Municipales Bonaerense), Rub\u00e9n Garc\u00eda. Desde el Consejo Directivo piden a los legisladores el\u2026","rel":"","context":"En \u00abSociedad\u00bb","block_context":{"text":"Sociedad","link":"https:\/\/www.24baires.com\/?cat=1"},"img":{"alt_text":"legislatura","src":"https:\/\/i0.wp.com\/www.24baires.com\/wp-content\/uploads\/2012\/11\/legislatura.png?resize=350%2C200","width":350,"height":200},"classes":[]},{"id":103042,"url":"https:\/\/www.24baires.com\/?p=103042","url_meta":{"origin":5077,"position":2},"title":"La Corte suspendi\u00f3 el decreto de reglamentaci\u00f3n de las paritarias municipales","author":"GB","date":"28\/06\/2018","format":false,"excerpt":"La Suprema Corte de Justicia bonaerense suspendi\u00f3 los alcances del decreto de reglamentaci\u00f3n de las paritarias municipales, al sostener que la norma pudo haber modificado el esp\u00edritu de la ley, afectando a las autonom\u00edas municipales y el poder de negociaci\u00f3n de los gremios. En una acordada publicada hoy, el m\u00e1ximo\u2026","rel":"","context":"En \u00abProvincia\u00bb","block_context":{"text":"Provincia","link":"https:\/\/www.24baires.com\/?cat=40"},"img":{"alt_text":"","src":"https:\/\/i0.wp.com\/www.24baires.com\/wp-content\/uploads\/2018\/06\/paritaria-muni-300x200.jpg?resize=350%2C200","width":350,"height":200},"classes":[]},{"id":24150,"url":"https:\/\/www.24baires.com\/?p=24150","url_meta":{"origin":5077,"position":3},"title":"Trabajadores municipales marchar\u00e1n a la Legislatura pidiendo se trate ley de paritarias","author":"Grupo Sierra","date":"22\/05\/2013","format":false,"excerpt":"El pr\u00f3ximo martes 14, trabajadores nucleados en la Federaci\u00f3n de Sindicatos Municipales Bonaerenses (Fesimubo) realizar\u00e1n una marcha a la Legislatura provincial para solicitar el tratamiento del proyecto que instaura la negociaci\u00f3n paritaria con representantes comunales, adem\u00e1s de pedir por el salario m\u00ednimo, vital y m\u00f3vil, entre otras reivindicaciones. Seg\u00fan se\u2026","rel":"","context":"En \u00abProvincia\u00bb","block_context":{"text":"Provincia","link":"https:\/\/www.24baires.com\/?cat=40"},"img":{"alt_text":"","src":"","width":0,"height":0},"classes":[]},{"id":23124,"url":"https:\/\/www.24baires.com\/?p=23124","url_meta":{"origin":5077,"position":4},"title":"Municipales ir\u00e1n a la Legislatura a pedir que se trate la ley de paritarias para el sector","author":"Grupo Sierra","date":"09\/05\/2013","format":false,"excerpt":"El pr\u00f3ximo martes 14, trabajadores nucleados en la Federaci\u00f3n de Sindicatos Municipales Bonaerenses (Fesimubo) realizar\u00e1n una marcha a la Legislatura provincial para solicitar el tratamiento del proyecto que instaura la negociaci\u00f3n paritaria con representantes comunales, adem\u00e1s de pedir por el salario m\u00ednimo, vital y m\u00f3vil, entre otras reivindicaciones. Seg\u00fan se\u2026","rel":"","context":"En \u00abProvincia\u00bb","block_context":{"text":"Provincia","link":"https:\/\/www.24baires.com\/?cat=40"},"img":{"alt_text":"","src":"","width":0,"height":0},"classes":[]},{"id":86651,"url":"https:\/\/www.24baires.com\/?p=86651","url_meta":{"origin":5077,"position":5},"title":"Coronel Su\u00e1rez: municipales para exigir al intendente que los convoque a paritaria","author":"GB","date":"24\/08\/2016","format":false,"excerpt":"El titular de Fesimubo, Rub\u00e9n \"Cholo\" Garc\u00eda asegur\u00f3 que hay un \"capricho\" del jefe comunal para no sentarse a dialogar. Har\u00e1n una asamblea en las puertas de la Municipalidad. Tras m\u00e1s de 20 d\u00edas de conflicto, los trabajadores municipales de Coronel Su\u00e1rez realizar\u00e1n hoy una movilizaci\u00f3n por las calles de\u2026","rel":"","context":"En \u00abLocales\u00bb","block_context":{"text":"Locales","link":"https:\/\/www.24baires.com\/?cat=38"},"img":{"alt_text":"protesta coronel suarez","src":"https:\/\/i0.wp.com\/www.24baires.com\/wp-content\/uploads\/2016\/08\/protesta-coronel-suarez.jpg?resize=350%2C200","width":350,"height":200,"srcset":"https:\/\/i0.wp.com\/www.24baires.com\/wp-content\/uploads\/2016\/08\/protesta-coronel-suarez.jpg?resize=350%2C200 1x, https:\/\/i0.wp.com\/www.24baires.com\/wp-content\/uploads\/2016\/08\/protesta-coronel-suarez.jpg?resize=525%2C300 1.5x"},"classes":[]}],"jetpack_sharing_enabled":true,"jetpack_likes_enabled":true,"_links":{"self":[{"href":"https:\/\/www.24baires.com\/index.php?rest_route=\/wp\/v2\/posts\/5077","targetHints":{"allow":["GET"]}}],"collection":[{"href":"https:\/\/www.24baires.com\/index.php?rest_route=\/wp\/v2\/posts"}],"about":[{"href":"https:\/\/www.24baires.com\/index.php?rest_route=\/wp\/v2\/types\/post"}],"author":[{"embeddable":true,"href":"https:\/\/www.24baires.com\/index.php?rest_route=\/wp\/v2\/users\/4"}],"replies":[{"embeddable":true,"href":"https:\/\/www.24baires.com\/index.php?rest_route=%2Fwp%2Fv2%2Fcomments&post=5077"}],"version-history":[{"count":2,"href":"https:\/\/www.24baires.com\/index.php?rest_route=\/wp\/v2\/posts\/5077\/revisions"}],"predecessor-version":[{"id":5079,"href":"https:\/\/www.24baires.com\/index.php?rest_route=\/wp\/v2\/posts\/5077\/revisions\/5079"}],"wp:attachment":[{"href":"https:\/\/www.24baires.com\/index.php?rest_route=%2Fwp%2Fv2%2Fmedia&parent=5077"}],"wp:term":[{"taxonomy":"category","embeddable":true,"href":"https:\/\/www.24baires.com\/index.php?rest_route=%2Fwp%2Fv2%2Fcategories&post=5077"},{"taxonomy":"post_tag","embeddable":true,"href":"https:\/\/www.24baires.com\/index.php?rest_route=%2Fwp%2Fv2%2Ftags&post=5077"}],"curies":[{"name":"wp","href":"https:\/\/api.w.org\/{rel}","templated":true}]}}