{"id":5066,"date":"2012-11-11T21:00:51","date_gmt":"2012-11-12T00:00:51","guid":{"rendered":"http:\/\/www.24baires.com\/?p=5066"},"modified":"2012-11-11T21:18:10","modified_gmt":"2012-11-12T00:18:10","slug":"con-penas-mas-altas-diputados-ratificaria-el-proyecto-original-sobre-femicidio","status":"publish","type":"post","link":"https:\/\/www.24baires.com\/?p=5066","title":{"rendered":"Con penas m\u00e1s altas, Diputados ratificar\u00eda el proyecto original sobre femicidio"},"content":{"rendered":"<p>Necesita los dos tercios de los votos para mantener el texto aprobado en su momento en ese cuerpo, que fue modificado en el Senado. Habr\u00eda consenso para obtenerlo.<!--more--><\/p>\n<p>La C\u00e1mara baja discutir\u00e1 este mi\u00e9rcoles el proyecto sobre \u201cper saltum\u201d, pero si as\u00ed se acuerda en Labor Parlamentaria, tambi\u00e9n podr\u00eda incluir este mi\u00e9rcoles el proyecto que agrava las penas para los casos de femicidio. El proyecto original fue aprobado en Diputados, pero los senadores optaron por modificar el proyecto y dedicarle al \u201cfemicidio\u201d un art\u00edculo particular en el C\u00f3digo Penal.<\/p>\n<p>Ante la opci\u00f3n de tomar partida por una de las versiones, en la C\u00e1mara de origen acordaron insistir y sancionar el primer texto, para lo cual necesitan el voto favorable de los dos tercios de los presentes.<\/p>\n<p>El dictamen consensuado en Diputados reforma los incisos 1 y 4 del art\u00edculo 80 del C\u00f3digo Penal y le agrega otros dos, a los efectos de contemplar nuevos casos de homicidio agravado relacionados a cuestiones de g\u00e9nero, frente a los cuales se impondr\u00e1n reclusi\u00f3n o prisi\u00f3n perpetuas.<\/p>\n<p>En primer lugar, con la reforma de Diputados se contempla -adem\u00e1s del c\u00f3nyuge- el delito contra el \u201cex c\u00f3nyuge, o a la persona con quien mantiene o ha mantenido una relaci\u00f3n de pareja, mediare o no convivencia\u201d, con el prop\u00f3sito de equiparar a quienes han formalizado el v\u00ednculo con aquellos que no lo han formalizado. La modificaci\u00f3n va en l\u00ednea con la modificaci\u00f3n del C\u00f3digo Civil, en el sentido de contemplar \u201cnuevas formas de familias\u201d.<\/p>\n<p>Como segunda novedad se buscan agravar los homicidios cometidos por \u201codio de g\u00e9nero o a la orientaci\u00f3n sexual, identidad de g\u00e9nero o su expresi\u00f3n\u201d -hasta el momento s\u00f3lo se contemplan los delitos \u201cpor placer, codicia, odio racial o religioso\u201d-.<\/p>\n<p>En lo que hace particularmente al femicidio, el proyecto de Diputados crea el inciso 11 para agravar el asesinato \u201ca una mujer cuando el hecho sea perpetrado por un hombre y mediare violencia de g\u00e9nero\u201d.<\/p>\n<p>En cuarto lugar, los diputados y senadores tambi\u00e9n coincidieron en reforzar las penas para los casos de \u201chomicidio vinculado\u201d; esto es, el homicidio de otra persona con el fin de causar sufrimiento a una persona con la que ha mantenido o mantiene una relaci\u00f3n afectiva. El texto fue redactado mientras resonaban el caso Cuello, donde un hombre secuestr\u00f3 y mat\u00f3 al hijo de su expareja para mortificar a la madre del ni\u00f1o; as\u00ed como el caso Cruz, m\u00e1s aberrante a\u00fan, donde la propia madre mat\u00f3 a su hijo para vengarse del padre.<\/p>\n<p>Finalmente, el proyecto establece que cuando en los casos de relaciones de pareja \u201cmediaren circunstancias extraordinarias de atenuaci\u00f3n, el juez podr\u00e1 aplicar prisi\u00f3n o reclusi\u00f3n de 8 a 25 a\u00f1os\u201d, lo que \u201cno ser\u00e1 aplicable a quien anteriormente hubiera realizado actos de violencia contra la mujer v\u00edctima\u201d.<\/p>\n<p>\u201cHay un problema metodol\u00f3gico: todos lo agravantes del homicidio van en un solo art\u00edculo (el 80); desconocerlo lleva a que la agresi\u00f3n de g\u00e9nero, al estar aparte, no sea un agravante de las lesiones. Si lo ponemos en el 80 bis, esa agresi\u00f3n de g\u00e9nero no est\u00e1 referida\u201d. As\u00ed explic\u00f3 el kirchnerista Oscar Albrieu la decisi\u00f3n un\u00e1nime de insistir con la versi\u00f3n original del proyecto sobre \u201cfemicidio\u201d.<\/p>\n<p>El titular de la Comisi\u00f3n de Legislaci\u00f3n Penal de la C\u00e1mara baja reconoci\u00f3 que \u201clos dos proyectos son buenos, no tienen grandes diferencias\u201d. \u201cLo que pasa es que como C\u00e1mara de origen tenemos que decir entre una y otra, y puestos a elegir nos parece mejor la que aprobamos nosotros\u201d, explica el rionegrino.<\/p>\n<p>La vicepresidenta del bloque del Frente para la Victoria en Diputados, Juliana Di Tullio, propuso a los bloques opositores sancionar el proyecto el mi\u00e9rcoles 14. Precisamente ese d\u00eda, el kirchnerismo buscar\u00e1 convertir en ley la reglamentaci\u00f3n del \u201cper saltum\u201d, que la oposici\u00f3n rechaza por entenderla una \u201cpresi\u00f3n\u201d a la Corte Suprema en el marco de la puja con Clar\u00edn por el \u201c7D\u201d y la aplicaci\u00f3n de la Ley de Medios.<\/p>\n<p>Ser\u00eda una sesi\u00f3n especial con temario cerrado, seg\u00fan informaron a Semanario Parlamentario. La oposici\u00f3n, en consecuencia, no bajar\u00e1 al recinto hasta que el kirchnerismo logre qu\u00f3rum propio. Al menos eso es lo que hizo en lo que va de 2012. En el mismo sentido, algunos legisladores podr\u00edan retirarse despu\u00e9s del extenso y arduo debate que implicar\u00eda el \u201cper saltum\u201d y pondr\u00eda en riesgo el proyecto sobre \u201cfemicidio\u201d si es que se trata despu\u00e9s.<\/p>\n<p>Por eso, ante cualquier sorpresa -como una eventual retirada en masa de la oposici\u00f3n-, los bloques deber\u00e1n pactar una fecha en las tres semanas que le queda al a\u00f1o parlamentario y comprometerse a garantizar los dos tercios para la sanci\u00f3n de la versi\u00f3n original del proyecto. No deber\u00eda ser un desafi\u00f3 dado que avanz\u00f3 por unanimidad, pero nada est\u00e1 exento de alteraciones en la pol\u00edtica parlamentaria.<\/p>\n","protected":false},"excerpt":{"rendered":"<p>Necesita los dos tercios de los votos para mantener el texto aprobado en su momento en ese cuerpo, que fue modificado en el Senado. Habr\u00eda consenso para obtenerlo.<\/p>\n","protected":false},"author":4,"featured_media":0,"comment_status":"open","ping_status":"open","sticky":false,"template":"","format":"standard","meta":{"_jetpack_newsletter_access":"","_jetpack_dont_email_post_to_subs":false,"_jetpack_newsletter_tier_id":0,"_jetpack_memberships_contains_paywalled_content":false,"_jetpack_memberships_contains_paid_content":false,"footnotes":""},"categories":[1],"tags":[],"class_list":["post-5066","post","type-post","status-publish","format-standard","hentry","category-sociedad"],"jetpack_featured_media_url":"","jetpack_shortlink":"https:\/\/wp.me\/p2JWE0-1jI","jetpack-related-posts":[{"id":5462,"url":"https:\/\/www.24baires.com\/?p=5462","url_meta":{"origin":5066,"position":0},"title":"La C\u00e1mara baja sancion\u00f3 el proyecto original para penalizar el femicidio","author":"AF","date":"14\/11\/2012","format":false,"excerpt":"Diputados convirti\u00f3 en ley, por unanimidad, el texto all\u00ed aprobado en abril, que hab\u00eda sido modificado en el Senado. El texto aprobado agrava las penas por el asesinato \u201ca una mujer cuando el hecho sea perpetrado por un hombre y mediare violencia de g\u00e9nero\u201d. De manera un\u00e1nime, la C\u00e1mara de\u2026","rel":"","context":"En \u00abSociedad\u00bb","block_context":{"text":"Sociedad","link":"https:\/\/www.24baires.com\/?cat=1"},"img":{"alt_text":"","src":"","width":0,"height":0},"classes":[]},{"id":106002,"url":"https:\/\/www.24baires.com\/?p=106002","url_meta":{"origin":5066,"position":1},"title":"Diputados dio media sanci\u00f3n a la \u201cLey Micaela\u201d contra la violencia de g\u00e9nero","author":"GB","date":"19\/12\/2018","format":false,"excerpt":"La iniciativa tuvo luz verde en la C\u00e1mara baja con 171 votos a favor y uno en contra del diputado Alfredo Olmedo. El proyecto plantea la capacitaci\u00f3n obligatoria en tem\u00e1tica de g\u00e9nero para todos los funcionarios p\u00fablicos de los tres poderes del Estado. La C\u00e1mara de Diputados dio media sanci\u00f3n\u2026","rel":"","context":"En \u00abPol\u00edtica\u00bb","block_context":{"text":"Pol\u00edtica","link":"https:\/\/www.24baires.com\/?cat=51"},"img":{"alt_text":"","src":"https:\/\/i0.wp.com\/www.24baires.com\/wp-content\/uploads\/2017\/04\/micaela-garc%C3%ADa.jpg?resize=350%2C200","width":350,"height":200,"srcset":"https:\/\/i0.wp.com\/www.24baires.com\/wp-content\/uploads\/2017\/04\/micaela-garc%C3%ADa.jpg?resize=350%2C200 1x, https:\/\/i0.wp.com\/www.24baires.com\/wp-content\/uploads\/2017\/04\/micaela-garc%C3%ADa.jpg?resize=525%2C300 1.5x"},"classes":[]},{"id":95691,"url":"https:\/\/www.24baires.com\/?p=95691","url_meta":{"origin":5066,"position":2},"title":"Los condenados por delitos graves no tendr\u00e1n m\u00e1s salidas transitorias","author":"GB","date":"05\/07\/2017","format":false,"excerpt":"La C\u00e1mara baja convirti\u00f3 en ley el proyecto que limita las excarcelaciones para los casos de delitos graves. Los diputados votaron por amplia mayor\u00eda las modificaciones introducidas por el Senado. Los reincidentes tampoco podr\u00e1n tener salidas anticipadas. El proyecto para limitar excarcelaciones o salidas anticipadas a condenados por violaciones, femicidios,\u2026","rel":"","context":"En \u00abPol\u00edtica\u00bb","block_context":{"text":"Pol\u00edtica","link":"https:\/\/www.24baires.com\/?cat=51"},"img":{"alt_text":"","src":"https:\/\/i0.wp.com\/www.24baires.com\/wp-content\/uploads\/2017\/02\/diputados.jpg?resize=350%2C200","width":350,"height":200,"srcset":"https:\/\/i0.wp.com\/www.24baires.com\/wp-content\/uploads\/2017\/02\/diputados.jpg?resize=350%2C200 1x, https:\/\/i0.wp.com\/www.24baires.com\/wp-content\/uploads\/2017\/02\/diputados.jpg?resize=525%2C300 1.5x"},"classes":[]},{"id":122707,"url":"https:\/\/www.24baires.com\/?p=122707","url_meta":{"origin":5066,"position":3},"title":"Kicillof logr\u00f3 convertir en Ley el Presupuesto y la Impositiva, pero no junt\u00f3 los votos para el endeudamiento","author":"GB","date":"27\/11\/2025","format":false,"excerpt":"Luego de una marat\u00f3nica jornada de negociaciones, tanto Diputados como Senadores aprobaron el Presupuesto 2026 y la Ley Impositiva. El endeudamiento se tratar\u00e1 el viernes si el oficialismo consigue los dos tercios necesarios para aprobarlo. Finalmente, y con 9 horas de atraso, sesion\u00f3 Diputados, pero solo aprob\u00f3 el Presupuesto 2026\u2026","rel":"","context":"En \u00abProvincia\u00bb","block_context":{"text":"Provincia","link":"https:\/\/www.24baires.com\/?cat=40"},"img":{"alt_text":"","src":"https:\/\/i0.wp.com\/www.24baires.com\/wp-content\/uploads\/2019\/12\/diputados-bonaerenses.jpg?resize=350%2C200","width":350,"height":200,"srcset":"https:\/\/i0.wp.com\/www.24baires.com\/wp-content\/uploads\/2019\/12\/diputados-bonaerenses.jpg?resize=350%2C200 1x, https:\/\/i0.wp.com\/www.24baires.com\/wp-content\/uploads\/2019\/12\/diputados-bonaerenses.jpg?resize=525%2C300 1.5x, https:\/\/i0.wp.com\/www.24baires.com\/wp-content\/uploads\/2019\/12\/diputados-bonaerenses.jpg?resize=700%2C400 2x"},"classes":[]},{"id":94111,"url":"https:\/\/www.24baires.com\/?p=94111","url_meta":{"origin":5066,"position":4},"title":"Diputados busca aprobar ley que restringe la patria potestad a femicidas","author":"AF","date":"26\/04\/2017","format":false,"excerpt":"El proyecto, que busca la privaci\u00f3n autom\u00e1tica de la responsabilidad parental a los femicidas, ya ten\u00eda la media sanci\u00f3n del Senado. La C\u00e1mara de Diputados se re\u00fane este mi\u00e9rcoles en sesi\u00f3n especial con la intenci\u00f3n de aprobar un proyecto de ley de privaci\u00f3n de la responsabilidad parental para femicidas. Adem\u00e1s,\u2026","rel":"","context":"En \u00abSociedad\u00bb","block_context":{"text":"Sociedad","link":"https:\/\/www.24baires.com\/?cat=1"},"img":{"alt_text":"","src":"https:\/\/i0.wp.com\/www.24baires.com\/wp-content\/uploads\/2016\/06\/ni-una-menos2.jpg?resize=350%2C200","width":350,"height":200,"srcset":"https:\/\/i0.wp.com\/www.24baires.com\/wp-content\/uploads\/2016\/06\/ni-una-menos2.jpg?resize=350%2C200 1x, https:\/\/i0.wp.com\/www.24baires.com\/wp-content\/uploads\/2016\/06\/ni-una-menos2.jpg?resize=525%2C300 1.5x"},"classes":[]},{"id":116722,"url":"https:\/\/www.24baires.com\/?p=116722","url_meta":{"origin":5066,"position":5},"title":"Diputados aprob\u00f3 el proyecto de Aporte Solidario","author":"GB","date":"18\/11\/2020","format":false,"excerpt":"La C\u00e1mara de Diputados de la Naci\u00f3n aprob\u00f3 por mayor\u00eda en la madrugada de este mi\u00e9rcoles el proyecto de ley del impuesto a la riqueza. La C\u00e1mara de Diputados de la Naci\u00f3n aprob\u00f3 el proyecto de Ley que establece la creaci\u00f3n de un Aporte Solidario y Extraordinario para los patrimonios\u2026","rel":"","context":"En \u00abPol\u00edtica\u00bb","block_context":{"text":"Pol\u00edtica","link":"https:\/\/www.24baires.com\/?cat=51"},"img":{"alt_text":"","src":"https:\/\/i0.wp.com\/www.24baires.com\/wp-content\/uploads\/2020\/09\/diputados.jpg?resize=350%2C200","width":350,"height":200,"srcset":"https:\/\/i0.wp.com\/www.24baires.com\/wp-content\/uploads\/2020\/09\/diputados.jpg?resize=350%2C200 1x, https:\/\/i0.wp.com\/www.24baires.com\/wp-content\/uploads\/2020\/09\/diputados.jpg?resize=525%2C300 1.5x"},"classes":[]}],"jetpack_sharing_enabled":true,"jetpack_likes_enabled":true,"_links":{"self":[{"href":"https:\/\/www.24baires.com\/index.php?rest_route=\/wp\/v2\/posts\/5066","targetHints":{"allow":["GET"]}}],"collection":[{"href":"https:\/\/www.24baires.com\/index.php?rest_route=\/wp\/v2\/posts"}],"about":[{"href":"https:\/\/www.24baires.com\/index.php?rest_route=\/wp\/v2\/types\/post"}],"author":[{"embeddable":true,"href":"https:\/\/www.24baires.com\/index.php?rest_route=\/wp\/v2\/users\/4"}],"replies":[{"embeddable":true,"href":"https:\/\/www.24baires.com\/index.php?rest_route=%2Fwp%2Fv2%2Fcomments&post=5066"}],"version-history":[{"count":2,"href":"https:\/\/www.24baires.com\/index.php?rest_route=\/wp\/v2\/posts\/5066\/revisions"}],"predecessor-version":[{"id":5068,"href":"https:\/\/www.24baires.com\/index.php?rest_route=\/wp\/v2\/posts\/5066\/revisions\/5068"}],"wp:attachment":[{"href":"https:\/\/www.24baires.com\/index.php?rest_route=%2Fwp%2Fv2%2Fmedia&parent=5066"}],"wp:term":[{"taxonomy":"category","embeddable":true,"href":"https:\/\/www.24baires.com\/index.php?rest_route=%2Fwp%2Fv2%2Fcategories&post=5066"},{"taxonomy":"post_tag","embeddable":true,"href":"https:\/\/www.24baires.com\/index.php?rest_route=%2Fwp%2Fv2%2Ftags&post=5066"}],"curies":[{"name":"wp","href":"https:\/\/api.w.org\/{rel}","templated":true}]}}