{"id":50461,"date":"2014-07-24T15:00:57","date_gmt":"2014-07-24T18:00:57","guid":{"rendered":"http:\/\/www.24baires.com\/?p=50461"},"modified":"2014-07-24T11:35:07","modified_gmt":"2014-07-24T14:35:07","slug":"senalar-y-silenciar-al-que-opina-diferente","status":"publish","type":"post","link":"https:\/\/www.24baires.com\/?p=50461","title":{"rendered":"Se\u00f1alar y silenciar al que opina diferente"},"content":{"rendered":"<p><img data-recalc-dims=\"1\" loading=\"lazy\" decoding=\"async\" class=\"aligncenter size-full wp-image-50462\" src=\"https:\/\/i0.wp.com\/www.24baires.com\/wp-content\/uploads\/2014\/07\/ADLER.jpeg?resize=560%2C341\" alt=\"ADLER\" width=\"560\" height=\"341\" srcset=\"https:\/\/i0.wp.com\/www.24baires.com\/wp-content\/uploads\/2014\/07\/ADLER.jpeg?w=560&amp;ssl=1 560w, https:\/\/i0.wp.com\/www.24baires.com\/wp-content\/uploads\/2014\/07\/ADLER.jpeg?resize=300%2C182&amp;ssl=1 300w\" sizes=\"auto, (max-width: 560px) 100vw, 560px\" \/>\u00bfCu\u00e1ndo son malas las amenazas, los aprietes? \u00bfDepende a quien sean dirigidos? \u00bfS\u00f3lo debemos repudiar estas acciones cobardes cu\u00e1nto tocan a alguien con quien podemos empatizar en algunas ideas? Las respuestas a estas preguntas se vuelven obvias, espero: siempre. Siempre hay que repudiar a quienes desde la c\u00f3moda e indigna cobertura del anonimato efect\u00faan esta clase de intimidaciones. No importa si el objeto de esas pr\u00e1cticas es alguien que nos cae bien, mal, o un desconocido, porque lo que importa es el modo en que intentan amedrentarlo, atacarlo, importa la forma en que buscan silenciar a otros, obturar su accionar mediante el miedo y la amenaza.<!--more--><\/p>\n<p>Hace d\u00edas volvieron a amenazar a otro ex integrante del Tribunal de Enjuiciamiento que el jueves 17 repuso en su cargo al fiscal Jos\u00e9 Mar\u00eda Campagnoli. En esta misma columna, hace unas semanas habl\u00e1bamos de un hecho similar vivido por el fiscal Adolfo Villate (tambi\u00e9n integrante del Tribunal de enjuiciamiento a Campagnoli), quien junto a su familia sufri\u00f3 amenazas de muerte, (Llamaron a su casa y preguntaron \u201cAd\u00f3nde est\u00e1 ese hijo de puta, ese renacuajo que quiere destituir al juez Campagnoli. \u00bfNo tiene miedo de que le peguen un tiro?\u201d). Tambi\u00e9n Mar\u00eda Cristina Mart\u00ednez C\u00f3rdoba, que integraba el jury y renunci\u00f3 por razones de salud, hab\u00eda recibido amenazas a trav\u00e9s de Twitter, donde incluso difundieron su foto y la direcci\u00f3n de su casa. Esta vez le toc\u00f3 al fiscal Daniel Adler.<br \/>\nComo los jueces y fiscales (inclu\u00eddo desde ya Campagnoli), Adler no naci\u00f3 un d\u00eda antes del inicio del famoso jury. Adler trabaja en muchas causas relacionadas a los Derechos Humanos, es reconocido por su labor en la lucha contra la Trata de Personas y los Juicios por La Verdad, por poner ejemplos.<br \/>\nOportunamente, Adolfo Villate hab\u00eda dicho con enojo a La Capital de Rosario: \u201cNo s\u00e9 si usted vio el domingo pasado el programa de (Jorge) Lanata, donde se hicieron acusaciones falsas contra el fiscal Marcelo Garc\u00eda Berro. Como a m\u00ed no tienen con qu\u00e9 difamarme siguen el camino de las amenazas\u201d. Bueno, parece que el vocero de Clar\u00edn que alguna vez nos hizo creer que era un defensor de las causas justas, hizo lo mismo con Adler. Horrible sistema ese, se\u00f1alar a alguien para que lo agredan y emprendan represalias en su contra. Muy de otra \u00e9poca, de un tiempo oscuro de botas sin votos.<br \/>\nA Adler le arrojaron volantes en la puerta de su casa en Mar del Plata y en los Tribunales que dec\u00edan \u201cAdler fiscal Korrupto\u201d, \u201cDefensor de corruptos\u201d, \u201cVerdugo de Campagnoli\u201d. Y como si esta cobard\u00eda no fuera suficiente, tambi\u00e9n agredieron a su hija a la salida de la escuela.<br \/>\nSeguro ustedes han visto y le\u00eddo, como yo, a muchos rasgarse las vestiduras a favor de Campagnoli, algunos lo siguen por la calle, le escriben cartelitos de apoyo que quiz\u00e1 enrollar\u00edan y guardar\u00edan para siempre si conocieran en profundidad la calidad del trabajo de este fiscal. Pero no los vi reclamando por Villate, por Mart\u00ednez C\u00f3rdoba o por Adler. Se les acab\u00f3 el caudal de indignaci\u00f3n all\u00ed. Entonces, \u00bfpor qu\u00e9 a unos si y a otros no? Quines practican este oscurantismo dictatorial del amedrentamiento, del apriete an\u00f3nimo, del intento de desacreditar mediante calumnias, de operar desde las sombras para ocultar as\u00ed sus identidades y poder atentar contra la libertad de los dem\u00e1s, son seres despreciables. Agredan a quien agredan, no importa si piensa como yo o no. Lo que importa es que no debemos permitir que un operador pol\u00edtico marque con su desde su programa de televisi\u00f3n o de radio a quien esta semana le toca sufrir los arrebatos de la infamia. Ast\u00edz tambi\u00e9n marcaba gente, fingiendo ser otra cosa, y la comparaci\u00f3n no queda grande, porque la pr\u00e1ctica es la misma, s\u00f3lo han cambiado los escenarios, ahora con la democracia no se puede desaparecer a quien piensa diferente (aunque Arruga me pone el dedo en el rengl\u00f3n en este momento y elijo no hacerme la tonta). Pero hacen todo lo que en esta \u00e9poca pueden, como meter miedo, atacar a los hijos de quienes consideran enemigos, usar el anonimato como refugio perverso. Por eso, para estos impunes que quiz\u00e1 hayan cambiado de nombre propio y modificado algunas pr\u00e1cticas, el objetivo sigue siendo el mismo: sembrar la sospecha, hacer vivir con temor y silenciar. Se\u00f1alar y silenciar al que opina diferente. Eso sigue igual.<\/p>\n","protected":false},"excerpt":{"rendered":"<p>\u00bfCu\u00e1ndo son malas las amenazas, los aprietes? \u00bfDepende a quien sean dirigidos? \u00bfS\u00f3lo debemos repudiar estas acciones cobardes cu\u00e1nto tocan a alguien con quien podemos empatizar en algunas ideas? Las respuestas a estas preguntas se vuelven obvias, espero: siempre. Siempre hay que repudiar a quienes desde la c\u00f3moda e indigna cobertura del anonimato efect\u00faan esta clase de intimidaciones. No importa [&#8230;]<\/p>\n","protected":false},"author":4,"featured_media":0,"comment_status":"open","ping_status":"open","sticky":false,"template":"","format":"standard","meta":{"_jetpack_newsletter_access":"","_jetpack_dont_email_post_to_subs":false,"_jetpack_newsletter_tier_id":0,"_jetpack_memberships_contains_paywalled_content":false,"_jetpack_memberships_contains_paid_content":false,"footnotes":""},"categories":[64],"tags":[],"class_list":["post-50461","post","type-post","status-publish","format-standard","hentry","category-opinion"],"jetpack_featured_media_url":"","jetpack_shortlink":"https:\/\/wp.me\/p2JWE0-d7T","jetpack-related-posts":[{"id":104435,"url":"https:\/\/www.24baires.com\/?p=104435","url_meta":{"origin":50461,"position":0},"title":"Moreno: secuestraron y torturaron a una docente","author":"AF","date":"12\/09\/2018","format":false,"excerpt":"El hecho tuvo lugar durante la realizaci\u00f3n de una olla popular frente a la escuela 801. El Suteba denunci\u00f3 que \"le pusieron una bolsa en la cabeza y se la llevaron en un auto\". \"No m\u00e1s ollas\", le escribieron con un punz\u00f3n en la panza. El secretario general de Suteba,\u2026","rel":"","context":"En \u00abSociedad\u00bb","block_context":{"text":"Sociedad","link":"https:\/\/www.24baires.com\/?cat=1"},"img":{"alt_text":"","src":"https:\/\/i0.wp.com\/www.24baires.com\/wp-content\/uploads\/2018\/09\/baradel.jpg?resize=350%2C200","width":350,"height":200,"srcset":"https:\/\/i0.wp.com\/www.24baires.com\/wp-content\/uploads\/2018\/09\/baradel.jpg?resize=350%2C200 1x, https:\/\/i0.wp.com\/www.24baires.com\/wp-content\/uploads\/2018\/09\/baradel.jpg?resize=525%2C300 1.5x"},"classes":[]},{"id":100036,"url":"https:\/\/www.24baires.com\/?p=100036","url_meta":{"origin":50461,"position":1},"title":"Baradel volvi\u00f3 a ser amenazado","author":"AF","date":"18\/01\/2018","format":false,"excerpt":"\u201cDecidiste ser el enemigo, ahora te vamos a hacer desaparecer\", le advirtieron por mail al secretario general del Suteba. El mensaje lleg\u00f3 a su casilla de correo anoche luego de la campa\u00f1a del gobierno bonaerense que promueve la desafiliaci\u00f3n de los maestros y de la eliminaci\u00f3n por decreto de la\u2026","rel":"","context":"En \u00abSociedad\u00bb","block_context":{"text":"Sociedad","link":"https:\/\/www.24baires.com\/?cat=1"},"img":{"alt_text":"","src":"https:\/\/i0.wp.com\/www.24baires.com\/wp-content\/uploads\/2017\/07\/baradel.jpg?resize=350%2C200","width":350,"height":200,"srcset":"https:\/\/i0.wp.com\/www.24baires.com\/wp-content\/uploads\/2017\/07\/baradel.jpg?resize=350%2C200 1x, https:\/\/i0.wp.com\/www.24baires.com\/wp-content\/uploads\/2017\/07\/baradel.jpg?resize=525%2C300 1.5x"},"classes":[]},{"id":104491,"url":"https:\/\/www.24baires.com\/?p=104491","url_meta":{"origin":50461,"position":2},"title":"Mar del Plata: polic\u00eda tortur\u00f3 a un ni\u00f1o discapacitado","author":"AF","date":"15\/09\/2018","format":false,"excerpt":"La Comisi\u00f3n por la Memoria repudi\u00f3 el hecho: un oficial de polic\u00eda golpe\u00f3 y ahorc\u00f3 a Mat\u00edas, de 9 a\u00f1os. El chico estaba jugando con su hermano y un arma de juguete. La Comisi\u00f3n por la Memoria (CPM) repudi\u00f3 el violento ataque sufrido el jueves por Mat\u00edas (un ni\u00f1o de\u2026","rel":"","context":"En \u00abSociedad\u00bb","block_context":{"text":"Sociedad","link":"https:\/\/www.24baires.com\/?cat=1"},"img":{"alt_text":"","src":"https:\/\/i0.wp.com\/www.24baires.com\/wp-content\/uploads\/2018\/09\/patrullero.jpg?resize=350%2C200","width":350,"height":200,"srcset":"https:\/\/i0.wp.com\/www.24baires.com\/wp-content\/uploads\/2018\/09\/patrullero.jpg?resize=350%2C200 1x, https:\/\/i0.wp.com\/www.24baires.com\/wp-content\/uploads\/2018\/09\/patrullero.jpg?resize=525%2C300 1.5x"},"classes":[]},{"id":94125,"url":"https:\/\/www.24baires.com\/?p=94125","url_meta":{"origin":50461,"position":3},"title":"El Gobierno cerr\u00f3 y decomis\u00f3 dos radios comunitarias","author":"GB","date":"26\/04\/2017","format":false,"excerpt":"El Ministerio de Comunicaciones que conduce Oscar Aguad, y el Enacom, respondieron a una orden judicial que cumpli\u00f3 las nuevas pol\u00edticas dispuestas por el Gobierno y se llevaron detenido al responsable de las emisoras. Desde la Uni\u00f3n de Comunicadores Audiovisuales y Afines de La Matanza denunciaron que Cambiemos busca \"cercenar,\u2026","rel":"","context":"En \u00abSociedad\u00bb","block_context":{"text":"Sociedad","link":"https:\/\/www.24baires.com\/?cat=1"},"img":{"alt_text":"","src":"https:\/\/i0.wp.com\/www.24baires.com\/wp-content\/uploads\/2014\/08\/radio-la-provincia.jpg?resize=350%2C200","width":350,"height":200,"srcset":"https:\/\/i0.wp.com\/www.24baires.com\/wp-content\/uploads\/2014\/08\/radio-la-provincia.jpg?resize=350%2C200 1x, https:\/\/i0.wp.com\/www.24baires.com\/wp-content\/uploads\/2014\/08\/radio-la-provincia.jpg?resize=525%2C300 1.5x"},"classes":[]},{"id":102545,"url":"https:\/\/www.24baires.com\/?p=102545","url_meta":{"origin":50461,"position":4},"title":"Suspendieron el amistoso entre Argentina e Israel por las amenazas","author":"AF","date":"05\/06\/2018","format":false,"excerpt":"Tras las amenazas contra Lionel Messi, se decidi\u00f3 no disputar el \u00faltimo encuentro del seleccionado argentino previo al comienzo de Rusia 2018. Tras la carta que envi\u00f3 el presidente de la Federaci\u00f3n Palestina a su par de la AFA, Chiqui Tapia y las amenazas de quemar camisetas de Lionel Messi,\u2026","rel":"","context":"En \u00abDeportes\u00bb","block_context":{"text":"Deportes","link":"https:\/\/www.24baires.com\/?cat=12"},"img":{"alt_text":"","src":"https:\/\/i0.wp.com\/www.24baires.com\/wp-content\/uploads\/2018\/06\/selecci%C3%B3n-argentina.jpeg?resize=350%2C200","width":350,"height":200,"srcset":"https:\/\/i0.wp.com\/www.24baires.com\/wp-content\/uploads\/2018\/06\/selecci%C3%B3n-argentina.jpeg?resize=350%2C200 1x, https:\/\/i0.wp.com\/www.24baires.com\/wp-content\/uploads\/2018\/06\/selecci%C3%B3n-argentina.jpeg?resize=525%2C300 1.5x"},"classes":[]},{"id":37687,"url":"https:\/\/www.24baires.com\/?p=37687","url_meta":{"origin":50461,"position":5},"title":"Repudian el intento de Macri de comprar las fotos que lo compromet\u00edan","author":"GB","date":"30\/12\/2013","format":false,"excerpt":"La Asociaci\u00f3n de Reporteros Gr\u00e1ficos de la Rep\u00fablica Argentina repudi\u00f3, en un comunicado, el intento del Jefe de Gobierno de la Ciudad de Buenos Aires de comprar fotos que le fueron tomadas de su llegada a Bariloche en medio de la emergencia en la Ciudad. Mauricio Macri intent\u00f3 comprar las\u2026","rel":"","context":"En \u00abPol\u00edtica\u00bb","block_context":{"text":"Pol\u00edtica","link":"https:\/\/www.24baires.com\/?cat=51"},"img":{"alt_text":"macri vacas","src":"https:\/\/i0.wp.com\/www.24baires.com\/wp-content\/uploads\/2013\/12\/macri-vacas.jpg?resize=350%2C200","width":350,"height":200,"srcset":"https:\/\/i0.wp.com\/www.24baires.com\/wp-content\/uploads\/2013\/12\/macri-vacas.jpg?resize=350%2C200 1x, https:\/\/i0.wp.com\/www.24baires.com\/wp-content\/uploads\/2013\/12\/macri-vacas.jpg?resize=525%2C300 1.5x"},"classes":[]}],"jetpack_sharing_enabled":true,"jetpack_likes_enabled":true,"_links":{"self":[{"href":"https:\/\/www.24baires.com\/index.php?rest_route=\/wp\/v2\/posts\/50461","targetHints":{"allow":["GET"]}}],"collection":[{"href":"https:\/\/www.24baires.com\/index.php?rest_route=\/wp\/v2\/posts"}],"about":[{"href":"https:\/\/www.24baires.com\/index.php?rest_route=\/wp\/v2\/types\/post"}],"author":[{"embeddable":true,"href":"https:\/\/www.24baires.com\/index.php?rest_route=\/wp\/v2\/users\/4"}],"replies":[{"embeddable":true,"href":"https:\/\/www.24baires.com\/index.php?rest_route=%2Fwp%2Fv2%2Fcomments&post=50461"}],"version-history":[{"count":1,"href":"https:\/\/www.24baires.com\/index.php?rest_route=\/wp\/v2\/posts\/50461\/revisions"}],"predecessor-version":[{"id":50463,"href":"https:\/\/www.24baires.com\/index.php?rest_route=\/wp\/v2\/posts\/50461\/revisions\/50463"}],"wp:attachment":[{"href":"https:\/\/www.24baires.com\/index.php?rest_route=%2Fwp%2Fv2%2Fmedia&parent=50461"}],"wp:term":[{"taxonomy":"category","embeddable":true,"href":"https:\/\/www.24baires.com\/index.php?rest_route=%2Fwp%2Fv2%2Fcategories&post=50461"},{"taxonomy":"post_tag","embeddable":true,"href":"https:\/\/www.24baires.com\/index.php?rest_route=%2Fwp%2Fv2%2Ftags&post=50461"}],"curies":[{"name":"wp","href":"https:\/\/api.w.org\/{rel}","templated":true}]}}