{"id":50362,"date":"2014-07-22T16:00:07","date_gmt":"2014-07-22T19:00:07","guid":{"rendered":"http:\/\/www.24baires.com\/?p=50362"},"modified":"2014-07-22T17:35:09","modified_gmt":"2014-07-22T20:35:09","slug":"responsabilidad-penal-juvenil-la-hora-del-debate","status":"publish","type":"post","link":"https:\/\/www.24baires.com\/?p=50362","title":{"rendered":"Responsabilidad penal juvenil: la hora del debate"},"content":{"rendered":"<p><img data-recalc-dims=\"1\" loading=\"lazy\" decoding=\"async\" class=\"aligncenter size-full wp-image-50368\" src=\"https:\/\/i0.wp.com\/www.24baires.com\/wp-content\/uploads\/2014\/07\/Imputabilidad-Menores.jpg?resize=560%2C347\" alt=\"Imputabilidad-Menores\" width=\"560\" height=\"347\" srcset=\"https:\/\/i0.wp.com\/www.24baires.com\/wp-content\/uploads\/2014\/07\/Imputabilidad-Menores.jpg?w=560&amp;ssl=1 560w, https:\/\/i0.wp.com\/www.24baires.com\/wp-content\/uploads\/2014\/07\/Imputabilidad-Menores.jpg?resize=300%2C185&amp;ssl=1 300w\" sizes=\"auto, (max-width: 560px) 100vw, 560px\" \/><em>(Por Gustavo Gabriel Caruso*)<\/em>&#8211; Nuestra legislaci\u00f3n penal establece que, por debajo de los 16 a\u00f1os de edad, una persona es inimputable para todo delito. Pero, en realidad, el t\u00e9rmino correcto a emplear debe ser el que una persona menor de aquella edad no es punible para cualquiera de las infracciones penales, (que, llegado el caso, s\u00ed puede imput\u00e1rsele una acci\u00f3n il\u00edcita, acus\u00e1rselo, aunque jam\u00e1s puede impon\u00e9rsele una pena).<!--more--><\/p>\n<p>El joven de entre 16 y 17 a\u00f1os de edad, no es punible para ciertos delitos leves, aunque s\u00ed lo es para otros que superen cierta barrera en la penalidad, como por ejemplo para hurtos agravados, robos simples, etc., o sea, para todos aquellos delitos que superen los dos a\u00f1os de pena privativa de la libertad en el contexto del C\u00f3digo Penal o sus leyes complementarias. De todas formas, en el sistema penal de ni\u00f1os,ni\u00f1as y adolescentes, la sentencia nunca debe ser igual que la que se le impondr\u00eda a un adulto.<\/p>\n<p>Por su parte, distintos documentos internacionales aconsejan que no debe bajarse la edad de punibilidad. Todo ello responde a que la ley reconoce y respeta el desarrollo madurativo de todo ser humano, y por lo tanto, entiende que no es conveniente penalizar mientras se da tal evoluci\u00f3n natural.<\/p>\n<p>A partir de la vigencia de la Convenci\u00f3n Internacional de los Derechos del Ni\u00f1o y Adolescente, adoptada en Nueva York en 1989, suscripta por nuestro pa\u00eds y posteriormente incorporarla como ley de m\u00e1xima jerarqu\u00eda a la Constituci\u00f3n Nacional en 1994, prev\u00e9 que para la persona que no es punible por razones de edad seg\u00fan la legislaci\u00f3n de cada pa\u00eds, y a\u00fan para aquellos j\u00f3venes que s\u00ed lo son (hasta los 18 a\u00f1os en Argentina), existe un sistema de promoci\u00f3n y protecci\u00f3n de los derechos para un desarrollo integral en sociedad. Este sistema, est\u00e1 en cabeza de los llamados servicios locales, que cada jurisdicci\u00f3n del pa\u00eds debe hacer funcionar y que deben mantenerse ajenos a la justicia penal, ya que su funci\u00f3n es meramente social.<\/p>\n<p>Ahora bien, y pese a que nuestro pa\u00eds suscribi\u00f3 y agreg\u00f3 a su Constituci\u00f3n la legislaci\u00f3n internacional en la materia, la edad del joven en la que puede ser penalizado (punibilidad, como ya se dijo) act\u00faa como variable de ajuste y como chivo expiatorio cuando existe un hecho de gravedad que lo involucra \u2013 aunque resulte aislado &#8211; o cuando el Estado (nacional, provincial o municipal) endurece las pol\u00edticas de gesti\u00f3n de la seguridad p\u00fablica. Ah\u00ed se echa mano al consabido \u201chay que bajar la edad de imputabilidad\u201d, frase propia de alg\u00fan funcionario p\u00fablico, o peor a\u00fan, proveniente de alg\u00fan pol\u00edtico en constante b\u00fasqueda de votos o de medios de comunicaci\u00f3n con intereses creados en los dos anteriores o interesados en promover la emergencia del miedo. Obviamente, en estos casos, y tal como ocurre con la discusi\u00f3n del anteproyecto para la reforma del C\u00f3digo Penal, las voces de los administradores o de los pol\u00edticos en campa\u00f1a, se superpone a la de los expertos, para terminar confundiendo al com\u00fan de la poblaci\u00f3n.<\/p>\n<p>A ello se le a\u00f1ade, que al ser m\u00e1s visible el delito com\u00fan o callejero, se pone en marcha la gran selectividad medi\u00e1tica y pol\u00edtica del sistema penal hacia los j\u00f3venes de escasos recursos, olvid\u00e1ndose no inocentemente, de los delitos de cuello blanco que provocan crisis financieras a nivel mundial, dejando a millones de personas bajo la l\u00ednea de pobreza a partir de la propagaci\u00f3n de un modelo econ\u00f3mico que tiene como \u00fanica meta la multiplicaci\u00f3n del capital y su concentraci\u00f3n en pocas manos en base a la especulaci\u00f3n y la rapi\u00f1a (tales los casos de Espa\u00f1a y Grecia, por citar dos ejemplos). As\u00ed se prepara el c\u00f3ctel peligroso a los ojos de la opini\u00f3n p\u00fablica y hace nacer al pibe chorro.<\/p>\n<p>Desde algunos foros, estamos discutiendo la necesidad que de una buena vez por todas se debata y se apruebe una nueva ley penal de responsabilidad penal juvenil que derogue al decreto ley n\u00b0 22.278 generada en la \u00faltima dictadura c\u00edvico \u2013 militar. Pensamos que una nueva ley debe establecer un tope en cuanto a la edad para que un joven pueda ser pasible de una sanci\u00f3n penal, y que tal l\u00edmite debe funcionar como garant\u00eda ante el poder del Estado. La ley no deber\u00eda bajar la edad de punibilidad fijada en 16 a\u00f1os. En todo caso, quienes propician la baja deber\u00edan dar argumentos te\u00f3ricos y emp\u00edricos para justificar la ampliaci\u00f3n de la intervenci\u00f3n penal, de manera de no afectar principios constitucionales.<\/p>\n<p>La ley debe ser terminante y expresa en cuanto a la prohibici\u00f3n de la intervenci\u00f3n penal de los no punibles y determinar que la \u00fanica intervenci\u00f3n ante estos casos es el sistema de protecci\u00f3n de derechos.<\/p>\n<p>Por \u00faltimo, y no obstante lo dicho, la condici\u00f3n de no punibilidad de una persona menor de edad, no deber\u00e1 impedir que \u00e9sta tenga la posibilidad de ejercer su derecho de defensa ante una acusaci\u00f3n.<\/p>\n<p><em>*Secretario ante el Jdo Nac de Menores n\u00b07<\/em><\/p>\n","protected":false},"excerpt":{"rendered":"<p>(Por Gustavo Gabriel Caruso*)&#8211; Nuestra legislaci\u00f3n penal establece que, por debajo de los 16 a\u00f1os de edad, una persona es inimputable para todo delito. Pero, en realidad, el t\u00e9rmino correcto a emplear debe ser el que una persona menor de aquella edad no es punible para cualquiera de las infracciones penales, (que, llegado el caso, s\u00ed puede imput\u00e1rsele una acci\u00f3n [&#8230;]<\/p>\n","protected":false},"author":4,"featured_media":0,"comment_status":"open","ping_status":"open","sticky":false,"template":"","format":"standard","meta":{"_jetpack_newsletter_access":"","_jetpack_dont_email_post_to_subs":false,"_jetpack_newsletter_tier_id":0,"_jetpack_memberships_contains_paywalled_content":false,"_jetpack_memberships_contains_paid_content":false,"footnotes":""},"categories":[64],"tags":[],"class_list":["post-50362","post","type-post","status-publish","format-standard","hentry","category-opinion"],"jetpack_featured_media_url":"","jetpack_shortlink":"https:\/\/wp.me\/p2JWE0-d6i","jetpack-related-posts":[{"id":106235,"url":"https:\/\/www.24baires.com\/?p=106235","url_meta":{"origin":50362,"position":0},"title":"\u00abLa reforma no reducir\u00e1 por s\u00ed misma la cantidad de delitos cometidos por adolescentes\u00bb","author":"AF","date":"07\/01\/2019","format":false,"excerpt":"Desde la Asociaci\u00f3n Argentina de Magistrados, Funcionarios y Profesionales de la Justicia de Ni\u00f1ez, Adolescencia y Familia (AJUNAF), rechazaron la intenci\u00f3n del Poder Ejecutivo de enviar el proyecto de ley sobre el sistema de responsabilidad penal juvenil. Desde la Asociaci\u00f3n Argentina de Magistrados, Funcionarios y Profesionales de la Justicia de\u2026","rel":"","context":"En \u00abSociedad\u00bb","block_context":{"text":"Sociedad","link":"https:\/\/www.24baires.com\/?cat=1"},"img":{"alt_text":"","src":"https:\/\/i0.wp.com\/www.24baires.com\/wp-content\/uploads\/2019\/01\/detenido-menor.jpg?resize=350%2C200","width":350,"height":200,"srcset":"https:\/\/i0.wp.com\/www.24baires.com\/wp-content\/uploads\/2019\/01\/detenido-menor.jpg?resize=350%2C200 1x, https:\/\/i0.wp.com\/www.24baires.com\/wp-content\/uploads\/2019\/01\/detenido-menor.jpg?resize=525%2C300 1.5x"},"classes":[]},{"id":103970,"url":"https:\/\/www.24baires.com\/?p=103970","url_meta":{"origin":50362,"position":1},"title":"El Gobierno paus\u00f3 la reforma del C\u00f3digo Penal","author":"AF","date":"18\/08\/2018","format":false,"excerpt":"Una vez clavados los frenos con la reforma del C\u00f3digo Penal para eliminar la pena de prisi\u00f3n de las mujeres que se practican un aborto, el Gobierno nacional insistir\u00e1 en avanzar con otros temas sobre violencia de g\u00e9nero, portaci\u00f3n de armas y la vigilancia electr\u00f3nica de condenados por violaci\u00f3n que\u2026","rel":"","context":"En \u00abPol\u00edtica\u00bb","block_context":{"text":"Pol\u00edtica","link":"https:\/\/www.24baires.com\/?cat=51"},"img":{"alt_text":"","src":"https:\/\/i0.wp.com\/www.24baires.com\/wp-content\/uploads\/2014\/12\/c%C3%B3digo.jpg?resize=350%2C200","width":350,"height":200,"srcset":"https:\/\/i0.wp.com\/www.24baires.com\/wp-content\/uploads\/2014\/12\/c%C3%B3digo.jpg?resize=350%2C200 1x, https:\/\/i0.wp.com\/www.24baires.com\/wp-content\/uploads\/2014\/12\/c%C3%B3digo.jpg?resize=525%2C300 1.5x"},"classes":[]},{"id":106920,"url":"https:\/\/www.24baires.com\/?p=106920","url_meta":{"origin":50362,"position":2},"title":"El Gobierno present\u00f3 una ley para meter presos a menores de 15 a\u00f1os","author":"AF","date":"20\/02\/2019","format":false,"excerpt":"La poderosa ministra de Seguridad lo hizo junto al titular de la cartera de Justicia y DD.HH. De aplicarse la norma, un adolescente podr\u00eda pasar 15, 20 o m\u00e1s a\u00f1os dentro de una c\u00e1rcel. Se lo hab\u00eda anotado en la lista de metas para este 2019 y por el momento\u2026","rel":"","context":"En \u00abSociedad\u00bb","block_context":{"text":"Sociedad","link":"https:\/\/www.24baires.com\/?cat=1"},"img":{"alt_text":"","src":"https:\/\/i0.wp.com\/www.24baires.com\/wp-content\/uploads\/2017\/04\/bullrich.jpg?resize=350%2C200","width":350,"height":200,"srcset":"https:\/\/i0.wp.com\/www.24baires.com\/wp-content\/uploads\/2017\/04\/bullrich.jpg?resize=350%2C200 1x, https:\/\/i0.wp.com\/www.24baires.com\/wp-content\/uploads\/2017\/04\/bullrich.jpg?resize=525%2C300 1.5x"},"classes":[]},{"id":102860,"url":"https:\/\/www.24baires.com\/?p=102860","url_meta":{"origin":50362,"position":3},"title":"Buscan que los funcionarios condenados por corrupci\u00f3n tengan penas m\u00e1s duras","author":"GB","date":"19\/06\/2018","format":false,"excerpt":"Macri enviar\u00e1 al Congreso la reforma al C\u00f3digo Penal que agrava las penas actuales. Pero no se pueden aplicar para las causas que ya est\u00e1n en tr\u00e1mite Los funcionarios del actual gobierno nacional de Mauricio Macri y de los que lo sucedan tendr\u00e1n m\u00e1s penas que las actuales en el\u2026","rel":"","context":"En \u00abPol\u00edtica\u00bb","block_context":{"text":"Pol\u00edtica","link":"https:\/\/www.24baires.com\/?cat=51"},"img":{"alt_text":"","src":"https:\/\/i0.wp.com\/www.24baires.com\/wp-content\/uploads\/2018\/05\/macri-olivos.jpg?resize=350%2C200","width":350,"height":200,"srcset":"https:\/\/i0.wp.com\/www.24baires.com\/wp-content\/uploads\/2018\/05\/macri-olivos.jpg?resize=350%2C200 1x, https:\/\/i0.wp.com\/www.24baires.com\/wp-content\/uploads\/2018\/05\/macri-olivos.jpg?resize=525%2C300 1.5x"},"classes":[]},{"id":101040,"url":"https:\/\/www.24baires.com\/?p=101040","url_meta":{"origin":50362,"position":4},"title":"Megadenuncia contra Macri y m\u00e1s funcionarios por abuso de autoridad","author":"AF","date":"13\/03\/2018","format":false,"excerpt":"Adem\u00e1s del Presidente, el escrito involucra a Marcos Pe\u00f1a, Guillermo Dietrich, Germ\u00e1n Garavano, Oscar Aguad, Sergio Bergman, Mar\u00eda Eugenia Vidal y muchos otros representantes del gobierno de Cambiemos, por irregularidades en el aeropuerto de El Palomar y Flybondi. La abogada Claudia Sambro Merlo present\u00f3 una denuncia penal contra 23 funcionarios\u2026","rel":"","context":"En \u00abJUDICIALES\u00bb","block_context":{"text":"JUDICIALES","link":"https:\/\/www.24baires.com\/?cat=68"},"img":{"alt_text":"","src":"https:\/\/i0.wp.com\/www.24baires.com\/wp-content\/uploads\/2017\/12\/retiro-chapadmalal.jpg?resize=350%2C200","width":350,"height":200,"srcset":"https:\/\/i0.wp.com\/www.24baires.com\/wp-content\/uploads\/2017\/12\/retiro-chapadmalal.jpg?resize=350%2C200 1x, https:\/\/i0.wp.com\/www.24baires.com\/wp-content\/uploads\/2017\/12\/retiro-chapadmalal.jpg?resize=525%2C300 1.5x"},"classes":[]},{"id":120952,"url":"https:\/\/www.24baires.com\/?p=120952","url_meta":{"origin":50362,"position":5},"title":"La Libertad Avanza present\u00f3 proyecto para derogar la ley aborto legal","author":"GB","date":"08\/02\/2024","format":false,"excerpt":"Tras caerse la ley \u00f3mnibus, este mi\u00e9rcoles por la noche se sacudi\u00f3 el tablero pol\u00edtico luego de que ingresara en el Congreso una iniciativa para poner fin a la intervenci\u00f3n voluntaria del embarazo (IVE). Sin embargo, la presentaci\u00f3n gener\u00f3 conflictos dentro del propio oficialismo. El proyecto, que tiene como autora\u2026","rel":"","context":"En \u00abPol\u00edtica\u00bb","block_context":{"text":"Pol\u00edtica","link":"https:\/\/www.24baires.com\/?cat=51"},"img":{"alt_text":"","src":"https:\/\/i0.wp.com\/www.24baires.com\/wp-content\/uploads\/2019\/02\/pa%C3%B1uelo-aborto.jpg?resize=350%2C200","width":350,"height":200,"srcset":"https:\/\/i0.wp.com\/www.24baires.com\/wp-content\/uploads\/2019\/02\/pa%C3%B1uelo-aborto.jpg?resize=350%2C200 1x, https:\/\/i0.wp.com\/www.24baires.com\/wp-content\/uploads\/2019\/02\/pa%C3%B1uelo-aborto.jpg?resize=525%2C300 1.5x, https:\/\/i0.wp.com\/www.24baires.com\/wp-content\/uploads\/2019\/02\/pa%C3%B1uelo-aborto.jpg?resize=700%2C400 2x"},"classes":[]}],"jetpack_sharing_enabled":true,"jetpack_likes_enabled":true,"_links":{"self":[{"href":"https:\/\/www.24baires.com\/index.php?rest_route=\/wp\/v2\/posts\/50362","targetHints":{"allow":["GET"]}}],"collection":[{"href":"https:\/\/www.24baires.com\/index.php?rest_route=\/wp\/v2\/posts"}],"about":[{"href":"https:\/\/www.24baires.com\/index.php?rest_route=\/wp\/v2\/types\/post"}],"author":[{"embeddable":true,"href":"https:\/\/www.24baires.com\/index.php?rest_route=\/wp\/v2\/users\/4"}],"replies":[{"embeddable":true,"href":"https:\/\/www.24baires.com\/index.php?rest_route=%2Fwp%2Fv2%2Fcomments&post=50362"}],"version-history":[{"count":3,"href":"https:\/\/www.24baires.com\/index.php?rest_route=\/wp\/v2\/posts\/50362\/revisions"}],"predecessor-version":[{"id":50369,"href":"https:\/\/www.24baires.com\/index.php?rest_route=\/wp\/v2\/posts\/50362\/revisions\/50369"}],"wp:attachment":[{"href":"https:\/\/www.24baires.com\/index.php?rest_route=%2Fwp%2Fv2%2Fmedia&parent=50362"}],"wp:term":[{"taxonomy":"category","embeddable":true,"href":"https:\/\/www.24baires.com\/index.php?rest_route=%2Fwp%2Fv2%2Fcategories&post=50362"},{"taxonomy":"post_tag","embeddable":true,"href":"https:\/\/www.24baires.com\/index.php?rest_route=%2Fwp%2Fv2%2Ftags&post=50362"}],"curies":[{"name":"wp","href":"https:\/\/api.w.org\/{rel}","templated":true}]}}