{"id":5024,"date":"2012-11-11T19:02:56","date_gmt":"2012-11-11T22:02:56","guid":{"rendered":"http:\/\/www.24baires.com\/?p=5024"},"modified":"2012-11-11T19:02:56","modified_gmt":"2012-11-11T22:02:56","slug":"denuncian-exceso-laboral-en-hospitales-provinciales-por-falta-de-nombramientos","status":"publish","type":"post","link":"https:\/\/www.24baires.com\/?p=5024","title":{"rendered":"Denuncian exceso laboral en hospitales provinciales por falta de nombramientos"},"content":{"rendered":"<p><strong><img data-recalc-dims=\"1\" loading=\"lazy\" decoding=\"async\" class=\"alignleft size-medium wp-image-5025\" title=\"foto-medicos-hospital-de-ninos\" src=\"https:\/\/i0.wp.com\/www.24baires.com\/wp-content\/uploads\/2012\/11\/foto-medicos-hospital-de-ninos.jpg?resize=300%2C201\" alt=\"\" width=\"300\" height=\"201\" srcset=\"https:\/\/i0.wp.com\/www.24baires.com\/wp-content\/uploads\/2012\/11\/foto-medicos-hospital-de-ninos.jpg?resize=300%2C201&amp;ssl=1 300w, https:\/\/i0.wp.com\/www.24baires.com\/wp-content\/uploads\/2012\/11\/foto-medicos-hospital-de-ninos.jpg?w=560&amp;ssl=1 560w\" sizes=\"auto, (max-width: 300px) 100vw, 300px\" \/>LA PLATA &#8211;<\/strong> El Colegio de Fonoaudi\u00f3logos de La Plata asegur\u00f3 que viene reclamando desde hace tiempo la apertura de concursos, pero las autoridades provinciales a\u00fan no han dado ninguna respuesta al respecto. \u00abDe esta manera se hace muy dif\u00edcil un seguimiento del paciente y una atenci\u00f3n adecuada\u201d, explicaron desde la entidad.<!--more--><\/p>\n<p>&nbsp;<\/p>\n<p>La presidenta del Colegio de Fonoaudi\u00f3logos de La Plata, Alejandra Morch\u00f3n, denunci\u00f3 hoy un exceso de trabajo para los profesionales de la especialidad en los hospitales p\u00fablicos de la provincia de Buenos Aires, debido a la falta de nombramientos.<\/p>\n<p>\u00abHay una sobrecarga en la tarea de los profesionales debido a la falta de nombramientos en el sector p\u00fablico, que hemos denunciado en forma reiterada desde la instituci\u00f3n\u00bb, indic\u00f3.<\/p>\n<p>Adem\u00e1s, aclar\u00f3 que \u00abtambi\u00e9n esto se debe a la ampliaci\u00f3n de las incumbencias de los profesionales fonoaudi\u00f3logos, que cada vez son m\u00e1s requeridos para que intervengan en todo tipo de tratamientos vinculados con la degluci\u00f3n, los problemas de la voz, las deficiencias en el habla, la audici\u00f3n y el lenguaje\u00bb.<\/p>\n<p>Seg\u00fan un informe del Colegio de Fonoaudi\u00f3logos, en el primer semestre del a\u00f1o, los ocho profesionales que trabajan en la Unidad de Fonoaudiolog\u00eda del Hospital San Mart\u00edn de La Plata atendieron m\u00e1s de 1950 consultas y 3100 interconsultas.<\/p>\n<p>En el mismo per\u00edodo, en la unidad de Fonoaudiolog\u00eda se realizaron 1600 estudios audiom\u00e9tricos, 158 estudios de degluci\u00f3n y 109 otoemisiones.<\/p>\n<p>\u00abDe esta manera se hace muy dif\u00edcil un seguimiento del paciente y una atenci\u00f3n adecuada. Por eso venimos reclamando a las autoridades la apertura de concursos\u00bb, asegur\u00f3 Ana Uriarte, vicepresidente de la entidad.<\/p>\n<p>Un panorama similar se registr\u00f3 en el hospital de ni\u00f1os \u00abSor Mar\u00eda Ludovica\u00bb, donde se desempe\u00f1an 13 fonoaudi\u00f3logas y se realizaron en todo el 2011, un total de 10.353 atenciones; es decir 797 pacientes por profesional.<\/p>\n<p>El Colegio de Fonoaudi\u00f3logos Regional La Plata inform\u00f3 a su vez que en los 25 municipios que componen la Regi\u00f3n Sanitaria XI (La Plata y zona de influencia) s\u00f3lo est\u00e1n designados 41 fonoaudi\u00f3logos en la planta permanente de los 22 hospitales p\u00fablicos provinciales ubicados en esas jurisdicciones, que abarcan una poblaci\u00f3n activa de 2 millones de personas.<\/p>\n","protected":false},"excerpt":{"rendered":"<p>LA PLATA &#8211; El Colegio de Fonoaudi\u00f3logos de La Plata asegur\u00f3 que viene reclamando desde hace tiempo la apertura de concursos, pero las autoridades provinciales a\u00fan no han dado ninguna respuesta al respecto. \u00abDe esta manera se hace muy dif\u00edcil un seguimiento del paciente y una atenci\u00f3n adecuada\u201d, explicaron desde la entidad.<\/p>\n","protected":false},"author":11,"featured_media":0,"comment_status":"open","ping_status":"open","sticky":false,"template":"","format":"standard","meta":{"_jetpack_newsletter_access":"","_jetpack_dont_email_post_to_subs":false,"_jetpack_newsletter_tier_id":0,"_jetpack_memberships_contains_paywalled_content":false,"_jetpack_memberships_contains_paid_content":false,"footnotes":""},"categories":[40],"tags":[],"class_list":["post-5024","post","type-post","status-publish","format-standard","hentry","category-provincia"],"jetpack_featured_media_url":"","jetpack_shortlink":"https:\/\/wp.me\/p2JWE0-1j2","jetpack-related-posts":[{"id":113014,"url":"https:\/\/www.24baires.com\/?p=113014","url_meta":{"origin":5024,"position":0},"title":"Mar del Plata: presentan una denuncia contra Arroyo por nombramientos irregulares","author":"AF","date":"15\/11\/2019","format":false,"excerpt":"A partir de expresiones de diversos espacios pol\u00edticos, el fiscal Pettigiani pidi\u00f3 que se investigue al intendente saliente, mientras que se espera que sea citado Montenegro, el electo. El fiscal general de la C\u00e1mara Federal de Mar del Plata, Juan Manuel Pettigiani, realiz\u00f3 de oficio una denuncia penal para que\u2026","rel":"","context":"En \u00abLocales\u00bb","block_context":{"text":"Locales","link":"https:\/\/www.24baires.com\/?cat=38"},"img":{"alt_text":"","src":"https:\/\/i0.wp.com\/www.24baires.com\/wp-content\/uploads\/2019\/07\/arroyo.jpg?resize=350%2C200","width":350,"height":200,"srcset":"https:\/\/i0.wp.com\/www.24baires.com\/wp-content\/uploads\/2019\/07\/arroyo.jpg?resize=350%2C200 1x, https:\/\/i0.wp.com\/www.24baires.com\/wp-content\/uploads\/2019\/07\/arroyo.jpg?resize=525%2C300 1.5x"},"classes":[]},{"id":107177,"url":"https:\/\/www.24baires.com\/?p=107177","url_meta":{"origin":5024,"position":1},"title":"Hospital de La Plata debi\u00f3 suspender cirug\u00edas por falta de insumos","author":"GB","date":"12\/03\/2019","format":false,"excerpt":"Faltan elementos para realizar las suturas como hilo, agujas y gasas. \"No est\u00e1n dadas las condiciones m\u00ednimas para hacer una operaci\u00f3n\", dijo el Vicepresidente de Cicop. En el Hospital Rossi de La Plata no hay agujas, hilos ni gasas para realizar las suturas. Es por eso que desde el lunes\u2026","rel":"","context":"En \u00abProvincia\u00bb","block_context":{"text":"Provincia","link":"https:\/\/www.24baires.com\/?cat=40"},"img":{"alt_text":"","src":"https:\/\/i0.wp.com\/www.24baires.com\/wp-content\/uploads\/2019\/03\/hospital-lp.jpg?resize=350%2C200","width":350,"height":200,"srcset":"https:\/\/i0.wp.com\/www.24baires.com\/wp-content\/uploads\/2019\/03\/hospital-lp.jpg?resize=350%2C200 1x, https:\/\/i0.wp.com\/www.24baires.com\/wp-content\/uploads\/2019\/03\/hospital-lp.jpg?resize=525%2C300 1.5x"},"classes":[]},{"id":21295,"url":"https:\/\/www.24baires.com\/?p=21295","url_meta":{"origin":5024,"position":2},"title":"Denuncian falta de personal y medicamentos en el neuropsiqu\u00e1trico de Necochea","author":"AF","date":"18\/04\/2013","format":false,"excerpt":"Los profesionales de la salud del Neuropsiqui\u00e1trico \u201cDomingo Taraborelli\u201d realizaron el mi\u00e9rcoles una movilizaci\u00f3n en la puerta del Hospital, en adhesi\u00f3n al paro provincial impulsado por la Cicop, para reclamar la apertura de paritarias y mayor presupuesto para los 77 hospitales bonaerenses. Seg\u00fan se indic\u00f3 desde el gremio, en el\u2026","rel":"","context":"En \u00abLocales\u00bb","block_context":{"text":"Locales","link":"https:\/\/www.24baires.com\/?cat=38"},"img":{"alt_text":"neuropsiqui\u00e1trico necochea","src":"https:\/\/i0.wp.com\/www.24baires.com\/wp-content\/uploads\/2013\/04\/neuropsiqui%C3%A1trico-necochea.jpg?resize=350%2C200","width":350,"height":200,"srcset":"https:\/\/i0.wp.com\/www.24baires.com\/wp-content\/uploads\/2013\/04\/neuropsiqui%C3%A1trico-necochea.jpg?resize=350%2C200 1x, https:\/\/i0.wp.com\/www.24baires.com\/wp-content\/uploads\/2013\/04\/neuropsiqui%C3%A1trico-necochea.jpg?resize=525%2C300 1.5x"},"classes":[]},{"id":106731,"url":"https:\/\/www.24baires.com\/?p=106731","url_meta":{"origin":5024,"position":3},"title":"Denuncian a Vidal por malversaci\u00f3n de fondos p\u00fablicos","author":"AF","date":"07\/02\/2019","format":false,"excerpt":"Los ejes son: malversaci\u00f3n por gastos de transporte a\u00e9reo por m\u00e1s de 30 millones de pesos, refacciones de su casa de Mor\u00f3n a cargo de la Provincia, y violaci\u00f3n del art\u00edculo 130 de la Constituci\u00f3n Provincial, que dice que la Gobernadora debe vivir en La Plata. La gobernadora de la\u2026","rel":"","context":"En \u00abJUDICIALES\u00bb","block_context":{"text":"JUDICIALES","link":"https:\/\/www.24baires.com\/?cat=68"},"img":{"alt_text":"","src":"https:\/\/i0.wp.com\/www.24baires.com\/wp-content\/uploads\/2018\/03\/vidal-1.jpg?resize=350%2C200","width":350,"height":200,"srcset":"https:\/\/i0.wp.com\/www.24baires.com\/wp-content\/uploads\/2018\/03\/vidal-1.jpg?resize=350%2C200 1x, https:\/\/i0.wp.com\/www.24baires.com\/wp-content\/uploads\/2018\/03\/vidal-1.jpg?resize=525%2C300 1.5x"},"classes":[]},{"id":116706,"url":"https:\/\/www.24baires.com\/?p=116706","url_meta":{"origin":5024,"position":4},"title":"ARA San Juan: \u00abLogramos que el fiscal adhiera a la denuncia contra Macri y Aguad\u00bb","author":"GB","date":"16\/11\/2020","format":false,"excerpt":"La abogada de los familiares, Valeria Carreras inform\u00f3 c\u00f3mo contin\u00faa la causa que busca determinar las responsabilidades pol\u00edticas en la desaparici\u00f3n del submarino. A tres a\u00f1os del hundimiento del submarino ARA San Juan y el reciente ascenso post mortem de los 44 tripulantes, la abogada que representa a algunos de\u2026","rel":"","context":"En \u00abPol\u00edtica\u00bb","block_context":{"text":"Pol\u00edtica","link":"https:\/\/www.24baires.com\/?cat=51"},"img":{"alt_text":"","src":"https:\/\/i0.wp.com\/www.24baires.com\/wp-content\/uploads\/2017\/11\/ara-submarino-san-juan.jpg?resize=350%2C200","width":350,"height":200,"srcset":"https:\/\/i0.wp.com\/www.24baires.com\/wp-content\/uploads\/2017\/11\/ara-submarino-san-juan.jpg?resize=350%2C200 1x, https:\/\/i0.wp.com\/www.24baires.com\/wp-content\/uploads\/2017\/11\/ara-submarino-san-juan.jpg?resize=525%2C300 1.5x"},"classes":[]},{"id":15532,"url":"https:\/\/www.24baires.com\/?p=15532","url_meta":{"origin":5024,"position":5},"title":"Paro y movilizaci\u00f3n de m\u00e9dicos bonaerenses para ma\u00f1ana jueves","author":"AF","date":"13\/02\/2013","format":false,"excerpt":"La Asociaci\u00f3n Sindical de Profesionales de la Salud de la Provincia de Buenos Aires (CICOP) concretar\u00e1 ma\u00f1ana jueves 14 a las 10.30 un paro de actividades que incluir\u00e1 una movilizaci\u00f3n al Congreso y un acto frente a la Casa de la Provincia de Buenos Aires. La medida de fuerza se\u2026","rel":"","context":"En \u00abSociedad\u00bb","block_context":{"text":"Sociedad","link":"https:\/\/www.24baires.com\/?cat=1"},"img":{"alt_text":"","src":"","width":0,"height":0},"classes":[]}],"jetpack_sharing_enabled":true,"jetpack_likes_enabled":true,"_links":{"self":[{"href":"https:\/\/www.24baires.com\/index.php?rest_route=\/wp\/v2\/posts\/5024","targetHints":{"allow":["GET"]}}],"collection":[{"href":"https:\/\/www.24baires.com\/index.php?rest_route=\/wp\/v2\/posts"}],"about":[{"href":"https:\/\/www.24baires.com\/index.php?rest_route=\/wp\/v2\/types\/post"}],"author":[{"embeddable":true,"href":"https:\/\/www.24baires.com\/index.php?rest_route=\/wp\/v2\/users\/11"}],"replies":[{"embeddable":true,"href":"https:\/\/www.24baires.com\/index.php?rest_route=%2Fwp%2Fv2%2Fcomments&post=5024"}],"version-history":[{"count":4,"href":"https:\/\/www.24baires.com\/index.php?rest_route=\/wp\/v2\/posts\/5024\/revisions"}],"predecessor-version":[{"id":5029,"href":"https:\/\/www.24baires.com\/index.php?rest_route=\/wp\/v2\/posts\/5024\/revisions\/5029"}],"wp:attachment":[{"href":"https:\/\/www.24baires.com\/index.php?rest_route=%2Fwp%2Fv2%2Fmedia&parent=5024"}],"wp:term":[{"taxonomy":"category","embeddable":true,"href":"https:\/\/www.24baires.com\/index.php?rest_route=%2Fwp%2Fv2%2Fcategories&post=5024"},{"taxonomy":"post_tag","embeddable":true,"href":"https:\/\/www.24baires.com\/index.php?rest_route=%2Fwp%2Fv2%2Ftags&post=5024"}],"curies":[{"name":"wp","href":"https:\/\/api.w.org\/{rel}","templated":true}]}}