{"id":5008,"date":"2012-11-11T15:56:27","date_gmt":"2012-11-11T18:56:27","guid":{"rendered":"http:\/\/www.24baires.com\/?p=5008"},"modified":"2012-11-11T15:57:03","modified_gmt":"2012-11-11T18:57:03","slug":"el-jueves-sabattella-dara-a-conocer-el-cuadro-de-situacion-de-los-grupos-de-medios-con-vistas-al-7d","status":"publish","type":"post","link":"https:\/\/www.24baires.com\/?p=5008","title":{"rendered":"El jueves Sabbattella dar\u00e1 a conocer el \u00abcuadro de situaci\u00f3n\u00bb de los grupos de medios con vistas al 7D"},"content":{"rendered":"<p>El titular de la (AFSCA), Mart\u00edn Sabbatella, brindar\u00e1 el pr\u00f3ximo jueves 15 una conferencia de prensa donde presentar\u00e1 el \u00abcuadro de situaci\u00f3n\u00bb de los grupos de medios que exceden lo establecido por la ley de Servicios de Comunicaci\u00f3n Audiovisual (SCA), tanto en porcentaje de mercado como en cantidad de licencias.<!--more--><br \/>\nAdem\u00e1s, el funcionario explicar\u00e1 c\u00f3mo ser\u00e1 el procedimiento posterior al 7 de diciembre, fecha l\u00edmite para la desinversi\u00f3n y adecuaci\u00f3n a la normativa.<br \/>\nDesde que asumi\u00f3 al frente de la AFSCA, a principios de octubre, Sabbatella viene manteniendo reuniones casi diariamente con representantes de los grupos de medios de comunicaci\u00f3n para que los planes de adecuaci\u00f3n voluntaria antes del 7 de diciembre est\u00e9n en el marco de lo que la ley de SCA establece.<br \/>\nEl pr\u00f3ximo jueves, el presidente de la AFSCA tambi\u00e9n explicar\u00e1 c\u00f3mo ser\u00e1 el procedimiento una vez vencido ese plazo, es decir la adecuaci\u00f3n de oficio, que incluye la tasaci\u00f3n y selecci\u00f3n de licencias a licitar y la propia licitacion.<br \/>\nAsimismo detallar\u00e1 los mecanismos para garantizar el servicio a la comunidad y las fuentes de trabajo.<\/p>\n","protected":false},"excerpt":{"rendered":"<p>El titular de la (AFSCA), Mart\u00edn Sabbatella, brindar\u00e1 el pr\u00f3ximo jueves 15 una conferencia de prensa donde presentar\u00e1 el \u00abcuadro de situaci\u00f3n\u00bb de los grupos de medios que exceden lo establecido por la ley de Servicios de Comunicaci\u00f3n Audiovisual (SCA), tanto en porcentaje de mercado como en cantidad de licencias.<\/p>\n","protected":false},"author":11,"featured_media":0,"comment_status":"open","ping_status":"open","sticky":false,"template":"","format":"standard","meta":{"_jetpack_newsletter_access":"","_jetpack_dont_email_post_to_subs":false,"_jetpack_newsletter_tier_id":0,"_jetpack_memberships_contains_paywalled_content":false,"_jetpack_memberships_contains_paid_content":false,"footnotes":""},"categories":[54],"tags":[],"class_list":["post-5008","post","type-post","status-publish","format-standard","hentry","category-medios"],"jetpack_featured_media_url":"","jetpack_shortlink":"https:\/\/wp.me\/p2JWE0-1iM","jetpack-related-posts":[{"id":34549,"url":"https:\/\/www.24baires.com\/?p=34549","url_meta":{"origin":5008,"position":0},"title":"Sabbatella: \u00abno vamos a esperar ni un minuto porque es una deuda de hace 30 a\u00f1os\u00bb","author":"GB","date":"03\/11\/2013","format":false,"excerpt":"El presidente de la Autoridad Federal de Servicios de Comunicaci\u00f3n Audiovisual (Afsca) Mart\u00edn Sabbatella se refiri\u00f3 as\u00ed a la adecuaci\u00f3n de oficio del Grupo Clar\u00edn a la ley de Medios y reafirm\u00f3 que la normativa \"busca que est\u00e9n todas las voces\". \"No vamos a esperar ni un minuto, porque ya\u2026","rel":"","context":"En \u00abMedios\u00bb","block_context":{"text":"Medios","link":"https:\/\/www.24baires.com\/?cat=54"},"img":{"alt_text":"sabbatella desafio","src":"https:\/\/i0.wp.com\/www.24baires.com\/wp-content\/uploads\/2012\/10\/sabbatella-desafio.jpg?resize=350%2C200","width":350,"height":200,"srcset":"https:\/\/i0.wp.com\/www.24baires.com\/wp-content\/uploads\/2012\/10\/sabbatella-desafio.jpg?resize=350%2C200 1x, https:\/\/i0.wp.com\/www.24baires.com\/wp-content\/uploads\/2012\/10\/sabbatella-desafio.jpg?resize=525%2C300 1.5x"},"classes":[]},{"id":5148,"url":"https:\/\/www.24baires.com\/?p=5148","url_meta":{"origin":5008,"position":1},"title":"\u00abEl Estado no viene ni a estatizar ni a expropiar a nadie, lo que viene a hacer es cumplir la ley\u00bb","author":"Grupo Sierra","date":"12\/11\/2012","format":false,"excerpt":"El presidente de la Afsca, Mart\u00edn Sabbatella, asegur\u00f3 que el Estado \"viene a cumplir con la ley\" y \"garantizar el servicio y las fuentes de trabajo del conjunto de los trabajadores\", as\u00ed como tambi\u00e9n \"la libertad de expresi\u00f3n y el derecho a estar informados\". \"El Estado no viene ni a\u2026","rel":"","context":"En \u00abMedios\u00bb","block_context":{"text":"Medios","link":"https:\/\/www.24baires.com\/?cat=54"},"img":{"alt_text":"","src":"","width":0,"height":0},"classes":[]},{"id":783,"url":"https:\/\/www.24baires.com\/?p=783","url_meta":{"origin":5008,"position":2},"title":"\u00abTodos sin ninguna excepci\u00f3n tienen que cumplir la Ley\u00bb de medios","author":"Grupo Sierra","date":"01\/10\/2012","format":false,"excerpt":"El flamante titular de la Autoridad Federal de Servicios de Comunicaci\u00f3n Audiovisual (AFSCA), Mart\u00edn Sabbatella, asegur\u00f3 que \"todos, sin excepci\u00f3n, tendr\u00e1n que cumplir la ley\" de medios. Sabbatella afirm\u00f3 hoy que el 7 de diciembre pr\u00f3ximo \"vence el plazo para que se ponga en marcha el proceso de adecuaci\u00f3n a\u2026","rel":"","context":"En \u00abMedios\u00bb","block_context":{"text":"Medios","link":"https:\/\/www.24baires.com\/?cat=54"},"img":{"alt_text":"","src":"","width":0,"height":0},"classes":[]},{"id":7722,"url":"https:\/\/www.24baires.com\/?p=7722","url_meta":{"origin":5008,"position":3},"title":"7D: El \u00faltimo plazo para adecuarse es a la medianoche del viernes","author":"Grupo Sierra","date":"03\/12\/2012","format":false,"excerpt":"El titular de la Afsca precis\u00f3 que presentaron su adecuaci\u00f3n a la ley de medios \"14 grupos de los 21 que ten\u00edan que hacerlo\" y reafirm\u00f3 que \"la fecha l\u00edmite\" para \"sigue siendo el 7 de diciembre\".\u00a0 \u00a0 \u00a0 \"Esperamos que en estos d\u00edas se complete y estamos convencidos de\u2026","rel":"","context":"En \u00abMedios\u00bb","block_context":{"text":"Medios","link":"https:\/\/www.24baires.com\/?cat=54"},"img":{"alt_text":"","src":"","width":0,"height":0},"classes":[]},{"id":6032,"url":"https:\/\/www.24baires.com\/?p=6032","url_meta":{"origin":5008,"position":4},"title":"Llaman a concurso para 85 licencias de FM en la provincia de Mendoza","author":"Grupo Sierra","date":"19\/11\/2012","format":false,"excerpt":"El titular de la AFSCA, Mart\u00edn Sabbatella, reiter\u00f3 en Mendoza que \"estamos trabajando para que el conjunto de los grupos econ\u00f3micos que est\u00e1n excedidos (en licencias), presenten su plan de adecuaci\u00f3n\". \u00a0Al mismo tiempo el organismo que preside Sabbatella abri\u00f3 un concurso p\u00fablico para la adjudicaci\u00f3n de licencias para la\u00a0prestaci\u00f3n\u00a0del\u2026","rel":"","context":"En \u00abMedios\u00bb","block_context":{"text":"Medios","link":"https:\/\/www.24baires.com\/?cat=54"},"img":{"alt_text":"","src":"https:\/\/i0.wp.com\/www.24baires.com\/wp-content\/uploads\/2012\/11\/sabbatella-mendoza.jpg?resize=350%2C200","width":350,"height":200,"srcset":"https:\/\/i0.wp.com\/www.24baires.com\/wp-content\/uploads\/2012\/11\/sabbatella-mendoza.jpg?resize=350%2C200 1x, https:\/\/i0.wp.com\/www.24baires.com\/wp-content\/uploads\/2012\/11\/sabbatella-mendoza.jpg?resize=525%2C300 1.5x"},"classes":[]},{"id":5405,"url":"https:\/\/www.24baires.com\/?p=5405","url_meta":{"origin":5008,"position":5},"title":"Sabbatella: \u00abNadie puede tener en una ciudad m\u00e1s de 3 licencias de radio\u00bb","author":"Grupo Sierra","date":"14\/11\/2012","format":false,"excerpt":"El titular de la Afsca, Mart\u00edn Sabbatella, confirm\u00f3 que \"despu\u00e9s del 7 de diciembre comienza el proceso de oficio\". Y detall\u00f3 que el grupo Clar\u00edn \"puede tener 24 y hoy tiene 237 licencias\" de cable.\u00a0\"De esta manera, despu\u00e9s del 7 de diciembre la AFSCA inicia el proceso de transferencia de\u2026","rel":"","context":"En \u00abMedios\u00bb","block_context":{"text":"Medios","link":"https:\/\/www.24baires.com\/?cat=54"},"img":{"alt_text":"","src":"","width":0,"height":0},"classes":[]}],"jetpack_sharing_enabled":true,"jetpack_likes_enabled":true,"_links":{"self":[{"href":"https:\/\/www.24baires.com\/index.php?rest_route=\/wp\/v2\/posts\/5008","targetHints":{"allow":["GET"]}}],"collection":[{"href":"https:\/\/www.24baires.com\/index.php?rest_route=\/wp\/v2\/posts"}],"about":[{"href":"https:\/\/www.24baires.com\/index.php?rest_route=\/wp\/v2\/types\/post"}],"author":[{"embeddable":true,"href":"https:\/\/www.24baires.com\/index.php?rest_route=\/wp\/v2\/users\/11"}],"replies":[{"embeddable":true,"href":"https:\/\/www.24baires.com\/index.php?rest_route=%2Fwp%2Fv2%2Fcomments&post=5008"}],"version-history":[{"count":3,"href":"https:\/\/www.24baires.com\/index.php?rest_route=\/wp\/v2\/posts\/5008\/revisions"}],"predecessor-version":[{"id":5013,"href":"https:\/\/www.24baires.com\/index.php?rest_route=\/wp\/v2\/posts\/5008\/revisions\/5013"}],"wp:attachment":[{"href":"https:\/\/www.24baires.com\/index.php?rest_route=%2Fwp%2Fv2%2Fmedia&parent=5008"}],"wp:term":[{"taxonomy":"category","embeddable":true,"href":"https:\/\/www.24baires.com\/index.php?rest_route=%2Fwp%2Fv2%2Fcategories&post=5008"},{"taxonomy":"post_tag","embeddable":true,"href":"https:\/\/www.24baires.com\/index.php?rest_route=%2Fwp%2Fv2%2Ftags&post=5008"}],"curies":[{"name":"wp","href":"https:\/\/api.w.org\/{rel}","templated":true}]}}