{"id":5003,"date":"2012-11-11T13:21:08","date_gmt":"2012-11-11T16:21:08","guid":{"rendered":"http:\/\/www.24baires.com\/?p=5003"},"modified":"2012-11-11T13:21:08","modified_gmt":"2012-11-11T16:21:08","slug":"bomberos-voluntarios-de-toda-la-provincia-marcharan-a-la-plata-por-deuda-de-scioli","status":"publish","type":"post","link":"https:\/\/www.24baires.com\/?p=5003","title":{"rendered":"Bomberos Voluntarios de toda la Provincia marchar\u00e1n a La Plata por deuda de Scioli"},"content":{"rendered":"<p><img data-recalc-dims=\"1\" loading=\"lazy\" decoding=\"async\" class=\"aligncenter size-full wp-image-5004\" title=\"bomberos-white-615x426\" src=\"https:\/\/i0.wp.com\/www.24baires.com\/wp-content\/uploads\/2012\/11\/bomberos-white-615x426.jpg?resize=560%2C387\" alt=\"\" width=\"560\" height=\"387\" srcset=\"https:\/\/i0.wp.com\/www.24baires.com\/wp-content\/uploads\/2012\/11\/bomberos-white-615x426.jpg?w=560&amp;ssl=1 560w, https:\/\/i0.wp.com\/www.24baires.com\/wp-content\/uploads\/2012\/11\/bomberos-white-615x426.jpg?resize=300%2C207&amp;ssl=1 300w\" sizes=\"auto, (max-width: 560px) 100vw, 560px\" \/><\/p>\n<p>Los bomberos voluntarios de la Provincia advirtieron que el pr\u00f3ximo 15 de noviembre movilizar\u00e1n sus autobombas a la capital bonaerense con el fin de reclamarle a la administraci\u00f3n de Daniel Scioli el pago del fondo de 35 millones, creado a principios del 2011 para mejorar el funcionamiento y equipamiento del sector.<!--more--><\/p>\n<p>Fue tras que el Gobierno de Daniel Scioli, no cumpliera con la promesa, realizada el 26 de septiembre, de completar el pago del subsidio del a\u00f1o 2011, del que se abonaron s\u00f3lo 20 millones y quedan 15 por pagar.<\/p>\n<p>Sobre este tema, y las situaciones cotidianas que se presentan, el titular de Bomberos Voluntarios de Ingeniero White, N\u00e9stor Magno, dijo en Radio Universal, \u201cestamos redistribuyendo presupuestos que estaban destinados a otras cuestiones para el mantenimiento del cuartel\u201d. No hay inversi\u00f3n para ropa, combustible, reparar veh\u00edculos o los servicios de mantener las puertas abiertas del cuartel.<\/p>\n<p>\u201cNos estamos manteniendo con los fondos que nuestros directivos generan, en este momento tenemos un bono contribuci\u00f3n y ayuda de las \u201cdamas colaboradoras\u201d que realizan t\u00e9 canasta. Todo va sumando. Incluso hay una persona muy noble en el barrio Maldonado, un mec\u00e1nico, que no cobra la reparaci\u00f3n de la autobomba\u201d.<\/p>\n<p>En 2011, a los bomberos de White les estregaron $ 120 mil en dos cuotas y es b\u00e1sicamente lo que deber\u00edan haber recibido este a\u00f1o, confirm\u00f3 Magno. Adem\u00e1s, mencion\u00f3 que \u201cen total en la provincia hay 249 cuarteles y a los que estamos lejos es a quines m\u00e1s nos cuesta, por eso tenemos que hacernos presentes\u201d.<\/p>\n<p>&nbsp;<\/p>\n<p>&nbsp;<\/p>\n<p>&nbsp;<\/p>\n<p>&nbsp;<\/p>\n<p>&nbsp;<\/p>\n","protected":false},"excerpt":{"rendered":"<p>Los bomberos voluntarios de la Provincia advirtieron que el pr\u00f3ximo 15 de noviembre movilizar\u00e1n sus autobombas a la capital bonaerense con el fin de reclamarle a la administraci\u00f3n de Daniel Scioli el pago del fondo de 35 millones, creado a principios del 2011 para mejorar el funcionamiento y equipamiento del sector.<\/p>\n","protected":false},"author":11,"featured_media":0,"comment_status":"open","ping_status":"open","sticky":false,"template":"","format":"standard","meta":{"_jetpack_newsletter_access":"","_jetpack_dont_email_post_to_subs":false,"_jetpack_newsletter_tier_id":0,"_jetpack_memberships_contains_paywalled_content":false,"_jetpack_memberships_contains_paid_content":false,"footnotes":""},"categories":[40],"tags":[],"class_list":["post-5003","post","type-post","status-publish","format-standard","hentry","category-provincia"],"jetpack_featured_media_url":"","jetpack_shortlink":"https:\/\/wp.me\/p2JWE0-1iH","jetpack-related-posts":[{"id":58655,"url":"https:\/\/www.24baires.com\/?p=58655","url_meta":{"origin":5003,"position":0},"title":"Bomberos Voluntarios reclaman a Scioli una deuda de 150 millones de pesos y se movilizan","author":"GB","date":"15\/12\/2014","format":false,"excerpt":"Bomberos Voluntarios de los 250 cuarteles que funcionan en la provincia de Buenos Aires marchar\u00e1n el mi\u00e9rcoles a la Casa de Gobierno bonaerense, en La Plata, a fin de reclamar fondos adeudados por el gobierno provincial. \"El pr\u00f3ximo 17 de diciembre nuestras autobombas marchar\u00e1n desde toda la Provincia hacia la\u2026","rel":"","context":"En \u00abSociedad\u00bb","block_context":{"text":"Sociedad","link":"https:\/\/www.24baires.com\/?cat=1"},"img":{"alt_text":"bomberos movilizaci\u00f3n","src":"https:\/\/i0.wp.com\/www.24baires.com\/wp-content\/uploads\/2012\/12\/bomberos-movilizaci%C3%B3n.jpg?resize=350%2C200","width":350,"height":200,"srcset":"https:\/\/i0.wp.com\/www.24baires.com\/wp-content\/uploads\/2012\/12\/bomberos-movilizaci%C3%B3n.jpg?resize=350%2C200 1x, https:\/\/i0.wp.com\/www.24baires.com\/wp-content\/uploads\/2012\/12\/bomberos-movilizaci%C3%B3n.jpg?resize=525%2C300 1.5x"},"classes":[]},{"id":32213,"url":"https:\/\/www.24baires.com\/?p=32213","url_meta":{"origin":5003,"position":1},"title":"Bomberos Voluntarios de toda la Provincia reclaman el pago de subsidios","author":"AF","date":"21\/09\/2013","format":false,"excerpt":"El Presidente de la Federaci\u00f3n Bonaerense de Asociaciones de Bomberos Voluntarios, Vicente Gabriele, advirti\u00f3 que Scioli no pag\u00f3 los 50 millones de pesos correspondientes a 2012 y las primeras dos cuotas, de 21,7 millones cada una, correspondientes a este a\u00f1o de 2013. \"El fondo, que es un subsidio, es para\u2026","rel":"","context":"En \u00abSociedad\u00bb","block_context":{"text":"Sociedad","link":"https:\/\/www.24baires.com\/?cat=1"},"img":{"alt_text":"autobombas","src":"https:\/\/i0.wp.com\/www.24baires.com\/wp-content\/uploads\/2013\/09\/autobombas.png?resize=350%2C200","width":350,"height":200},"classes":[]},{"id":7596,"url":"https:\/\/www.24baires.com\/?p=7596","url_meta":{"origin":5003,"position":2},"title":"Bomberos Voluntarios de toda la Provincia se movilizar\u00e1n a La Plata por una deuda de Scioli","author":"Grupo Sierra","date":"02\/12\/2012","format":false,"excerpt":"La totalidad de las Federaciones de Bomberos Voluntarios de la Provincia de Buenos Aires, se movilizar\u00e1n el pr\u00f3ximo mi\u00e9rcoles 5 de diciembre a las 10 hs con sus autobombas a la Gobernaci\u00f3n. Reclaman una deuda con esas reconocidas instituciones del a\u00f1o 2011 que el gobierno de Daniel Scioli mantiene hasta\u2026","rel":"","context":"En \u00abProvincia\u00bb","block_context":{"text":"Provincia","link":"https:\/\/www.24baires.com\/?cat=40"},"img":{"alt_text":"","src":"https:\/\/i0.wp.com\/www.24baires.com\/wp-content\/uploads\/2012\/12\/bomberos-movilizaci%C3%B3n.jpg?resize=350%2C200","width":350,"height":200,"srcset":"https:\/\/i0.wp.com\/www.24baires.com\/wp-content\/uploads\/2012\/12\/bomberos-movilizaci%C3%B3n.jpg?resize=350%2C200 1x, https:\/\/i0.wp.com\/www.24baires.com\/wp-content\/uploads\/2012\/12\/bomberos-movilizaci%C3%B3n.jpg?resize=525%2C300 1.5x"},"classes":[]},{"id":47709,"url":"https:\/\/www.24baires.com\/?p=47709","url_meta":{"origin":5003,"position":3},"title":"Duro reclamo de los Bomberos Voluntarios a Scioli, \u00abUsted firm\u00f3, prometi\u00f3 y no cumpli\u00f3\u00bb","author":"Grupo Sierra","date":"09\/06\/2014","format":false,"excerpt":"A trav\u00e9s de una solicitada publicada en un diario platense, las Federaciones de Asociaciones de Bomberos Voluntarios reclamaron duramente al gobernador Daniel Scioli el pago de un subsidio prometido por el mandam\u00e1s provincial hace tres a\u00f1os. En la misma aseguraron que este tipo de organizaciones sin \u00e1nimo de lucro cubren\u2026","rel":"","context":"En \u00abProvincia\u00bb","block_context":{"text":"Provincia","link":"https:\/\/www.24baires.com\/?cat=40"},"img":{"alt_text":"bomberos movilizaci\u00f3n","src":"https:\/\/i0.wp.com\/www.24baires.com\/wp-content\/uploads\/2012\/12\/bomberos-movilizaci%C3%B3n.jpg?resize=350%2C200","width":350,"height":200,"srcset":"https:\/\/i0.wp.com\/www.24baires.com\/wp-content\/uploads\/2012\/12\/bomberos-movilizaci%C3%B3n.jpg?resize=350%2C200 1x, https:\/\/i0.wp.com\/www.24baires.com\/wp-content\/uploads\/2012\/12\/bomberos-movilizaci%C3%B3n.jpg?resize=525%2C300 1.5x"},"classes":[]},{"id":103359,"url":"https:\/\/www.24baires.com\/?p=103359","url_meta":{"origin":5003,"position":4},"title":"Bomberos Voluntarios protestaron por el recorte de subsidios y atraso en los pagos","author":"Grupo Sierra","date":"16\/07\/2018","format":false,"excerpt":"Bomberos voluntarios de todo el pa\u00eds y principalmente de la Provincia de Buenos Aires, protestaron ayer con un toque de sirena por el recorte de subsidios y los atrasos en los pagos, y se declararon en \"alerta\". El Gobierno Nacional y el Provincial les deben millones a las asociaciones de\u2026","rel":"","context":"En \u00abSociedad\u00bb","block_context":{"text":"Sociedad","link":"https:\/\/www.24baires.com\/?cat=1"},"img":{"alt_text":"","src":"https:\/\/i0.wp.com\/www.24baires.com\/wp-content\/uploads\/2018\/07\/bomberos.jpg?resize=350%2C200","width":350,"height":200,"srcset":"https:\/\/i0.wp.com\/www.24baires.com\/wp-content\/uploads\/2018\/07\/bomberos.jpg?resize=350%2C200 1x, https:\/\/i0.wp.com\/www.24baires.com\/wp-content\/uploads\/2018\/07\/bomberos.jpg?resize=525%2C300 1.5x"},"classes":[]},{"id":47837,"url":"https:\/\/www.24baires.com\/?p=47837","url_meta":{"origin":5003,"position":5},"title":"Bomberos voluntarios se movilizan para reclamar pago de fondo para el sector","author":"GB","date":"11\/06\/2014","format":false,"excerpt":"Los bomberos voluntarios de la provincia de Buenos Aires movilizar\u00e1n este mi\u00e9rcoles sus autobombas hasta La Plata para reclamar al Gobierno el pago de un fondo creado en 2011 para mejorar el funcionamiento del sector, deuda que asciende a 139 millones de pesos. La protesta se realizar\u00e1 a las 10\u2026","rel":"","context":"En \u00abSociedad\u00bb","block_context":{"text":"Sociedad","link":"https:\/\/www.24baires.com\/?cat=1"},"img":{"alt_text":"autobombas","src":"https:\/\/i0.wp.com\/www.24baires.com\/wp-content\/uploads\/2013\/09\/autobombas.png?resize=350%2C200","width":350,"height":200},"classes":[]}],"jetpack_sharing_enabled":true,"jetpack_likes_enabled":true,"_links":{"self":[{"href":"https:\/\/www.24baires.com\/index.php?rest_route=\/wp\/v2\/posts\/5003","targetHints":{"allow":["GET"]}}],"collection":[{"href":"https:\/\/www.24baires.com\/index.php?rest_route=\/wp\/v2\/posts"}],"about":[{"href":"https:\/\/www.24baires.com\/index.php?rest_route=\/wp\/v2\/types\/post"}],"author":[{"embeddable":true,"href":"https:\/\/www.24baires.com\/index.php?rest_route=\/wp\/v2\/users\/11"}],"replies":[{"embeddable":true,"href":"https:\/\/www.24baires.com\/index.php?rest_route=%2Fwp%2Fv2%2Fcomments&post=5003"}],"version-history":[{"count":3,"href":"https:\/\/www.24baires.com\/index.php?rest_route=\/wp\/v2\/posts\/5003\/revisions"}],"predecessor-version":[{"id":5007,"href":"https:\/\/www.24baires.com\/index.php?rest_route=\/wp\/v2\/posts\/5003\/revisions\/5007"}],"wp:attachment":[{"href":"https:\/\/www.24baires.com\/index.php?rest_route=%2Fwp%2Fv2%2Fmedia&parent=5003"}],"wp:term":[{"taxonomy":"category","embeddable":true,"href":"https:\/\/www.24baires.com\/index.php?rest_route=%2Fwp%2Fv2%2Fcategories&post=5003"},{"taxonomy":"post_tag","embeddable":true,"href":"https:\/\/www.24baires.com\/index.php?rest_route=%2Fwp%2Fv2%2Ftags&post=5003"}],"curies":[{"name":"wp","href":"https:\/\/api.w.org\/{rel}","templated":true}]}}