{"id":4993,"date":"2012-11-11T13:02:09","date_gmt":"2012-11-11T16:02:09","guid":{"rendered":"http:\/\/www.24baires.com\/?p=4993"},"modified":"2012-11-11T13:02:49","modified_gmt":"2012-11-11T16:02:49","slug":"1650-estudiantes-de-escuelas-tecnicas-participaron-de-las-olimpiadas-de-construcciones","status":"publish","type":"post","link":"https:\/\/www.24baires.com\/?p=4993","title":{"rendered":"Estudiantes de Escuelas T\u00e9cnicas participaron de las Olimp\u00edadas de Construcciones"},"content":{"rendered":"<p><img data-recalc-dims=\"1\" loading=\"lazy\" decoding=\"async\" class=\"aligncenter size-full wp-image-4994\" title=\"sileoni olimpiadas\" src=\"https:\/\/i0.wp.com\/www.24baires.com\/wp-content\/uploads\/2012\/11\/sileoni-olimpiadas.jpg?resize=560%2C335\" alt=\"\" width=\"560\" height=\"335\" srcset=\"https:\/\/i0.wp.com\/www.24baires.com\/wp-content\/uploads\/2012\/11\/sileoni-olimpiadas.jpg?w=560&amp;ssl=1 560w, https:\/\/i0.wp.com\/www.24baires.com\/wp-content\/uploads\/2012\/11\/sileoni-olimpiadas.jpg?resize=300%2C179&amp;ssl=1 300w\" sizes=\"auto, (max-width: 560px) 100vw, 560px\" \/><\/p>\n<p><strong>CHAPADMALAL &#8211;<\/strong> El ministro de Educaci\u00f3n, Alberto Sileoni, junto a la directora ejecutiva del Instituto Nacional de Educaci\u00f3n T\u00e9cnica, Mar\u00eda Rosa Almandoz, encabez\u00f3 la clausura y entrega de premios de las Olimp\u00edadas Nacionales de Construcciones 2012.<!--more--><br \/>\nAl celebrar la realizaci\u00f3n del certamen, que reuni\u00f3 a 1.650 alumnos del segundo ciclo de escuelas t\u00e9cnicas de la especialidad \u201cconstrucciones\u201d de Argentina, Sileoni destac\u00f3 tambi\u00e9n la importancia de seguir alentando y fortaleciendo a las instituciones educativas de esa modalidad.<br \/>\n\u201cEn este modelo de pa\u00eds productivo -en el que necesitamos m\u00e1s ingenieros, qu\u00edmicos, bi\u00f3logos, maestros mayor de obra, inform\u00e1ticos- la educaci\u00f3n t\u00e9cnico profesional juega un papel central para despertar vocaciones y aportar una base importante de conocimientos entre los potenciales estudiantes de estas disciplinas y profesiones\u201d.<br \/>\n\u201cFormamos parte de un Estado que impuls\u00f3 y acompa\u00f1\u00f3 la generaci\u00f3n de 5 millones de puestos de trabajo, la creaci\u00f3n de 140.000 PYMES, buena parte de ellas lideradas por j\u00f3venes argentinas y argentinos, y junto a todo eso ha revalorizado la Escuela T\u00e9cnica, que registr\u00f3 un incremento de su matr\u00edcula de m\u00e1s del 12 por ciento\u201d, sostuvo Sileoni.<br \/>\nEn ese sentido, precis\u00f3 que \u201ca partir de la sanci\u00f3n de la Ley T\u00e9cnico Profesional, en 2005, el gobierno nacional avanz\u00f3 en el dise\u00f1o y la implementaci\u00f3n de 7.978 Planes de Mejora destinados a profundizar la calidad educativa de la modalidad, dotando a las escuelas de insumos t\u00e9cnicos y pedag\u00f3gicos.<br \/>\nLa Ley, adem\u00e1s, permiti\u00f3 perfeccionar la capacitaci\u00f3n docente, gener\u00f3 v\u00ednculos entre las escuelas y el mundo productivo y del trabajo, y apoy\u00f3 la inserci\u00f3n de los alumnos en el mercado laboral\u201d.<br \/>\nEl ministro a\u00f1adi\u00f3 que \u201cestos planes de mejora se enmarcan dentro del aumento de la inversi\u00f3n que el Ministerio de Educaci\u00f3n Nacional destina a las escuelas t\u00e9cnicas, la cual pas\u00f3 de $6.700.00, en 2003, a $ 1.030.000.000, invertidos este a\u00f1o\u00bb.<br \/>\nEl titular de la cartera educativa nacional anticip\u00f3 que \u00abpara el a\u00f1o que viene, una vez m\u00e1s, la decisi\u00f3n de la Presidenta ha sido dotar a las escuelas t\u00e9cnicas y al sistema educativo, de un financiamiento muy importante, para que las 45.000 escuelas sigan desarrollando su tarea\u00bb.<br \/>\nLa edici\u00f3n 2012 de las Olimp\u00edadas Nacionales de Construcciones 2012 se inici\u00f3 el pasado martes 6 y los alumnos del segundo ciclo de escuelas t\u00e9cnicas de la especialidad \u201cconstrucciones\u201d de todo el pa\u00eds que participaron, asistieron acompa\u00f1ados por 170 docentes y directivos.<br \/>\nEn la modalidad individual, los estudiantes compitieron en c\u00e1lculo, instalaciones, gesti\u00f3n de obras, legislaci\u00f3n vigente, materiales de uso, construcciones sismorresistentes, realizaci\u00f3n de proyectos, instalaciones electromec\u00e1nicas, seguridad e higiene, y confecci\u00f3n de presupuestos, entre otros.<br \/>\nDe la instancia grupal participaron 22 equipos, que trabajaron durante los cuatro d\u00edas en la elaboraci\u00f3n de un proyecto, que puso en juego las capacidades adquiridas durante su formaci\u00f3n.<br \/>\nSimult\u00e1neamente se desarroll\u00f3 una muestra de 58 stands abierta al p\u00fablico y con acceso gratuito, en la que los alumnos expusieron trabajos referidos a las incumbencias m\u00e1ximas del Maestro Mayor de Obras, separados en \u201cvivienda unifamiliar con estructura de madera\u201d y \u201cvivienda multifamiliar\u201d.<\/p>\n<p>&nbsp;<\/p>\n<p>&nbsp;<\/p>\n<p>&nbsp;<\/p>\n<p>&nbsp;<\/p>\n<p>&nbsp;<\/p>\n<p>&nbsp;<\/p>\n<p>&nbsp;<\/p>\n<p>&nbsp;<\/p>\n<p>&nbsp;<\/p>\n<p>&nbsp;<\/p>\n<p>&nbsp;<\/p>\n","protected":false},"excerpt":{"rendered":"<p>CHAPADMALAL &#8211; El ministro de Educaci\u00f3n, Alberto Sileoni, junto a la directora ejecutiva del Instituto Nacional de Educaci\u00f3n T\u00e9cnica, Mar\u00eda Rosa Almandoz, encabez\u00f3 la clausura y entrega de premios de las Olimp\u00edadas Nacionales de Construcciones 2012.<\/p>\n","protected":false},"author":11,"featured_media":0,"comment_status":"open","ping_status":"open","sticky":false,"template":"","format":"standard","meta":{"_jetpack_newsletter_access":"","_jetpack_dont_email_post_to_subs":false,"_jetpack_newsletter_tier_id":0,"_jetpack_memberships_contains_paywalled_content":false,"_jetpack_memberships_contains_paid_content":false,"footnotes":""},"categories":[1],"tags":[],"class_list":["post-4993","post","type-post","status-publish","format-standard","hentry","category-sociedad"],"jetpack_featured_media_url":"","jetpack_shortlink":"https:\/\/wp.me\/p2JWE0-1ix","jetpack-related-posts":[{"id":31986,"url":"https:\/\/www.24baires.com\/?p=31986","url_meta":{"origin":4993,"position":0},"title":"\u00abNo hay educaci\u00f3n que est\u00e9 afuera de un proyecto de pa\u00eds\u00bb asegur\u00f3 Sileoni","author":"GB","date":"16\/09\/2013","format":false,"excerpt":"El ministro de Educaci\u00f3n de la Naci\u00f3n, Alberto Sileoni, asegur\u00f3 hoy que las pol\u00edticas educativas del gobierno nacional responden a \u201cun modelo popular, federal, de inclusi\u00f3n y calidad pero tambi\u00e9n de esfuerzo\u201d. \u201cNo hay educaci\u00f3n que est\u00e9 afuera de un proyecto de pa\u00eds, por eso en los `90 florecieron las\u2026","rel":"","context":"En \u00abSociedad\u00bb","block_context":{"text":"Sociedad","link":"https:\/\/www.24baires.com\/?cat=1"},"img":{"alt_text":"Sileoni en Moron","src":"https:\/\/i0.wp.com\/www.24baires.com\/wp-content\/uploads\/2013\/09\/Sileoni-en-Moron.jpg?resize=350%2C200","width":350,"height":200,"srcset":"https:\/\/i0.wp.com\/www.24baires.com\/wp-content\/uploads\/2013\/09\/Sileoni-en-Moron.jpg?resize=350%2C200 1x, https:\/\/i0.wp.com\/www.24baires.com\/wp-content\/uploads\/2013\/09\/Sileoni-en-Moron.jpg?resize=525%2C300 1.5x"},"classes":[]},{"id":45189,"url":"https:\/\/www.24baires.com\/?p=45189","url_meta":{"origin":4993,"position":1},"title":"El Intendente de Guamin\u00ed se reuni\u00f3 con el ministro Sileoni por infraestructura educativa","author":"AF","date":"03\/05\/2014","format":false,"excerpt":"En la sede del Ministerio de Educaci\u00f3n de la Naci\u00f3n, el jefe comunal de Guamin\u00ed, N\u00e9stor \u00c1lvarez particip\u00f3 del Encuentro Nacional de Infraestructura para Municipios junto al ministro de Educaci\u00f3n, Alberto Sileoni, al secretario de Educaci\u00f3n de la Naci\u00f3n, Lic. Jaime Perczyk y a la directora de Infraestructura de la\u2026","rel":"","context":"En \u00abLocales\u00bb","block_context":{"text":"Locales","link":"https:\/\/www.24baires.com\/?cat=38"},"img":{"alt_text":"sileoni guamini","src":"https:\/\/i0.wp.com\/www.24baires.com\/wp-content\/uploads\/2014\/05\/sileoni-guamini.jpg?resize=350%2C200","width":350,"height":200,"srcset":"https:\/\/i0.wp.com\/www.24baires.com\/wp-content\/uploads\/2014\/05\/sileoni-guamini.jpg?resize=350%2C200 1x, https:\/\/i0.wp.com\/www.24baires.com\/wp-content\/uploads\/2014\/05\/sileoni-guamini.jpg?resize=525%2C300 1.5x"},"classes":[]},{"id":121252,"url":"https:\/\/www.24baires.com\/?p=121252","url_meta":{"origin":4993,"position":2},"title":"\u00abHay un gobierno que desprecia la educaci\u00f3n p\u00fablica\u00bb, enfatiz\u00f3 Sileoni","author":"GB","date":"22\/04\/2024","format":false,"excerpt":"El Director de Cultura y Educaci\u00f3n bonaerense habl\u00f3 en la previa de la movilizaci\u00f3n en defensa de la educaci\u00f3n p\u00fablica y apunto contra el desprecio por parte del Gobierno Nacional. A tres d\u00edas de la masiva movilizaci\u00f3n convocada por las universidades nacionales en defensa de la educaci\u00f3n p\u00fablica, Alberto Sileoni,\u2026","rel":"","context":"En \u00abPol\u00edtica\u00bb","block_context":{"text":"Pol\u00edtica","link":"https:\/\/www.24baires.com\/?cat=51"},"img":{"alt_text":"","src":"https:\/\/i0.wp.com\/www.24baires.com\/wp-content\/uploads\/2024\/04\/sileoni.jpg.webp?resize=350%2C200","width":350,"height":200,"srcset":"https:\/\/i0.wp.com\/www.24baires.com\/wp-content\/uploads\/2024\/04\/sileoni.jpg.webp?resize=350%2C200 1x, https:\/\/i0.wp.com\/www.24baires.com\/wp-content\/uploads\/2024\/04\/sileoni.jpg.webp?resize=525%2C300 1.5x, https:\/\/i0.wp.com\/www.24baires.com\/wp-content\/uploads\/2024\/04\/sileoni.jpg.webp?resize=700%2C400 2x"},"classes":[]},{"id":120146,"url":"https:\/\/www.24baires.com\/?p=120146","url_meta":{"origin":4993,"position":3},"title":"Docentes fueron a Educaci\u00f3n con reclamos \u00aburgentes\u00bb","author":"GB","date":"02\/06\/2023","format":false,"excerpt":"El Frente de Unidad Docente Bonaerense present\u00f3 una nota en la Direcci\u00f3n General de Cultura y Educaci\u00f3n con cuatro demandas. Como lo hab\u00edan anticipado, ayer el Frente de Unidad Docente Bonaerense (FUDB) realiz\u00f3 una presentaci\u00f3n formal ante la Direcci\u00f3n General de Cultura y Educaci\u00f3n de Alberto Sileoni. Los gremios est\u00e1n\u2026","rel":"","context":"En \u00abProvincia\u00bb","block_context":{"text":"Provincia","link":"https:\/\/www.24baires.com\/?cat=40"},"img":{"alt_text":"","src":"https:\/\/i0.wp.com\/www.24baires.com\/wp-content\/uploads\/2023\/06\/fueb-docentes.webp?resize=350%2C200","width":350,"height":200,"srcset":"https:\/\/i0.wp.com\/www.24baires.com\/wp-content\/uploads\/2023\/06\/fueb-docentes.webp?resize=350%2C200 1x, https:\/\/i0.wp.com\/www.24baires.com\/wp-content\/uploads\/2023\/06\/fueb-docentes.webp?resize=525%2C300 1.5x, https:\/\/i0.wp.com\/www.24baires.com\/wp-content\/uploads\/2023\/06\/fueb-docentes.webp?resize=700%2C400 2x"},"classes":[]},{"id":19019,"url":"https:\/\/www.24baires.com\/?p=19019","url_meta":{"origin":4993,"position":4},"title":"Sileoni sugiri\u00f3 a Scioli retomar el di\u00e1logo con los docentes para que terminen los paros","author":"AF","date":"21\/03\/2013","format":false,"excerpt":"El ministro de Educaci\u00f3n de la Naci\u00f3n dijo que es hora de resolver el conflicto porque los paros en la provincia de Buenos Aires \u201cafectan los aprendizajes\". En este marco, destac\u00f3 que los recursos que el Gobierno nacional le destina a Daniel Scioli \"son muy importantes\", ya que el territorio\u2026","rel":"","context":"En \u00abSociedad\u00bb","block_context":{"text":"Sociedad","link":"https:\/\/www.24baires.com\/?cat=1"},"img":{"alt_text":"sileoni","src":"https:\/\/i0.wp.com\/www.24baires.com\/wp-content\/uploads\/2013\/02\/sileoni-300x171.jpg?resize=350%2C200","width":350,"height":200},"classes":[]},{"id":65604,"url":"https:\/\/www.24baires.com\/?p=65604","url_meta":{"origin":4993,"position":5},"title":"Sileoni entreg\u00f3 subsidios para escuelas de Hurlingham","author":"GB","date":"08\/05\/2015","format":false,"excerpt":"El Ministro de Educaci\u00f3n de la Naci\u00f3n, Alberto Sileoni, y el concejal del Frente para la Victoria Juan Zabaleta entregaron subsidios por m\u00e1s de 9 millones de pesos a escuelas primarias, t\u00e9cnicas y jardines de infantes de Hurlingham, que ser\u00e1n destinados a reparaciones y equipamiento en cada instituci\u00f3n educativa. \"Sabemos\u2026","rel":"","context":"En \u00abSociedad\u00bb","block_context":{"text":"Sociedad","link":"https:\/\/www.24baires.com\/?cat=1"},"img":{"alt_text":"sileoni hurlongham","src":"https:\/\/i0.wp.com\/www.24baires.com\/wp-content\/uploads\/2015\/05\/sileoni-hurlongham.jpg?resize=350%2C200","width":350,"height":200,"srcset":"https:\/\/i0.wp.com\/www.24baires.com\/wp-content\/uploads\/2015\/05\/sileoni-hurlongham.jpg?resize=350%2C200 1x, https:\/\/i0.wp.com\/www.24baires.com\/wp-content\/uploads\/2015\/05\/sileoni-hurlongham.jpg?resize=525%2C300 1.5x"},"classes":[]}],"jetpack_sharing_enabled":true,"jetpack_likes_enabled":true,"_links":{"self":[{"href":"https:\/\/www.24baires.com\/index.php?rest_route=\/wp\/v2\/posts\/4993","targetHints":{"allow":["GET"]}}],"collection":[{"href":"https:\/\/www.24baires.com\/index.php?rest_route=\/wp\/v2\/posts"}],"about":[{"href":"https:\/\/www.24baires.com\/index.php?rest_route=\/wp\/v2\/types\/post"}],"author":[{"embeddable":true,"href":"https:\/\/www.24baires.com\/index.php?rest_route=\/wp\/v2\/users\/11"}],"replies":[{"embeddable":true,"href":"https:\/\/www.24baires.com\/index.php?rest_route=%2Fwp%2Fv2%2Fcomments&post=4993"}],"version-history":[{"count":4,"href":"https:\/\/www.24baires.com\/index.php?rest_route=\/wp\/v2\/posts\/4993\/revisions"}],"predecessor-version":[{"id":4999,"href":"https:\/\/www.24baires.com\/index.php?rest_route=\/wp\/v2\/posts\/4993\/revisions\/4999"}],"wp:attachment":[{"href":"https:\/\/www.24baires.com\/index.php?rest_route=%2Fwp%2Fv2%2Fmedia&parent=4993"}],"wp:term":[{"taxonomy":"category","embeddable":true,"href":"https:\/\/www.24baires.com\/index.php?rest_route=%2Fwp%2Fv2%2Fcategories&post=4993"},{"taxonomy":"post_tag","embeddable":true,"href":"https:\/\/www.24baires.com\/index.php?rest_route=%2Fwp%2Fv2%2Ftags&post=4993"}],"curies":[{"name":"wp","href":"https:\/\/api.w.org\/{rel}","templated":true}]}}